{"id":5400,"date":"2025-06-20T09:10:24","date_gmt":"2025-06-20T12:10:24","guid":{"rendered":"https:\/\/www.enorsai.com\/noticias\/?p=5400"},"modified":"2025-06-20T09:10:24","modified_gmt":"2025-06-20T12:10:24","slug":"lula-desafia-a-milei-y-prepara-una-visita-historica-a-cristina-fernandez-de-kirchner","status":"publish","type":"post","link":"https:\/\/www.enorsai.com\/noticias\/politica\/lula-desafia-a-milei-y-prepara-una-visita-historica-a-cristina-fernandez-de-kirchner\/","title":{"rendered":"Lula desaf\u00eda a Milei y prepara una visita hist\u00f3rica a Cristina Fern\u00e1ndez de Kirchner"},"content":{"rendered":"\n<p>El presidente de Brasil eval\u00faa viajar a Buenos Aires en julio para reunirse con CFK en un gesto que trasciende la diplomacia y se convierte en un contundente respaldo pol\u00edtico en medio de la persecuci\u00f3n judicial y medi\u00e1tica que enfrenta la exmandataria.<\/p>\n\n\n\n<p>La visita de Lula da Silva a Cristina Fern\u00e1ndez de Kirchner amenaza con descolocar al gobierno de Javier Milei. No se trata de un mero encuentro protocolar: es un acto pol\u00edtico de alto voltaje que expone la debilidad diplom\u00e1tica del libertario, la falta de institucionalidad de su gesti\u00f3n y la proyecci\u00f3n regional que a\u00fan conserva el kirchnerismo. El contexto lo dice todo: mientras Milei dinamita los puentes con el mundo, el l\u00edder brasile\u00f1o decide cruzar la frontera para abrazar a una figura pol\u00edtica que sigue generando pasiones, odios y, sobre todo, esperanza.<\/p>\n\n\n\n<p>La escena, si se concreta, ser\u00e1 m\u00e1s que simb\u00f3lica: Luiz In\u00e1cio Lula da Silva aterrizando en Buenos Aires no para encontrarse con su par Javier Milei, sino para visitar a Cristina Fern\u00e1ndez de Kirchner. Un hecho que, en t\u00e9rminos diplom\u00e1ticos, equivale a un cachetazo con guante blanco. Una postal que incomoda al gobierno argentino, que profundiza su aislamiento internacional a fuerza de agresiones verbales, rupturas innecesarias y una peligrosa pol\u00edtica exterior guiada m\u00e1s por el odio ideol\u00f3gico que por los intereses nacionales.<\/p>\n\n\n\n<figure class=\"wp-block-embed is-type-video is-provider-youtube wp-block-embed-youtube wp-embed-aspect-16-9 wp-has-aspect-ratio\"><div class=\"wp-block-embed__wrapper\">\n<iframe loading=\"lazy\" title=\"Lula desaf\u00eda a Milei y eval\u00faa visitar a Cristina en julio\" width=\"640\" height=\"360\" src=\"https:\/\/www.youtube.com\/embed\/S_MVK1zg35w?feature=oembed\" frameborder=\"0\" allow=\"accelerometer; autoplay; clipboard-write; encrypted-media; gyroscope; picture-in-picture; web-share\" referrerpolicy=\"strict-origin-when-cross-origin\" allowfullscreen><\/iframe>\n<\/div><\/figure>\n\n\n\n<p>El mandatario brasile\u00f1o no lo niega. Su entorno lo desliza con precisi\u00f3n quir\u00fargica. Paulo Pimenta, ministro de la Secretar\u00eda de Comunicaci\u00f3n Social y hombre de extrema confianza de Lula, viaj\u00f3 esta semana a Buenos Aires y dej\u00f3 claro que la preocupaci\u00f3n del gobierno de Brasil por la situaci\u00f3n de Cristina no es simb\u00f3lica ni lejana: \u201cNuestro objetivo es verla libre\u201d. Una frase que, en contexto, cobra el peso de una declaraci\u00f3n de principios.<\/p>\n\n\n\n<p>Pimenta no vino solo a Argentina a hacer turismo. Particip\u00f3 activamente de la multitudinaria Marcha Federal Universitaria, presenci\u00f3 de primera mano la movilizaci\u00f3n popular en defensa de la universidad p\u00fablica, y no escatim\u00f3 elogios: \u201cEstoy impresionado con la fuerza del pueblo argentino en las calles\u201d, declar\u00f3. La lectura es clara: mientras Milei se jacta de recortar presupuestos y atacar la educaci\u00f3n p\u00fablica, desde Brasil se observa, se toma nota y se elige un bando.<\/p>\n\n\n\n<p>La tensi\u00f3n no es nueva. Lula y Milei est\u00e1n en las ant\u00edpodas ideol\u00f3gicas, pero lo que era una rivalidad pol\u00edtica ahora amenaza con convertirse en un conflicto diplom\u00e1tico sin precedentes. El presidente argentino ha dedicado tiempo y energ\u00eda a agraviar p\u00fablicamente a su par brasile\u00f1o. Lo llam\u00f3 \u201ccomunista corrupto\u201d, neg\u00f3 toda posibilidad de reunirse con \u00e9l e incluso vet\u00f3 su presencia en la ceremonia de asunci\u00f3n presidencial. Un desaire sin antecedentes, que no fue olvidado en Brasilia.<\/p>\n\n\n\n<p>En este escenario, la eventual visita de Lula a CFK en julio \u2014coincidiendo con el cumplea\u00f1os de la exmandataria o con el D\u00eda de la Amistad Argentino-Brasile\u00f1a, el 20 de julio\u2014 tendr\u00eda un valor pol\u00edtico inconmensurable. No s\u00f3lo ser\u00eda una muestra de respaldo personal: tambi\u00e9n constituir\u00eda una toma de posici\u00f3n internacional frente a la creciente persecuci\u00f3n judicial que sufre Cristina, una situaci\u00f3n que Lula conoce en carne propia. \u00c9l mismo estuvo preso 580 d\u00edas por una causa judicial que, a\u00f1os despu\u00e9s, fue desmantelada y expuesta como parte de una estrategia pol\u00edtica de la derecha brasile\u00f1a.<\/p>\n\n\n\n<p>La analog\u00eda no es caprichosa. Lula sobrevivi\u00f3 al lawfare y regres\u00f3 al poder con el apoyo de millones. Cristina, aunque sin cargos ni campa\u00f1a, mantiene una centralidad pol\u00edtica que molesta a los libertarios, incomoda a la derecha y desvela a los estrategas del poder econ\u00f3mico concentrado. Su figura \u2014vilipendiada por los grandes medios, acosada por sectores del Poder Judicial, marginada del esquema institucional por decisi\u00f3n del oficialismo\u2014 conserva una potencia simb\u00f3lica que cruza fronteras.<\/p>\n\n\n\n<p>Desde el oficialismo, la sola posibilidad de que Lula pise suelo argentino para abrazar a CFK es vista como una provocaci\u00f3n. Pero en realidad, es una se\u00f1al: el kirchnerismo sigue siendo un actor central en el tablero pol\u00edtico regional. A\u00fan sin poder formal, a\u00fan sin presidencia ni gobernaciones, Cristina representa una corriente de pensamiento, una \u00e9pica y un modelo de pa\u00eds que sigue interpelando a millones, en la Argentina y m\u00e1s all\u00e1.<\/p>\n\n\n\n<p>El gobierno de Milei, por el contrario, parece cada vez m\u00e1s encapsulado en su propio relato. Aislado en el plano internacional, con conflictos abiertos con Espa\u00f1a, M\u00e9xico, Colombia y Brasil, sin alianzas estrat\u00e9gicas reales y apostando todo al eje con Estados Unidos e Israel, el oficialismo parece repetir los errores de un nacionalismo cerrado, pero con el agravante de una impronta destructiva. En este contexto, cada visita, cada declaraci\u00f3n, cada gesto de un mandatario extranjero cobra relevancia.<\/p>\n\n\n\n<p>La confirmaci\u00f3n o no de la visita de Lula se dar\u00e1 en las pr\u00f3ximas semanas. Pero m\u00e1s all\u00e1 del viaje en s\u00ed, el mensaje ya fue enviado. Brasil no es neutral ante lo que ocurre en Argentina. Lula no se alinea con Milei, y menos a\u00fan con quienes promueven el vaciamiento del Estado, la entrega de los recursos naturales y la criminalizaci\u00f3n de la oposici\u00f3n. Su cercan\u00eda con CFK no es protocolar: es ideol\u00f3gica, pol\u00edtica y humana.<\/p>\n\n\n\n<p>\u201cElla fue una gran presidenta, una mujer valiente que resisti\u00f3 como pocas\u201d, dijo Lula en m\u00e1s de una oportunidad. Ahora, todo indica que est\u00e1 dispuesto a demostrarlo una vez m\u00e1s, con hechos y no s\u00f3lo con palabras.<\/p>\n\n\n\n<p>Mientras tanto, la oposici\u00f3n en Argentina observa con atenci\u00f3n. Porque lo que parec\u00eda una escena de archivo \u2014el peronismo golpeado, Cristina arrinconada, el poder en manos del mercado\u2014 podr\u00eda estar cambiando. El regreso del pueblo a las calles, la reactivaci\u00f3n de los movimientos sociales, las se\u00f1ales de solidaridad internacional y, sobre todo, la posibilidad de que Lula cruce la cordillera para abrazar a su amiga y aliada pol\u00edtica, marcan un nuevo tiempo.<\/p>\n\n\n\n<p>La historia, como siempre, se mueve. Y algunos ya est\u00e1n quedando del lado equivocado.<\/p>\n\n\n\n<p><strong>FUENTES :<\/strong><\/p>\n\n\n\n<ol class=\"wp-block-list\">\n<li><a href=\"https:\/\/www.lapoliticaonline.com\/politica\/lula-desafia-a-milei-y-evalua-visitar-a-cristina-en-julio\/\">https:\/\/www.lapoliticaonline.com\/politica\/lula-desafia-a-milei-y-evalua-visitar-a-cristina-en-julio\/<\/a><\/li>\n\n\n\n<li><a href=\"https:\/\/www.pagina12.com.ar\/834950-nuestro-objetivo-es-ver-a-cristina-libre\">https:\/\/www.pagina12.com.ar\/834950-nuestro-objetivo-es-ver-a-cristina-libre<\/a><\/li>\n\n\n\n<li><a href=\"https:\/\/radio.unr.edu.ar\/2025\/06\/19\/paulo-pimenta-estoy-impresionado-con-la-fuerza-de-la-movilizacion-del-pueblo-argentino\/\">https:\/\/radio.unr.edu.ar\/2025\/06\/19\/paulo-pimenta-estoy-impresionado-con-la-fuerza-de-la-movilizacion-del-pueblo-argentino\/<\/a><\/li>\n<\/ol>\n","protected":false},"excerpt":{"rendered":"<p>La posible visita de Lula a Cristina Fern\u00e1ndez de Kirchner no es solo un gesto de amistad: es un desaf\u00edo abierto al gobierno de Milei y un potente mensaje pol\u00edtico desde Brasil. Con el respaldo popular en las calles y el lawfare como tel\u00f3n de fondo, el tablero regional comienza a reconfigurarse.<\/p>\n","protected":false},"author":1,"featured_media":5401,"comment_status":"open","ping_status":"open","sticky":false,"template":"","format":"standard","meta":{"_monsterinsights_skip_tracking":false,"_monsterinsights_sitenote_active":false,"_monsterinsights_sitenote_note":"","_monsterinsights_sitenote_category":0,"footnotes":"","jetpack_publicize_message":"\ud83d\udd25 Lula se planta frente a Milei y planea visitar a Cristina en Buenos Aires. Una jugada que sacude la pol\u00edtica regional y expone el aislamiento del gobierno libertario. \u00bfSe viene una nueva ola latinoamericana? Le\u00e9 la nota completa y compart\u00ed tu opini\u00f3n. \u270a\ud83c\udf0e #CristinaLibre #LulaPresente","jetpack_publicize_feature_enabled":true,"jetpack_social_post_already_shared":false,"jetpack_social_options":{"image_generator_settings":{"template":"highway","default_image_id":0,"enabled":false},"version":2}},"categories":[2],"tags":[93,1680,87,674,1228,234,1627,45,267,72],"class_list":["post-5400","post","type-post","status-publish","format-standard","has-post-thumbnail","hentry","category-politica","tag-argentina","tag-brasil","tag-cristina","tag-diplomacia","tag-kirchnerismo","tag-lawfare","tag-lula","tag-milei","tag-persecucion","tag-politica"],"jetpack_publicize_connections":[],"_links":{"self":[{"href":"https:\/\/www.enorsai.com\/noticias\/wp-json\/wp\/v2\/posts\/5400","targetHints":{"allow":["GET"]}}],"collection":[{"href":"https:\/\/www.enorsai.com\/noticias\/wp-json\/wp\/v2\/posts"}],"about":[{"href":"https:\/\/www.enorsai.com\/noticias\/wp-json\/wp\/v2\/types\/post"}],"author":[{"embeddable":true,"href":"https:\/\/www.enorsai.com\/noticias\/wp-json\/wp\/v2\/users\/1"}],"replies":[{"embeddable":true,"href":"https:\/\/www.enorsai.com\/noticias\/wp-json\/wp\/v2\/comments?post=5400"}],"version-history":[{"count":1,"href":"https:\/\/www.enorsai.com\/noticias\/wp-json\/wp\/v2\/posts\/5400\/revisions"}],"predecessor-version":[{"id":5402,"href":"https:\/\/www.enorsai.com\/noticias\/wp-json\/wp\/v2\/posts\/5400\/revisions\/5402"}],"wp:featuredmedia":[{"embeddable":true,"href":"https:\/\/www.enorsai.com\/noticias\/wp-json\/wp\/v2\/media\/5401"}],"wp:attachment":[{"href":"https:\/\/www.enorsai.com\/noticias\/wp-json\/wp\/v2\/media?parent=5400"}],"wp:term":[{"taxonomy":"category","embeddable":true,"href":"https:\/\/www.enorsai.com\/noticias\/wp-json\/wp\/v2\/categories?post=5400"},{"taxonomy":"post_tag","embeddable":true,"href":"https:\/\/www.enorsai.com\/noticias\/wp-json\/wp\/v2\/tags?post=5400"}],"curies":[{"name":"wp","href":"https:\/\/api.w.org\/{rel}","templated":true}]}}