{"id":5389,"date":"2025-06-20T08:23:09","date_gmt":"2025-06-20T11:23:09","guid":{"rendered":"http:\/\/www.enorsai.com\/noticias\/?p=5389"},"modified":"2025-06-20T08:23:09","modified_gmt":"2025-06-20T11:23:09","slug":"la-planta-de-scania-paraliza-su-produccion-como-consecuencia-del-brutal-ajuste-la-caida-del-consumo-y-la-desindustrializacion-acelerada","status":"publish","type":"post","link":"https:\/\/www.enorsai.com\/noticias\/economia\/la-planta-de-scania-paraliza-su-produccion-como-consecuencia-del-brutal-ajuste-la-caida-del-consumo-y-la-desindustrializacion-acelerada\/","title":{"rendered":"La planta de Scania paraliza su producci\u00f3n como consecuencia del brutal ajuste, la ca\u00edda del consumo y la desindustrializaci\u00f3n acelerada"},"content":{"rendered":"\n<p><strong>Scania frena motores en Tucum\u00e1n: una se\u00f1al de alerta en la Argentina de Milei<\/strong>. <strong>La decisi\u00f3n de la automotriz sueca Scania de suspender temporalmente la producci\u00f3n en su planta de Colombres, Tucum\u00e1n, se suma a una cadena de se\u00f1ales inquietantes para la industria argentina. Mientras el Gobierno de Javier Milei celebra el \u201cd\u00e9ficit cero\u201d, las f\u00e1bricas se apagan, el empleo tambalea y el modelo productivo nacional sufre una hemorragia silenciosa.<\/strong><\/p>\n\n\n\n<p>En un pa\u00eds donde se festejan los n\u00fameros de Wall Street mientras las l\u00edneas de montaje se detienen, la reciente paralizaci\u00f3n de la planta de Scania en Tucum\u00e1n adquiere una relevancia que trasciende lo estrictamente empresarial. No es s\u00f3lo una pausa de siete d\u00edas: es el s\u00edntoma evidente de un modelo que aprieta la industria, aplasta el mercado interno y deja en estado de agon\u00eda a las econom\u00edas regionales.<\/p>\n\n\n\n<p>Scania, uno de los principales fabricantes de componentes para camiones pesados y motores industriales, anunci\u00f3 el pasado lunes la suspensi\u00f3n de sus actividades en la planta ubicada en la localidad de Colombres, departamento Cruz Alta, a tan solo 20 kil\u00f3metros de San Miguel de Tucum\u00e1n. La raz\u00f3n oficial: una ca\u00edda en la demanda global que obliga a ajustar los niveles de producci\u00f3n. Pero el comunicado, cuidadoso en las formas, no puede tapar el ruido de fondo que retumba en todo el sector industrial argentino.<\/p>\n\n\n\n<p>La empresa aclar\u00f3 que esta interrupci\u00f3n ser\u00e1 solo por una semana, desde el 17 hasta el 21 de junio. Sin embargo, el hecho es suficientemente contundente como para encender todas las alarmas. M\u00e1s de 700 empleados directos \u2014sin contar proveedores, contratistas y empleos indirectos\u2014 ven c\u00f3mo se apagan las luces de una planta que, hasta hace pocos a\u00f1os, era emblema de eficiencia y crecimiento en el norte argentino.<\/p>\n\n\n\n<p>Seg\u00fan confirm\u00f3 Scania, la paralizaci\u00f3n responde a una \u201creadecuaci\u00f3n de stock y producci\u00f3n\u201d debido a una merma en los pedidos del exterior. Lo que no se dice, pero salta a la vista, es que este contexto adverso se ve amplificado por una pol\u00edtica econ\u00f3mica nacional que parece dise\u00f1ada para desmontar, pieza por pieza, el andamiaje productivo del pa\u00eds.<\/p>\n\n\n\n<p>En su comunicado, la firma sueca asegur\u00f3 que esta medida \u201cno impacta en las fuentes de trabajo\u201d y que se respetar\u00e1n las condiciones laborales de sus operarios. A primera vista, parece un alivio. Pero si se mira m\u00e1s all\u00e1 de los titulares, se percibe un patr\u00f3n preocupante: ya no se trata de cierres definitivos ni despidos masivos, sino de un goteo constante de recortes, suspensiones, parates productivos y anuncios que, en su acumulaci\u00f3n, pintan un panorama de deterioro industrial.<\/p>\n\n\n\n<p>En este contexto, la planta tucumana de Scania no es una excepci\u00f3n, sino un eslab\u00f3n m\u00e1s en una cadena que se extiende por todo el pa\u00eds. Empresas del sector automotor, metal\u00fargico, textil, alimenticio y qu\u00edmico reportan ca\u00eddas en ventas, aumentos en costos, dificultad para importar insumos y desplome en la demanda interna. Nissan, por ejemplo, acaba de anunciar que introducir\u00e1 en el mercado argentino un nuevo modelo de SUV, el Kicks, pero lo traer\u00e1 desde Brasil. Otra oportunidad perdida para la industria nacional, otra se\u00f1al de que fabricar en Argentina ya no es rentable bajo las reglas de este gobierno.<\/p>\n\n\n\n<p>El Gobierno de Javier Milei ha optado por una pol\u00edtica econ\u00f3mica basada en el dogma del \u201cshock\u201d: licuaci\u00f3n del gasto p\u00fablico, apertura indiscriminada de importaciones, destrucci\u00f3n del salario real y nula defensa del tejido productivo local. Bajo el discurso de la \u201clibertad de mercado\u201d, lo que se aplica en los hechos es una terapia de desindustrializaci\u00f3n acelerada, que castiga a las pymes, favorece la primarizaci\u00f3n de la econom\u00eda y margina a las regiones m\u00e1s alejadas del AMBA.<\/p>\n\n\n\n<p>Tucum\u00e1n es un ejemplo claro de esta tendencia. Una provincia hist\u00f3ricamente postergada, que hab\u00eda encontrado en polos industriales como Scania una v\u00eda para el desarrollo, vuelve a sentir el golpe de un modelo que prioriza las finanzas sobre la producci\u00f3n. En los \u00faltimos seis meses, el freno a la obra p\u00fablica, el congelamiento de salarios estatales, la ca\u00edda del consumo y la falta de inversi\u00f3n han deteriorado el panorama econ\u00f3mico provincial. Y mientras el ministro Caputo se muestra euf\u00f3rico en conferencias internacionales por lograr super\u00e1vits fiscales, las f\u00e1bricas detienen su actividad y los trabajadores se quedan en sus casas, mirando el techo.<\/p>\n\n\n\n<p>La paradoja es brutal: la Argentina \u201clibertaria\u201d que promete crecimiento y modernizaci\u00f3n produce, en la pr\u00e1ctica, cierres, desempleo y fuga de inversiones. Scania, que exporta el 100% de su producci\u00f3n de cajas de cambio y componentes a mercados exigentes como Europa y Asia, era una rareza en el mapa industrial del pa\u00eds. Su eficiencia, sus est\u00e1ndares de calidad y su integraci\u00f3n vertical eran motivo de orgullo. Pero ni siquiera eso bast\u00f3 para resistir la tormenta.<\/p>\n\n\n\n<p>No es la primera vez que la planta paraliza su producci\u00f3n de manera temporal. En febrero tambi\u00e9n se tom\u00f3 una decisi\u00f3n similar, y en aquel momento se dijo que era \u201cpor ajustes t\u00e9cnicos\u201d. Pero la repetici\u00f3n de estas medidas, en tan corto tiempo, evidencia que el problema ya no es puntual. Es estructural. Es pol\u00edtico. Es consecuencia directa de un modelo que castiga a quienes generan valor agregado, empleo de calidad y arraigo territorial.<\/p>\n\n\n\n<p>\u00bfY cu\u00e1l es la respuesta del Gobierno nacional? Silencio o euforia burs\u00e1til. Mientras el Banco Central acumula reservas a costa del hambre del mercado interno, la industria se achica. Mientras se celebra una inflaci\u00f3n en baja gracias a una recesi\u00f3n galopante, se destruyen empleos y se consolidan desigualdades. Y mientras se demoniza al \u201cEstado presente\u201d, se deja al pa\u00eds sin herramientas para enfrentar la volatilidad global y los vaivenes de los mercados internacionales.<\/p>\n\n\n\n<p>La situaci\u00f3n de Scania Tucum\u00e1n deber\u00eda ser, al menos, un llamado de atenci\u00f3n. No solo para el gobierno, que parece ciego ante la destrucci\u00f3n productiva, sino tambi\u00e9n para la sociedad en su conjunto. Porque sin industria, sin empleo, sin pymes, sin ciencia ni tecnolog\u00eda, no hay futuro posible. Y lo que hoy se paraliza por una semana, ma\u00f1ana puede cerrarse por tiempo indefinido.<\/p>\n\n\n\n<p>La esperanza no alcanza cuando el modelo econ\u00f3mico va en direcci\u00f3n contraria a la producci\u00f3n nacional. Y lo que pasa en Colombres es apenas una muestra del profundo da\u00f1o que se est\u00e1 gestando bajo el r\u00f3tulo de \u201clibertad\u201d. Una libertad que, parad\u00f3jicamente, deja cada vez menos opciones a quienes quieren trabajar, producir y vivir en este pa\u00eds.<\/p>\n\n\n\n<p>Fuentes:<\/p>\n\n\n\n<ul class=\"wp-block-list\">\n<li><a href=\"https:\/\/www.lapoliticaonline.com\/economia\/scania-suspendio-la-produccion-de-la-planta-de-tucuman-y-nissan-anuncia-que-trae-un-modelo-fabricado-en-brasil\/\n\n\nhttps:\/\/www.lagaceta.com.ar\/nota\/1088409\/economia\/scania-paralizo-produccion-planta-tucuman-caida-demanda-global.html\n\n\nhttps:\/\/www.losprimeros.tv\/economia\/scania-tucuman-emitio-un-comunicado-tras-frenar-la-produccion-durante-esta-semana_a6853404b76df48015f92835a\n\n\nhttps:\/\/www.contextotucuman.com\/nota\/351139\/la-planta-de-scania-en-tucuman-frena-la-produccion-una-semana.html\">https:\/\/www.lapoliticaonline.com\/economia\/scania-suspendio-la-produccion-de-la-planta-de-tucuman-y-nissan-anuncia-que-trae-un-modelo-fabricado-en-brasil\/ <\/a><\/li>\n\n\n\n<li><a href=\"https:\/\/www.lapoliticaonline.com\/economia\/scania-suspendio-la-produccion-de-la-planta-de-tucuman-y-nissan-anuncia-que-trae-un-modelo-fabricado-en-brasil\/\n\n\nhttps:\/\/www.lagaceta.com.ar\/nota\/1088409\/economia\/scania-paralizo-produccion-planta-tucuman-caida-demanda-global.html\n\n\nhttps:\/\/www.losprimeros.tv\/economia\/scania-tucuman-emitio-un-comunicado-tras-frenar-la-produccion-durante-esta-semana_a6853404b76df48015f92835a\n\n\nhttps:\/\/www.contextotucuman.com\/nota\/351139\/la-planta-de-scania-en-tucuman-frena-la-produccion-una-semana.html\">https:\/\/www.lagaceta.com.ar\/nota\/1088409\/economia\/scania-paralizo-produccion-planta-tucuman-caida-demanda-global.html<\/a><\/li>\n\n\n\n<li><a href=\"https:\/\/www.lapoliticaonline.com\/economia\/scania-suspendio-la-produccion-de-la-planta-de-tucuman-y-nissan-anuncia-que-trae-un-modelo-fabricado-en-brasil\/\n\n\nhttps:\/\/www.lagaceta.com.ar\/nota\/1088409\/economia\/scania-paralizo-produccion-planta-tucuman-caida-demanda-global.html\n\n\nhttps:\/\/www.losprimeros.tv\/economia\/scania-tucuman-emitio-un-comunicado-tras-frenar-la-produccion-durante-esta-semana_a6853404b76df48015f92835a\n\n\nhttps:\/\/www.contextotucuman.com\/nota\/351139\/la-planta-de-scania-en-tucuman-frena-la-produccion-una-semana.html\">https:\/\/www.losprimeros.tv\/economia\/scania-tucuman-emitio-un-comunicado-tras-frenar-la-produccion-durante-esta-semana_a6853404b76df48015f92835a<\/a><\/li>\n\n\n\n<li><a href=\"https:\/\/www.lapoliticaonline.com\/economia\/scania-suspendio-la-produccion-de-la-planta-de-tucuman-y-nissan-anuncia-que-trae-un-modelo-fabricado-en-brasil\/\n\n\nhttps:\/\/www.lagaceta.com.ar\/nota\/1088409\/economia\/scania-paralizo-produccion-planta-tucuman-caida-demanda-global.html\n\n\nhttps:\/\/www.losprimeros.tv\/economia\/scania-tucuman-emitio-un-comunicado-tras-frenar-la-produccion-durante-esta-semana_a6853404b76df48015f92835a\n\n\nhttps:\/\/www.contextotucuman.com\/nota\/351139\/la-planta-de-scania-en-tucuman-frena-la-produccion-una-semana.html\">https:\/\/www.contextotucuman.com\/nota\/351139\/la-planta-de-scania-en-tucuman-frena-la-produccion-una-semana.html<\/a><\/li>\n<\/ul>\n","protected":false},"excerpt":{"rendered":"<p>Scania paraliz\u00f3 por una semana su planta en Tucum\u00e1n por ca\u00edda en la demanda global, pero la medida expone una crisis m\u00e1s profunda. El ajuste libertario, la destrucci\u00f3n del mercado interno y la falta de pol\u00edticas industriales est\u00e1n dejando al pa\u00eds sin motores. La industria nacional, en jaque bajo Milei.<\/p>\n","protected":false},"author":9,"featured_media":5390,"comment_status":"open","ping_status":"open","sticky":false,"template":"","format":"standard","meta":{"_monsterinsights_skip_tracking":false,"_monsterinsights_sitenote_active":false,"_monsterinsights_sitenote_note":"","_monsterinsights_sitenote_category":0,"footnotes":"","jetpack_publicize_message":"\ud83d\udea8 Scania frena motores en Tucum\u00e1n y deja al descubierto las grietas del modelo de Milei. Ajuste, recesi\u00f3n y par\u00e1lisis industrial golpean al norte argentino. \u00bfHasta cu\u00e1ndo resistir\u00e1 el pa\u00eds productivo? \ud83d\udca5 Lee el an\u00e1lisis completo y compartilo. La desindustrializaci\u00f3n no se tapa con slogans. #Industr","jetpack_publicize_feature_enabled":true,"jetpack_social_post_already_shared":false,"jetpack_social_options":{"image_generator_settings":{"template":"highway","default_image_id":0,"enabled":false},"version":2}},"categories":[3],"tags":[58,205,1673,15,32,29,45,101,1671,1672],"class_list":["post-5389","post","type-post","status-publish","format-standard","has-post-thumbnail","hentry","category-economia","tag-ajuste","tag-automotriz","tag-desindustrializacion","tag-economia","tag-empleo","tag-industria","tag-milei","tag-recesion","tag-scania","tag-tucuman"],"jetpack_publicize_connections":[],"_links":{"self":[{"href":"https:\/\/www.enorsai.com\/noticias\/wp-json\/wp\/v2\/posts\/5389","targetHints":{"allow":["GET"]}}],"collection":[{"href":"https:\/\/www.enorsai.com\/noticias\/wp-json\/wp\/v2\/posts"}],"about":[{"href":"https:\/\/www.enorsai.com\/noticias\/wp-json\/wp\/v2\/types\/post"}],"author":[{"embeddable":true,"href":"https:\/\/www.enorsai.com\/noticias\/wp-json\/wp\/v2\/users\/9"}],"replies":[{"embeddable":true,"href":"https:\/\/www.enorsai.com\/noticias\/wp-json\/wp\/v2\/comments?post=5389"}],"version-history":[{"count":1,"href":"https:\/\/www.enorsai.com\/noticias\/wp-json\/wp\/v2\/posts\/5389\/revisions"}],"predecessor-version":[{"id":5391,"href":"https:\/\/www.enorsai.com\/noticias\/wp-json\/wp\/v2\/posts\/5389\/revisions\/5391"}],"wp:featuredmedia":[{"embeddable":true,"href":"https:\/\/www.enorsai.com\/noticias\/wp-json\/wp\/v2\/media\/5390"}],"wp:attachment":[{"href":"https:\/\/www.enorsai.com\/noticias\/wp-json\/wp\/v2\/media?parent=5389"}],"wp:term":[{"taxonomy":"category","embeddable":true,"href":"https:\/\/www.enorsai.com\/noticias\/wp-json\/wp\/v2\/categories?post=5389"},{"taxonomy":"post_tag","embeddable":true,"href":"https:\/\/www.enorsai.com\/noticias\/wp-json\/wp\/v2\/tags?post=5389"}],"curies":[{"name":"wp","href":"https:\/\/api.w.org\/{rel}","templated":true}]}}