{"id":5386,"date":"2025-06-20T08:06:09","date_gmt":"2025-06-20T11:06:09","guid":{"rendered":"http:\/\/www.enorsai.com\/noticias\/?p=5386"},"modified":"2025-06-20T13:51:24","modified_gmt":"2025-06-20T16:51:24","slug":"la-justicia-autorizo-las-salidas-de-cfk-al-balcon-y-el-gesto-desato-una-reaccion-furibunda-del-sector-mediatico-judicial-del-oficialismo-libertario","status":"publish","type":"post","link":"https:\/\/www.enorsai.com\/noticias\/politica\/la-justicia-autorizo-las-salidas-de-cfk-al-balcon-y-el-gesto-desato-una-reaccion-furibunda-del-sector-mediatico-judicial-del-oficialismo-libertario\/","title":{"rendered":"La Justicia autoriz\u00f3 las salidas de CFK al balc\u00f3n y el gesto desat\u00f3 una reacci\u00f3n furibunda del sector medi\u00e1tico, judicial del oficialismo libertario"},"content":{"rendered":"\n<p>Mientras Javier Milei se encierra entre trolls, algoritmos y blindajes policiales, Cristina volvi\u00f3 a respirar el calor del pueblo desde el lugar que supo convertirse en emblema de resistencia y m\u00edstica pol\u00edtica. La escena, lejos de ser un mero gesto dom\u00e9stico, fue interpretada como un mensaje directo al poder real y una provocaci\u00f3n para los operadores judiciales que a\u00fan la acechan.<\/p>\n\n\n\n<p>Una figura asoma entre los pliegues de una cortina. Se abre una ventana. Se corre el toldo. Y entonces, como en una escena repetida por la historia pero cargada de presente, Cristina Fern\u00e1ndez de Kirchner se muestra una vez m\u00e1s desde el balc\u00f3n de su casa en Juncal y Uruguay. No dijo palabra. No agit\u00f3 ninguna bandera. No levant\u00f3 el pu\u00f1o. Solo apareci\u00f3. Pero eso fue suficiente para detonar una nueva ola de histeria entre los voceros del r\u00e9gimen libertario que la quieren callada, sumisa, borrada de la historia y, si es posible, de la escena p\u00fablica.<\/p>\n\n\n\n<p>El dato que dispar\u00f3 el revuelo vino del fuero judicial. El juez del Tribunal Oral Federal 2, Rodrigo Gim\u00e9nez Uriburu, firm\u00f3 una resoluci\u00f3n autorizando a la expresidenta a \u201chacer uso del balc\u00f3n de su domicilio\u201d durante el cumplimiento de su prisi\u00f3n domiciliaria, dictada en el marco de la causa conocida como \u201cVialidad\u201d. Un fallo que parece menor desde lo legal, pero que desbord\u00f3 de contenido simb\u00f3lico apenas la exmandataria pis\u00f3 el umbral de ese espacio que ya es parte de la iconograf\u00eda peronista.<\/p>\n\n\n\n<figure class=\"wp-block-embed is-type-rich is-provider-twitter wp-block-embed-twitter\"><div class=\"wp-block-embed__wrapper\">\n<blockquote class=\"twitter-tweet\" data-width=\"550\" data-dnt=\"true\"><p lang=\"es\" dir=\"ltr\">Con la m\u00fasica indicada es cine \ud83d\udeac <a href=\"https:\/\/t.co\/IgX07Xz80Z\">pic.twitter.com\/IgX07Xz80Z<\/a><\/p>&mdash; Alto Candombe \ud83c\udf5f\ud83e\udd66\ud83c\udf5f (@altocandombe) <a href=\"https:\/\/twitter.com\/altocandombe\/status\/1935851204447551695?ref_src=twsrc%5Etfw\">June 20, 2025<\/a><\/blockquote><script async src=\"https:\/\/platform.twitter.com\/widgets.js\" charset=\"utf-8\"><\/script>\n<\/div><\/figure>\n\n\n\n<p>La escena fue tan sencilla como demoledora. Cristina, envuelta en un conjunto blanco, con el cabello suelto y una sonrisa leve, sali\u00f3 unos segundos al balc\u00f3n en la noche del 19 de junio. Fue suficiente. En minutos, las redes estallaron. Los canales de noticias interrumpieron sus transmisiones para \u201canalizar\u201d el suceso como si se tratara de una declaraci\u00f3n de guerra. Y los periodistas \u00abensobrados\u00bb, esos que suelen repetir el gui\u00f3n oficial sin rubor, entraron en estado de p\u00e1nico esc\u00e9nico.<\/p>\n\n\n\n<p>No fue una aparici\u00f3n espont\u00e1nea. La decisi\u00f3n del tribunal fue motivada por un pedido formal de sus abogados, en l\u00ednea con las garant\u00edas m\u00ednimas de cualquier r\u00e9gimen de detenci\u00f3n domiciliaria. Sin embargo, en la Argentina de Milei \u2014donde los derechos son privilegios y la ley es un instrumento de castigo selectivo\u2014, todo lo que rodea a Cristina se convierte en espect\u00e1culo y en amenaza para quienes gobiernan con el odio como combustible.<\/p>\n\n\n\n<p>La postal de Cristina en el balc\u00f3n no es una simple an\u00e9cdota. Es una relectura del pasado reciente y un anclaje firme en la actualidad. Porque ese balc\u00f3n no es cualquiera: es el mismo desde donde salud\u00f3 a la militancia en los d\u00edas m\u00e1s tensos del lawfare. El mismo que se convirti\u00f3 en santuario improvisado cuando las vallas, la represi\u00f3n y el atentado fallido intentaron silenciar a una de las figuras m\u00e1s trascendentes de la democracia argentina.<\/p>\n\n\n\n<figure class=\"wp-block-embed is-type-rich is-provider-twitter wp-block-embed-twitter\"><div class=\"wp-block-embed__wrapper\">\n<blockquote class=\"twitter-tweet\" data-width=\"550\" data-dnt=\"true\"><p lang=\"es\" dir=\"ltr\">AHORA | Cristina sali\u00f3 al balc\u00f3n y cant\u00f3 \u201cVamos a volver\u201d. \u2764\ufe0f<a href=\"https:\/\/twitter.com\/hashtag\/ArgentinaConCristina?src=hash&amp;ref_src=twsrc%5Etfw\">#ArgentinaConCristina<\/a> <a href=\"https:\/\/twitter.com\/hashtag\/CristinaLibre?src=hash&amp;ref_src=twsrc%5Etfw\">#CristinaLibre<\/a> <a href=\"https:\/\/t.co\/YV6p4Vdd6h\">pic.twitter.com\/YV6p4Vdd6h<\/a><\/p>&mdash; Cristina Capitana (@capitana_cfk) <a href=\"https:\/\/twitter.com\/capitana_cfk\/status\/1935835086517420394?ref_src=twsrc%5Etfw\">June 19, 2025<\/a><\/blockquote><script async src=\"https:\/\/platform.twitter.com\/widgets.js\" charset=\"utf-8\"><\/script>\n<\/div><\/figure>\n\n\n\n<p>Que haya vuelto a aparecer ah\u00ed, luego de meses de ataques medi\u00e1ticos, operaciones judiciales y un cerco pol\u00edtico que busca desterrarla del imaginario colectivo, es un acto de enorme valent\u00eda. Es, tambi\u00e9n, una provocaci\u00f3n para el poder. Pero no una provocaci\u00f3n gratuita, sino una interpelaci\u00f3n directa: ac\u00e1 estoy, siguen sin poder conmigo.<\/p>\n\n\n\n<p>En el contexto de un pa\u00eds devastado por la motosierra de Milei, con universidades desfinanciadas, jubilados empobrecidos y la represi\u00f3n como pol\u00edtica de Estado, la imagen de Cristina en el balc\u00f3n irrumpe como un chispazo de humanidad, una grieta luminosa en medio del oscurantismo libertario. Porque mientras el presidente juega a ser influencer y se pelea con caricaturas de cart\u00f3n en Twitter, una dirigente real le recuerda al pueblo que la pol\u00edtica tambi\u00e9n es cuerpo, presencia, mirada.<\/p>\n\n\n\n<p>Y si alguien cre\u00eda que la figura de CFK estaba desgastada o apagada, se equivoc\u00f3. El revuelo provocado por su breve aparici\u00f3n demuestra que su potencia simb\u00f3lica sigue intacta. La necesitan silenciada porque su voz resuena en millones. La persiguen judicialmente porque sus ideas siguen organizando esperanza. La reducen a caricatura porque saben que, a\u00fan sin cargo, Cristina es una referencia inevitable de la pol\u00edtica nacional.<\/p>\n\n\n\n<p>Claro que no todos reaccionaron con entusiasmo. Desde algunos medios se intent\u00f3 ridiculizar la situaci\u00f3n, hablando de \u201cprivilegios\u201d o \u201cmaniobras\u201d para victimizarse. Otros, con tono seudojur\u00eddico, plantearon que su aparici\u00f3n en el balc\u00f3n pon\u00eda en jaque los t\u00e9rminos de su prisi\u00f3n domiciliaria. Una paranoia tan forzada que solo revela el temor profundo que a\u00fan despierta su figura en los sectores de poder.<\/p>\n\n\n\n<p>Y es que el lawfare, en su versi\u00f3n m\u00e1s burda, nunca se trat\u00f3 solo de procesos judiciales. Fue, y es, un mecanismo para disciplinar pol\u00edticamente. Un dispositivo para construir sentido com\u00fan en base al escarnio. Pero como toda estrategia autoritaria, el lawfare fracasa cuando el pueblo sigue reconociendo a sus l\u00edderes m\u00e1s all\u00e1 de lo que diga un fallo escrito a medida.<\/p>\n\n\n\n<p>La aparici\u00f3n de Cristina, adem\u00e1s, ocurre en el marco de una renovada movilizaci\u00f3n popular. Las \u00faltimas semanas estuvieron marcadas por marchas multitudinarias en defensa de la educaci\u00f3n, la salud p\u00fablica y los derechos laborales. Un pueblo en las calles que no parece dispuesto a entregar lo conquistado sin pelear. Y ah\u00ed, en ese clima de resistencia, Cristina aparece como faro y como s\u00edntesis.<\/p>\n\n\n\n<p>No es casual que su salida al balc\u00f3n se haya dado despu\u00e9s de la Marcha Federal Universitaria, una de las movilizaciones m\u00e1s masivas de los \u00faltimos a\u00f1os. Tampoco es accidental que haya sido autorizada justo cuando las encuestas empiezan a mostrar un desplome en la imagen presidencial y un hartazgo creciente ante el experimento ultraliberal de Milei. La pol\u00edtica, como sabemos, no deja lugar a las coincidencias ingenuas.<\/p>\n\n\n\n<p>El juez Gim\u00e9nez Uriburu \u2014el mismo que fue fotografiado en una estancia de Lewis jugando al f\u00fatbol con fiscales de la causa contra Cristina\u2014 se vio obligado a autorizar su pedido. Y eso no habla de buena voluntad, sino de un contexto que ya no le permite a ciertos actores judiciales seguir con el simulacro de imparcialidad sin pagar costos.<\/p>\n\n\n\n<p>Cristina volvi\u00f3 al balc\u00f3n. No grit\u00f3, no areng\u00f3, no se victimiz\u00f3. Solo apareci\u00f3. Pero eso bast\u00f3 para desnudar el nerviosismo del poder. Porque su presencia, incluso silenciosa, incomoda m\u00e1s que mil discursos. Porque su figura \u2014amada u odiada\u2014 sigue siendo la vara con la que se mide la pol\u00edtica argentina. Y porque mientras otros se refugian en likes y encuestas truchas, ella vuelve a mirar a los ojos a su pueblo.<\/p>\n\n\n\n<p>La historia tiene momentos que condensan un tiempo entero. El de anoche fue uno de ellos. Un instante fugaz que se convirti\u00f3 en s\u00edmbolo. Cristina en el balc\u00f3n, otra vez. Mientras el gobierno se hunde en su propio delirio, la pol\u00edtica real, la que convoca, emociona y moviliza, volvi\u00f3 a hacerse presente desde el lugar donde todo comenz\u00f3. El mensaje fue claro. Y esta vez, no se grit\u00f3. Se susurr\u00f3 con una imagen. Pero retumb\u00f3 como un trueno.<\/p>\n\n\n\n<p>Fuentes:<\/p>\n\n\n\n<ul class=\"wp-block-list\">\n<li><a href=\"https:\/\/www.lapoliticaonline.com\/judiciales\/despues-de-la-marcha-multitudinaria-la-justicia-autoriza-a-cristina-a-salir-al-balcon\/\">https:\/\/www.lapoliticaonline.com\/judiciales\/despues-de-la-marcha-multitudinaria-la-justicia-autoriza-a-cristina-a-salir-al-balcon\/<\/a><\/li>\n\n\n\n<li><a href=\"https:\/\/www.pagina12.com.ar\/835646-cristina-de-nuevo-en-el-balcon\">https:\/\/www.pagina12.com.ar\/835646-cristina-de-nuevo-en-el-balcon<\/a><\/li>\n\n\n\n<li><a href=\"https:\/\/www.perfil.com\/noticias\/politica\/el-juez-gorini-autorizo-a-cristina-kirchner-a-salir-al-balcon-de-su-casa-durante-la-prision-domiciliaria.phtml\">https:\/\/www.perfil.com\/noticias\/politica\/el-juez-gorini-autorizo-a-cristina-kirchner-a-salir-al-balcon-de-su-casa-durante-la-prision-domiciliaria.phtml<\/a><\/li>\n<\/ul>\n","protected":false},"excerpt":{"rendered":"<p>Mientras Javier Milei se encierra entre trolls, algoritmos y blindajes policiales, Cristina volvi\u00f3 a respirar el calor del pueblo desde el lugar que supo convertirse en emblema de resistencia y m\u00edstica pol\u00edtica. La escena, lejos de ser un mero gesto dom\u00e9stico, fue interpretada como un mensaje directo al poder real y una provocaci\u00f3n para los&#8230;<\/p>\n","protected":false},"author":12,"featured_media":5387,"comment_status":"open","ping_status":"open","sticky":false,"template":"","format":"standard","meta":{"_monsterinsights_skip_tracking":false,"_monsterinsights_sitenote_active":false,"_monsterinsights_sitenote_note":"","_monsterinsights_sitenote_category":0,"footnotes":"","jetpack_publicize_message":"","jetpack_publicize_feature_enabled":true,"jetpack_social_post_already_shared":true,"jetpack_social_options":{"image_generator_settings":{"template":"highway","default_image_id":0,"font":"","enabled":false},"version":2}},"categories":[2],"tags":[1692,87,70,1143,234,45,363,72,365,137],"class_list":["post-5386","post","type-post","status-publish","format-standard","has-post-thumbnail","hentry","category-politica","tag-balcon","tag-cristina","tag-justicia","tag-kirchner","tag-lawfare","tag-milei","tag-peronismo","tag-politica","tag-represion","tag-resistencia"],"jetpack_publicize_connections":[],"_links":{"self":[{"href":"https:\/\/www.enorsai.com\/noticias\/wp-json\/wp\/v2\/posts\/5386","targetHints":{"allow":["GET"]}}],"collection":[{"href":"https:\/\/www.enorsai.com\/noticias\/wp-json\/wp\/v2\/posts"}],"about":[{"href":"https:\/\/www.enorsai.com\/noticias\/wp-json\/wp\/v2\/types\/post"}],"author":[{"embeddable":true,"href":"https:\/\/www.enorsai.com\/noticias\/wp-json\/wp\/v2\/users\/12"}],"replies":[{"embeddable":true,"href":"https:\/\/www.enorsai.com\/noticias\/wp-json\/wp\/v2\/comments?post=5386"}],"version-history":[{"count":1,"href":"https:\/\/www.enorsai.com\/noticias\/wp-json\/wp\/v2\/posts\/5386\/revisions"}],"predecessor-version":[{"id":5388,"href":"https:\/\/www.enorsai.com\/noticias\/wp-json\/wp\/v2\/posts\/5386\/revisions\/5388"}],"wp:featuredmedia":[{"embeddable":true,"href":"https:\/\/www.enorsai.com\/noticias\/wp-json\/wp\/v2\/media\/5387"}],"wp:attachment":[{"href":"https:\/\/www.enorsai.com\/noticias\/wp-json\/wp\/v2\/media?parent=5386"}],"wp:term":[{"taxonomy":"category","embeddable":true,"href":"https:\/\/www.enorsai.com\/noticias\/wp-json\/wp\/v2\/categories?post=5386"},{"taxonomy":"post_tag","embeddable":true,"href":"https:\/\/www.enorsai.com\/noticias\/wp-json\/wp\/v2\/tags?post=5386"}],"curies":[{"name":"wp","href":"https:\/\/api.w.org\/{rel}","templated":true}]}}