{"id":5378,"date":"2025-06-19T13:45:19","date_gmt":"2025-06-19T16:45:19","guid":{"rendered":"https:\/\/www.enorsai.com\/noticias\/politica\/de-la-motosierra-al-delirio-bertie-benegas-lynch-acusa-a-la-uba-de-tener-prostibulos-sin-pruebas\/"},"modified":"2025-06-19T13:45:19","modified_gmt":"2025-06-19T16:45:19","slug":"de-la-motosierra-al-delirio-bertie-benegas-lynch-acusa-a-la-uba-de-tener-prostibulos-sin-pruebas","status":"publish","type":"post","link":"https:\/\/www.enorsai.com\/noticias\/politica\/de-la-motosierra-al-delirio-bertie-benegas-lynch-acusa-a-la-uba-de-tener-prostibulos-sin-pruebas\/","title":{"rendered":"De la motosierra al delirio: Bertie Benegas Lynch acusa a la UBA de tener prost\u00edbulos sin pruebas"},"content":{"rendered":"\n<p>El diputado libertario lanz\u00f3 una nueva provocaci\u00f3n contra la universidad p\u00fablica, esta vez con una acusaci\u00f3n ins\u00f3lita y sin fundamento. Consultado por la fuente, se limit\u00f3 a responder: \u00abGoogl\u00e9alo\u00bb.<br><br>En su cruzada contra la educaci\u00f3n p\u00fablica, el diputado de La Libertad Avanza, Bertie Benegas Lynch, asegur\u00f3 en una entrevista que \u201cla UBA ten\u00eda prost\u00edbulos en el subsuelo a la noche\u201d. La afirmaci\u00f3n, de una gravedad institucional alarmante, no vino acompa\u00f1ada por ninguna prueba ni investigaci\u00f3n. Cuando se le pregunt\u00f3 por el origen de semejante denuncia, respondi\u00f3 con liviandad: \u201cGoogl\u00e9alo\u201d. Esta declaraci\u00f3n no solo refleja un desprecio por el rol del conocimiento y la evidencia, sino que expone una estrategia de ataque sistem\u00e1tico a las universidades p\u00fablicas, pilar fundamental del pensamiento cr\u00edtico y el ascenso social en Argentina.<br><br>La guerra del gobierno de Javier Milei contra la universidad p\u00fablica no da tregua. Esta vez, el protagonista fue el diputado oficialista Bertie Benegas Lynch, quien dej\u00f3 at\u00f3nita a la audiencia al afirmar en una entrevista que \u201cla UBA ten\u00eda prost\u00edbulos en el subsuelo a la noche\u201d. La frase, propia de un sketch de humor negro, fue lanzada con la seriedad de quien cree que la realidad puede moldearse a gusto con tan solo una declaraci\u00f3n medi\u00e1tica.<\/p>\n\n\n\n<figure class=\"wp-block-embed is-type-rich is-provider-twitter wp-block-embed-twitter\"><div class=\"wp-block-embed__wrapper\">\n<blockquote class=\"twitter-tweet\" data-width=\"550\" data-dnt=\"true\"><p lang=\"es\" dir=\"ltr\">&quot;La UBA ten\u00eda prost\u00edbulos en el subsuelo a la noche&quot; \ud83d\udcac<br><br>Bertie Benegas Lynch asegur\u00f3 que las universidades &#39;se resisten a las auditorias&#39; y cuando le consultaron por la fuente respondi\u00f3: &#39;Googlealo&#39;.<br><br>\ud83d\udcfb Radio Con Vos. <a href=\"https:\/\/t.co\/PhDI8KU0DB\">pic.twitter.com\/PhDI8KU0DB<\/a><\/p>&mdash; El Destape (@eldestapeweb) <a href=\"https:\/\/twitter.com\/eldestapeweb\/status\/1935730801334710734?ref_src=twsrc%5Etfw\">June 19, 2025<\/a><\/blockquote><script async src=\"https:\/\/platform.twitter.com\/widgets.js\" charset=\"utf-8\"><\/script>\n<\/div><\/figure>\n\n\n\n<p><br>Lejos de presentar pruebas, documentos o al menos un testimonio m\u00ednimamente serio, Benegas Lynch se refugi\u00f3 en la ret\u00f3rica de la posverdad. Cuando el periodista le pidi\u00f3 la fuente de esa acusaci\u00f3n grav\u00edsima, la respuesta fue tan ins\u00f3lita como irresponsable: \u00abGoogl\u00e9alo\u00bb. Una actitud que desnuda el desprecio de ciertos sectores libertarios por la investigaci\u00f3n rigurosa, el periodismo responsable y la verdad \u00f1<br>Este tipo de declaraciones no son aisladas. Se inscriben en una estrategia deliberada del oficialismo por instalar una narrativa de desprestigio hacia las universidades p\u00fablicas, a las que acusa de \u201cadoctrinamiento\u201d, \u201cgasto innecesario\u201d o \u201cnichos de corrupci\u00f3n\u201d, sin jam\u00e1s ofrecer evidencia concreta. Como si no bastara con el brutal recorte presupuestario, ahora se apela directamente a la difamaci\u00f3n sin escr\u00fapulos.<br><br>Cabe recordar que la Universidad de Buenos Aires, blanco de esta acusaci\u00f3n delirante, es una de las instituciones educativas m\u00e1s prestigiosas de Am\u00e9rica Latina. Reconocida por formar profesionales de excelencia, con cinco premios Nobel entre sus egresados y miles de investigaciones cient\u00edficas publicadas, la UBA representa un orgullo nacional. Y justamente por eso, molesta tanto a un gobierno que considera al conocimiento un enemigo.<br><br>La frase de Benegas Lynch no s\u00f3lo es una falta de respeto a la UBA y a su comunidad, sino tambi\u00e9n una expresi\u00f3n de una l\u00f3gica que busca reemplazar el debate p\u00fablico por el esc\u00e1ndalo, la prueba por el meme, el argumento por el algoritmo. Lo m\u00e1s preocupante es que detr\u00e1s de estos exabruptos hay decisiones pol\u00edticas concretas: ajuste brutal, desfinanciamiento, vaciamiento.<br><br>Este episodio deja en evidencia el peligro de naturalizar discursos sin fundamento en los espacios institucionales. Cuando un legislador nacional puede acusar a una universidad de encubrir prost\u00edbulos sin que se le exija rendici\u00f3n de cuentas, estamos ante una degradaci\u00f3n grave del debate democr\u00e1tico. El \u201cgoogl\u00e9alo\u201d como respuesta no es solo un insulto a la inteligencia, es tambi\u00e9n un s\u00edmbolo de c\u00f3mo se pretende reemplazar la evidencia por el prejuicio.<br><br>Las universidades p\u00fablicas no solo educan: investigan, desarrollan tecnolog\u00eda, salvan vidas, generan pensamiento cr\u00edtico y promueven la movilidad social. Defenderlas no es una cuesti\u00f3n ideol\u00f3gica, es una necesidad nacional. Por eso, ante cada ataque sin pruebas, cada mentira repetida y cada intento de deslegitimaci\u00f3n, la respuesta debe ser contundente: m\u00e1s presupuesto, m\u00e1s verdad, m\u00e1s universidad.<\/p>\n","protected":false},"excerpt":{"rendered":"<p>El diputado libertario lanz\u00f3 una nueva provocaci\u00f3n contra la universidad p\u00fablica, esta vez con una acusaci\u00f3n ins\u00f3lita y sin fundamento. Consultado por la fuente, se limit\u00f3 a responder: \u00abGoogl\u00e9alo\u00bb. En su cruzada contra la educaci\u00f3n p\u00fablica, el diputado de La Libertad Avanza, Bertie Benegas Lynch, asegur\u00f3 en una entrevista que \u201cla UBA ten\u00eda prost\u00edbulos en&#8230;<\/p>\n","protected":false},"author":1,"featured_media":5377,"comment_status":"open","ping_status":"open","sticky":false,"template":"","format":"standard","meta":{"_monsterinsights_skip_tracking":false,"_monsterinsights_sitenote_active":false,"_monsterinsights_sitenote_note":"","_monsterinsights_sitenote_category":0,"footnotes":"","jetpack_publicize_message":"","jetpack_publicize_feature_enabled":true,"jetpack_social_post_already_shared":true,"jetpack_social_options":{"image_generator_settings":{"template":"highway","default_image_id":0,"font":"","enabled":false},"version":2}},"categories":[2],"tags":[],"class_list":["post-5378","post","type-post","status-publish","format-standard","has-post-thumbnail","hentry","category-politica"],"jetpack_publicize_connections":[],"_links":{"self":[{"href":"https:\/\/www.enorsai.com\/noticias\/wp-json\/wp\/v2\/posts\/5378","targetHints":{"allow":["GET"]}}],"collection":[{"href":"https:\/\/www.enorsai.com\/noticias\/wp-json\/wp\/v2\/posts"}],"about":[{"href":"https:\/\/www.enorsai.com\/noticias\/wp-json\/wp\/v2\/types\/post"}],"author":[{"embeddable":true,"href":"https:\/\/www.enorsai.com\/noticias\/wp-json\/wp\/v2\/users\/1"}],"replies":[{"embeddable":true,"href":"https:\/\/www.enorsai.com\/noticias\/wp-json\/wp\/v2\/comments?post=5378"}],"version-history":[{"count":0,"href":"https:\/\/www.enorsai.com\/noticias\/wp-json\/wp\/v2\/posts\/5378\/revisions"}],"wp:featuredmedia":[{"embeddable":true,"href":"https:\/\/www.enorsai.com\/noticias\/wp-json\/wp\/v2\/media\/5377"}],"wp:attachment":[{"href":"https:\/\/www.enorsai.com\/noticias\/wp-json\/wp\/v2\/media?parent=5378"}],"wp:term":[{"taxonomy":"category","embeddable":true,"href":"https:\/\/www.enorsai.com\/noticias\/wp-json\/wp\/v2\/categories?post=5378"},{"taxonomy":"post_tag","embeddable":true,"href":"https:\/\/www.enorsai.com\/noticias\/wp-json\/wp\/v2\/tags?post=5378"}],"curies":[{"name":"wp","href":"https:\/\/api.w.org\/{rel}","templated":true}]}}