{"id":5372,"date":"2025-06-19T09:22:00","date_gmt":"2025-06-19T12:22:00","guid":{"rendered":"https:\/\/www.enorsai.com\/noticias\/sociedad\/contundente-mensaje-del-primer-bailarin-del-teatro-colon-llamando-a-construir-una-militancia-solidaria-e-inteligente\/"},"modified":"2025-06-19T12:42:31","modified_gmt":"2025-06-19T15:42:31","slug":"contundente-mensaje-del-primer-bailarin-del-teatro-colon-llamando-a-construir-una-militancia-solidaria-e-inteligente","status":"publish","type":"post","link":"https:\/\/www.enorsai.com\/noticias\/sociedad\/contundente-mensaje-del-primer-bailarin-del-teatro-colon-llamando-a-construir-una-militancia-solidaria-e-inteligente\/","title":{"rendered":"Contundente mensaje del Primer Bailar\u00edn del Teatro Col\u00f3n llamando a construir una militancia solidaria e inteligente"},"content":{"rendered":"\n<p>\u201cCon la bandera de Cristina libre\u201d: la fuerte defensa pol\u00edtica de Federico Fern\u00e1ndez, Primer Bailar\u00edn del Teatro Col\u00f3n<br \/><br \/>En un contundente mensaje, el reconocido artista reivindic\u00f3 su compromiso pol\u00edtico, denunci\u00f3 el lawfare contra Cristina Fern\u00e1ndez de Kirchner y llam\u00f3 a construir una militancia solidaria e inteligente. <\/p>\n\n\n\n<p>\u201cNo hay forma de tener paz social con causas inventadas\u201d, advirti\u00f3.<br><br>Federico Fern\u00e1ndez, uno de los m\u00e1ximos referentes de la danza en la Argentina, rompi\u00f3 el silencio ante los intentos de silenciar voces del \u00e1mbito cultural que se expresan pol\u00edticamente. Desde su rol en el prestigioso Teatro Col\u00f3n, denunci\u00f3 la persecuci\u00f3n judicial contra la ex presidenta, reivindic\u00f3 los avances sociales de su gobierno y reafirm\u00f3 su militancia como una herramienta para transformar la realidad.<br><br>En un pa\u00eds donde el clima pol\u00edtico est\u00e1 cada vez m\u00e1s enrarecido y la persecuci\u00f3n judicial a l\u00edderes populares se intensifica, voces del arte y la cultura emergen con fuerza para expresar un compromiso que trasciende los escenarios. Federico Fern\u00e1ndez, Primer Bailar\u00edn del Teatro Col\u00f3n, public\u00f3 un mensaje contundente en sus redes sociales que r\u00e1pidamente gener\u00f3 repercusi\u00f3n: \u00abBasta de pedirme que pare de hablar de pol\u00edtica\u00bb, comienza afirmando, en clara alusi\u00f3n a quienes pretenden acallar su voz por su rol en una instituci\u00f3n de \u00e9lite.<\/p>\n\n\n\n<figure class=\"wp-block-embed is-type-rich is-provider-twitter wp-block-embed-twitter\"><div class=\"wp-block-embed__wrapper\">\n<blockquote class=\"twitter-tweet\" data-width=\"550\" data-dnt=\"true\"><p lang=\"es\" dir=\"ltr\">Basta de pedirme que pare de hablar de pol\u00edtica. <br>Si, soy Primer Bailarin del Teatro Col\u00f3n de un lugar hostil y alejado de las realidades. <br>Todo lo que esta pasando nos invita a estar juntos, con una militancia eficiente, solidaria e inteligente. <br>Sigue\ud83d\udc47<\/p>&mdash; Federico Fern\u00e1ndez (@FFedeFFernandez) <a href=\"https:\/\/twitter.com\/FFedeFFernandez\/status\/1935049381214060913?ref_src=twsrc%5Etfw\">June 17, 2025<\/a><\/blockquote><script async src=\"https:\/\/platform.twitter.com\/widgets.js\" charset=\"utf-8\"><\/script>\n<\/div><\/figure>\n\n\n\n<p><br><br>Lejos de esquivar el conflicto, Fern\u00e1ndez profundiza: \u201cS\u00ed, soy Primer Bailar\u00edn del Teatro Col\u00f3n, de un lugar hostil y alejado de las realidades\u201d. Con esta frase, reconoce la distancia que suele percibirse entre ciertos \u00e1mbitos culturales y las problem\u00e1ticas sociales, pero al mismo tiempo la interpela. Lo hace desde una posici\u00f3n de honestidad y valent\u00eda, al recordar que \u201ctodo lo que est\u00e1 pasando nos invita a estar juntos, con una militancia eficiente, solidaria e inteligente\u201d.<br><br>El artista repasa algunos de los pilares del legado pol\u00edtico de Cristina Fern\u00e1ndez de Kirchner, a quien reivindica como una figura clave en la politizaci\u00f3n de una generaci\u00f3n: \u201cCon Cristina muchos de nosotros nos sumamos a militar, a tener m\u00e1s conciencia pol\u00edtica y social\u201d, recuerda, para luego enumerar pol\u00edticas concretas de inclusi\u00f3n y ampliaci\u00f3n de derechos: el Procrear, el matrimonio igualitario, las moratorias previsionales, el apoyo a la ciencia y la cultura, el reconocimiento a los ex combatientes, el respeto por las identidades, la defensa del desarrollo y la producci\u00f3n nacional.<br><br>\u201cElla estuvo con todos nosotros\u201d, resume Fern\u00e1ndez, para luego lanzar un llamado urgente: \u201cNo permitamos que esta causa inventada y perversa nos deshuace\u201d. La causa a la que hace referencia es la persecuci\u00f3n judicial contra la dos veces presidenta de la Naci\u00f3n y actual referente indiscutible del campo nacional y popular, v\u00edctima del lawfare y la manipulaci\u00f3n medi\u00e1tico-judicial impulsada por sectores concentrados del poder.<br><br>Lejos de caer en el des\u00e1nimo, el mensaje de Fern\u00e1ndez es tambi\u00e9n una convocatoria a la esperanza: \u201cEste es el envi\u00f3n para construir algo mejor con la bandera de Cristina libre, por ella, por nosotros\u2026\u201d. Con estas palabras, plantea la necesidad de que la militancia se mantenga activa y l\u00facida, no s\u00f3lo en defensa de una persona, sino de un proyecto de pa\u00eds basado en la justicia social, la soberan\u00eda pol\u00edtica y la independencia econ\u00f3mica.<br><br>Finalmente, el bailar\u00edn cierra su mensaje con una fuerte cr\u00edtica al actual estado de situaci\u00f3n pol\u00edtica del pa\u00eds: \u201cNo hay forma de tener paz social en un pa\u00eds con causas inventadas y con monarcas que digiten nuestro futuro junto con las corporaciones, empresarios de medios de comunicaci\u00f3n, con la pol\u00edtica mafiosa y con el odio de una ciudadan\u00eda que se comi\u00f3 la curva\u201d.<br><br>En esa frase final, Fern\u00e1ndez sintetiza el esp\u00edritu de su declaraci\u00f3n: una denuncia frontal contra el poder real que intenta condicionar la democracia, destruir los liderazgos populares y disciplinar a quienes se atreven a pensar y decir distinto.<br><br>Su valent\u00eda y claridad resuenan con fuerza en tiempos donde el silencio se convierte en complicidad. Desde uno de los espacios m\u00e1s emblem\u00e1ticos de la cultura nacional, Federico Fern\u00e1ndez se suma al grito colectivo que hoy recorre calles, redes y escenarios: Cristina libre. Por ella. Por nosotros. Por la democracia.<\/p>\n\n\n\n<p><\/p>\n","protected":false},"excerpt":{"rendered":"<p>\u201cCon la bandera de Cristina libre\u201d: la fuerte defensa pol\u00edtica de Federico Fern\u00e1ndez, Primer Bailar\u00edn del Teatro Col\u00f3n En un contundente mensaje, el reconocido artista reivindic\u00f3 su compromiso pol\u00edtico, denunci\u00f3 el lawfare contra Cristina Fern\u00e1ndez de Kirchner y llam\u00f3 a construir una militancia solidaria e inteligente. \u201cNo hay forma de tener paz social con causas&#8230;<\/p>\n","protected":false},"author":1,"featured_media":5371,"comment_status":"open","ping_status":"open","sticky":false,"template":"","format":"standard","meta":{"_monsterinsights_skip_tracking":false,"_monsterinsights_sitenote_active":false,"_monsterinsights_sitenote_note":"","_monsterinsights_sitenote_category":0,"footnotes":"","jetpack_publicize_message":"","jetpack_publicize_feature_enabled":true,"jetpack_social_post_already_shared":true,"jetpack_social_options":{"image_generator_settings":{"template":"highway","default_image_id":0,"font":"","enabled":false},"version":2}},"categories":[4],"tags":[],"class_list":["post-5372","post","type-post","status-publish","format-standard","has-post-thumbnail","hentry","category-sociedad"],"jetpack_publicize_connections":[],"_links":{"self":[{"href":"https:\/\/www.enorsai.com\/noticias\/wp-json\/wp\/v2\/posts\/5372","targetHints":{"allow":["GET"]}}],"collection":[{"href":"https:\/\/www.enorsai.com\/noticias\/wp-json\/wp\/v2\/posts"}],"about":[{"href":"https:\/\/www.enorsai.com\/noticias\/wp-json\/wp\/v2\/types\/post"}],"author":[{"embeddable":true,"href":"https:\/\/www.enorsai.com\/noticias\/wp-json\/wp\/v2\/users\/1"}],"replies":[{"embeddable":true,"href":"https:\/\/www.enorsai.com\/noticias\/wp-json\/wp\/v2\/comments?post=5372"}],"version-history":[{"count":1,"href":"https:\/\/www.enorsai.com\/noticias\/wp-json\/wp\/v2\/posts\/5372\/revisions"}],"predecessor-version":[{"id":5373,"href":"https:\/\/www.enorsai.com\/noticias\/wp-json\/wp\/v2\/posts\/5372\/revisions\/5373"}],"wp:featuredmedia":[{"embeddable":true,"href":"https:\/\/www.enorsai.com\/noticias\/wp-json\/wp\/v2\/media\/5371"}],"wp:attachment":[{"href":"https:\/\/www.enorsai.com\/noticias\/wp-json\/wp\/v2\/media?parent=5372"}],"wp:term":[{"taxonomy":"category","embeddable":true,"href":"https:\/\/www.enorsai.com\/noticias\/wp-json\/wp\/v2\/categories?post=5372"},{"taxonomy":"post_tag","embeddable":true,"href":"https:\/\/www.enorsai.com\/noticias\/wp-json\/wp\/v2\/tags?post=5372"}],"curies":[{"name":"wp","href":"https:\/\/api.w.org\/{rel}","templated":true}]}}