{"id":5368,"date":"2025-06-19T08:23:38","date_gmt":"2025-06-19T11:23:38","guid":{"rendered":"https:\/\/www.enorsai.com\/noticias\/?p=5368"},"modified":"2025-06-19T08:23:38","modified_gmt":"2025-06-19T11:23:38","slug":"banca-lula-viene-a-la-argentina-para-reunirse-con-cristina-kirchner","status":"publish","type":"post","link":"https:\/\/www.enorsai.com\/noticias\/politica\/banca-lula-viene-a-la-argentina-para-reunirse-con-cristina-kirchner\/","title":{"rendered":"Banca: Lula viene a la Argentina para reunirse con Cristina Kirchner"},"content":{"rendered":"\n<p><strong><em>El diputado brasile\u00f1o Paulo Pimenta adelant\u00f3 los detalles del encuentro, que se concretar\u00e1 por iniciativa del mandatario del pa\u00eds vecino.<\/em><\/strong><\/p>\n\n\n\n<p>Luiz In\u00e1cio Lula Da Silva, presidente de Brasil, es el primer mandatario regional que ya agend\u00f3 una visita a Cristina Kirchner en su departamento de la calle San Jos\u00e9 donde cumple su prisi\u00f3n domiciliaria.<\/p>\n\n\n\n<p>Seg\u00fan detall\u00f3 el diputado del Partido de los Trabajadores Paulo Pimenta, la visita del primer mandatario brasile\u00f1o se concretar\u00e1 entre los d\u00edas 2 y 3 de julio, cuando adem\u00e1s Lula participar\u00e1 de una cumbre de jefes de Estado del Mercosur que se llevar\u00e1 a cabo para esa fecha en Buenos Aires.<\/p>\n\n\n\n<p>El legislador brasile\u00f1o record\u00f3 que \u00abcuando Lula fue preso, muchos compa\u00f1eros y compa\u00f1eras que conozco se manifestaron en su favor. Tenemos una relaci\u00f3n hist\u00f3rica. Un compromiso de lucha. Y entendemos que hay un proceso de persecuci\u00f3n a Cristina\u00bb.<\/p>\n\n\n\n<p>Pimenta expres\u00f3 tambi\u00e9n que la salida de la prisi\u00f3n de Lula y la posterior victoria en las elecciones de 2022 se debi\u00f3 a m\u00faltiples factores. \u00abAl coraje de Lula, al coraje de Cristina. Segundo, a la movilizaci\u00f3n social. Y en tercer lugar a la red de apoyo de los sectores internacionales. Esa movilizaci\u00f3n y estos aspectos es el camino que debemos escoger\u00bb, dijo Pimenta.<\/p>\n\n\n\n<p>Desde el entorno de Cristina, adem\u00e1s, confirmaron que el propio Lula la llam\u00f3 por tel\u00e9fono el d\u00eda en que la Corte Suprema rechaz\u00f3 la revisi\u00f3n de la llamada causa Vialidad, dejando firme la condena de la expresidenta y su consecuente prisi\u00f3n.<\/p>\n\n\n\n<p>A la vez, el presidente brasile\u00f1o estar\u00eda trabajando junto al Grupo de Puebla para organizar y llevar adelante distintas acciones a nivel regional e internacional reclamando por la libertad de Cristina.<\/p>\n\n\n\n<p>Por Data Diario<\/p>\n","protected":false},"excerpt":{"rendered":"<p>El diputado brasile\u00f1o Paulo Pimenta adelant\u00f3 los detalles del encuentro, que se concretar\u00e1 por iniciativa del mandatario del pa\u00eds vecino. Luiz In\u00e1cio Lula Da Silva, presidente de Brasil, es el primer mandatario regional que ya agend\u00f3 una visita a Cristina Kirchner en su departamento de la calle San Jos\u00e9 donde cumple su prisi\u00f3n domiciliaria. Seg\u00fan&#8230;<\/p>\n","protected":false},"author":5,"featured_media":5369,"comment_status":"open","ping_status":"open","sticky":false,"template":"","format":"standard","meta":{"_monsterinsights_skip_tracking":false,"_monsterinsights_sitenote_active":false,"_monsterinsights_sitenote_note":"","_monsterinsights_sitenote_category":0,"footnotes":"","jetpack_publicize_message":"","jetpack_publicize_feature_enabled":true,"jetpack_social_post_already_shared":true,"jetpack_social_options":{"image_generator_settings":{"template":"highway","default_image_id":0,"font":"","enabled":false},"version":2}},"categories":[2],"tags":[88,523,70,1627],"class_list":["post-5368","post","type-post","status-publish","format-standard","has-post-thumbnail","hentry","category-politica","tag-cfk","tag-cristina-fernandez-de-kirchner","tag-justicia","tag-lula"],"jetpack_publicize_connections":[],"_links":{"self":[{"href":"https:\/\/www.enorsai.com\/noticias\/wp-json\/wp\/v2\/posts\/5368","targetHints":{"allow":["GET"]}}],"collection":[{"href":"https:\/\/www.enorsai.com\/noticias\/wp-json\/wp\/v2\/posts"}],"about":[{"href":"https:\/\/www.enorsai.com\/noticias\/wp-json\/wp\/v2\/types\/post"}],"author":[{"embeddable":true,"href":"https:\/\/www.enorsai.com\/noticias\/wp-json\/wp\/v2\/users\/5"}],"replies":[{"embeddable":true,"href":"https:\/\/www.enorsai.com\/noticias\/wp-json\/wp\/v2\/comments?post=5368"}],"version-history":[{"count":1,"href":"https:\/\/www.enorsai.com\/noticias\/wp-json\/wp\/v2\/posts\/5368\/revisions"}],"predecessor-version":[{"id":5370,"href":"https:\/\/www.enorsai.com\/noticias\/wp-json\/wp\/v2\/posts\/5368\/revisions\/5370"}],"wp:featuredmedia":[{"embeddable":true,"href":"https:\/\/www.enorsai.com\/noticias\/wp-json\/wp\/v2\/media\/5369"}],"wp:attachment":[{"href":"https:\/\/www.enorsai.com\/noticias\/wp-json\/wp\/v2\/media?parent=5368"}],"wp:term":[{"taxonomy":"category","embeddable":true,"href":"https:\/\/www.enorsai.com\/noticias\/wp-json\/wp\/v2\/categories?post=5368"},{"taxonomy":"post_tag","embeddable":true,"href":"https:\/\/www.enorsai.com\/noticias\/wp-json\/wp\/v2\/tags?post=5368"}],"curies":[{"name":"wp","href":"https:\/\/api.w.org\/{rel}","templated":true}]}}