{"id":5367,"date":"2025-06-19T06:45:07","date_gmt":"2025-06-19T09:45:07","guid":{"rendered":"https:\/\/www.enorsai.com\/noticias\/politica\/reflexiones-sobre-la-jornada-en-plaza-de-mayo-la-memoria-viva-de-un-pueblo-que-no-se-rinde\/"},"modified":"2025-06-19T06:45:07","modified_gmt":"2025-06-19T09:45:07","slug":"reflexiones-sobre-la-jornada-en-plaza-de-mayo-la-memoria-viva-de-un-pueblo-que-no-se-rinde","status":"publish","type":"post","link":"https:\/\/www.enorsai.com\/noticias\/politica\/reflexiones-sobre-la-jornada-en-plaza-de-mayo-la-memoria-viva-de-un-pueblo-que-no-se-rinde\/","title":{"rendered":"Reflexiones sobre la jornada en Plaza de Mayo: la memoria viva de un pueblo que no se rinde"},"content":{"rendered":"\n<p>La jornada de ayer en Plaza de Mayo no fue una simple concentraci\u00f3n pol\u00edtica: fue una demostraci\u00f3n de fuerza, de amor y de historia. Un pueblo que volvi\u00f3 a ocupar el coraz\u00f3n de la patria no para pedir, sino para afirmar. Para gritar que la democracia se defiende con el cuerpo, con la memoria y con convicciones inquebrantables. La imagen de la multitud abrazando a Cristina Fern\u00e1ndez de Kirchner no s\u00f3lo remite al cari\u00f1o hacia una dirigente perseguida: es la expresi\u00f3n m\u00e1s clara de una \u00e9pica popular que sigue latiendo.<br><br>Bajo un cielo cargado de s\u00edmbolos, entre banderas, pancartas y rostros curtidos por a\u00f1os de lucha, se reaviv\u00f3 ese fuego que el peronismo mantiene encendido desde hace m\u00e1s de siete d\u00e9cadas. La consigna \u201cVamos a volver\u201d no es nostalgia ni eslogan vac\u00edo. Es promesa, es destino y es compromiso. Porque volver no significa simplemente ocupar un cargo; significa reconstruir lo destruido, reparar lo herido, y volver a poner al pueblo en el centro de la pol\u00edtica.<br><br>La jornada dej\u00f3 en claro que los valores peronistas siguen siendo el faro en la tormenta: justicia social, soberan\u00eda pol\u00edtica e independencia econ\u00f3mica. Cristina no habl\u00f3 como una v\u00edctima, sino como una gu\u00eda. Con entereza, con la templanza que da haber enfrentado todos los fuegos, habl\u00f3 al pueblo para despertar la unidad, ese elemento esencial para resistir los embates del poder concentrado, el ajuste brutal y la persecuci\u00f3n judicial.<br><br>La Plaza de Mayo, una vez m\u00e1s, fue territorio de dignidad. All\u00ed donde Madres y Abuelas marcaron el camino con sus pa\u00f1uelos blancos, donde Per\u00f3n habl\u00f3 a la multitud, donde el pueblo resisti\u00f3 dictaduras, se volvi\u00f3 a escuchar la voz del campo nacional y popular diciendo presente. Fue un acto de reafirmaci\u00f3n hist\u00f3rica: no nos han vencido, no nos han quebrado, no nos van a disciplinar.<br><br>Porque cuando se persigue a Cristina, se intenta domesticar al movimiento que ella representa. Y esa es una tarea imposible. El peronismo es insumiso por naturaleza. Se rebela ante la injusticia, no tolera el saqueo de la patria, y sobre todo, no olvida a quienes pelearon por los que menos tienen.<br><br>La \u00e9pica de la jornada no est\u00e1 s\u00f3lo en la postal de una plaza colmada. Est\u00e1 en el llanto de una mujer mayor que march\u00f3 por sus nietos, en el canto juvenil que no conoci\u00f3 a N\u00e9stor pero sue\u00f1a con un pa\u00eds m\u00e1s justo, en la emoci\u00f3n compartida de sentir que hay una comunidad dispuesta a dar la pelea.<br><br>La historia argentina est\u00e1 llena de regresos. Per\u00f3n volvi\u00f3. Cristina, tantas veces acorralada, volvi\u00f3. Y el pueblo, una y otra vez, vuelve a abrazar la esperanza. Porque cada vez que intentan arrinconar a sus l\u00edderes, el pueblo encuentra nuevas formas de resurgir.<br><br>Vamos a volver no es solo el eco de un canto militante. Es una certeza que late en cada rinc\u00f3n del pa\u00eds: volveremos para que la patria no sea propiedad de los poderosos, sino derecho de todos. Volveremos con m\u00e1s unidad, con m\u00e1s conciencia y con m\u00e1s fuerza. Porque como dijo Cristina, cuando el pueblo se decide, no hay poder que lo detenga.<\/p>\n","protected":false},"excerpt":{"rendered":"<p>La jornada de ayer en Plaza de Mayo no fue una simple concentraci\u00f3n pol\u00edtica: fue una demostraci\u00f3n de fuerza, de amor y de historia. Un pueblo que volvi\u00f3 a ocupar el coraz\u00f3n de la patria no para pedir, sino para afirmar. Para gritar que la democracia se defiende con el cuerpo, con la memoria y&#8230;<\/p>\n","protected":false},"author":2,"featured_media":5366,"comment_status":"open","ping_status":"open","sticky":false,"template":"","format":"standard","meta":{"_monsterinsights_skip_tracking":false,"_monsterinsights_sitenote_active":false,"_monsterinsights_sitenote_note":"","_monsterinsights_sitenote_category":0,"footnotes":"","jetpack_publicize_message":"","jetpack_publicize_feature_enabled":true,"jetpack_social_post_already_shared":true,"jetpack_social_options":{"image_generator_settings":{"template":"highway","default_image_id":0,"font":"","enabled":false},"version":2}},"categories":[17,2],"tags":[],"class_list":["post-5367","post","type-post","status-publish","format-standard","has-post-thumbnail","hentry","category-opinion","category-politica"],"jetpack_publicize_connections":[],"_links":{"self":[{"href":"https:\/\/www.enorsai.com\/noticias\/wp-json\/wp\/v2\/posts\/5367","targetHints":{"allow":["GET"]}}],"collection":[{"href":"https:\/\/www.enorsai.com\/noticias\/wp-json\/wp\/v2\/posts"}],"about":[{"href":"https:\/\/www.enorsai.com\/noticias\/wp-json\/wp\/v2\/types\/post"}],"author":[{"embeddable":true,"href":"https:\/\/www.enorsai.com\/noticias\/wp-json\/wp\/v2\/users\/2"}],"replies":[{"embeddable":true,"href":"https:\/\/www.enorsai.com\/noticias\/wp-json\/wp\/v2\/comments?post=5367"}],"version-history":[{"count":0,"href":"https:\/\/www.enorsai.com\/noticias\/wp-json\/wp\/v2\/posts\/5367\/revisions"}],"wp:featuredmedia":[{"embeddable":true,"href":"https:\/\/www.enorsai.com\/noticias\/wp-json\/wp\/v2\/media\/5366"}],"wp:attachment":[{"href":"https:\/\/www.enorsai.com\/noticias\/wp-json\/wp\/v2\/media?parent=5367"}],"wp:term":[{"taxonomy":"category","embeddable":true,"href":"https:\/\/www.enorsai.com\/noticias\/wp-json\/wp\/v2\/categories?post=5367"},{"taxonomy":"post_tag","embeddable":true,"href":"https:\/\/www.enorsai.com\/noticias\/wp-json\/wp\/v2\/tags?post=5367"}],"curies":[{"name":"wp","href":"https:\/\/api.w.org\/{rel}","templated":true}]}}