{"id":5363,"date":"2025-06-19T06:04:55","date_gmt":"2025-06-19T09:04:55","guid":{"rendered":"https:\/\/www.enorsai.com\/noticias\/?p=5363"},"modified":"2025-06-19T06:04:55","modified_gmt":"2025-06-19T09:04:55","slug":"lo-del-ultimo-clavo-del-ataud-el-garrafal-error-politico-de-milei-frente-al-resurgir-peronista","status":"publish","type":"post","link":"https:\/\/www.enorsai.com\/noticias\/sociedad\/lo-del-ultimo-clavo-del-ataud-el-garrafal-error-politico-de-milei-frente-al-resurgir-peronista\/","title":{"rendered":"Lo del \u00ab\u00faltimo clavo del ata\u00fad\u2026\u00bb : El garrafal error pol\u00edtico de Milei frente al resurgir peronista"},"content":{"rendered":"\n<h4 class=\"wp-block-heading\"><em><strong>La gigantesca marcha en Plaza de Mayo en respaldo a Cristina Fern\u00e1ndez de Kirchner expone la falta de c\u00e1lculo pol\u00edtico del presidente Milei: su promesa de enterrar al kirchnerismo suena a broma de mal gusto en una plaza repleta y cargada de emoci\u00f3n.<\/strong><\/em><\/h4>\n\n\n\n<p>Lo que el libertario pens\u00f3 como el bombazo final contra el kirchnerismo \u2013\u201cel \u00faltimo clavo del ata\u00fad\u201d\u2013 result\u00f3 ser un tiro por la culata. Ayer, decenas de miles de personas volvieron a tomar el coraz\u00f3n de Buenos Aires, desafiando la narrativa de un gobierno ganador y dejando en evidencia la profundidad de una grieta nacional que el oficialismo subestima.<\/p>\n\n\n\n<p>Ayer, Plaza de Mayo volvi\u00f3 a latir como epicentro de una \u00e9pica que Milei pretend\u00eda dar por enterrada. La convocatoria peronista, en apoyo a Cristina Fern\u00e1ndez de Kirchner, fue masiva: desde La C\u00e1mpora hasta gobernadores, sindicatos, jubilados y organizaciones sociales se congregaron, desbordando el espacio frente a la Casa Rosada. Lo que deb\u00eda ser \u201cel \u00faltimo clavo\u201d para enterrar pol\u00edticamente a la expresidenta se convirti\u00f3 en clavo que sostiene su ata\u00fad.<\/p>\n\n\n\n<p>El presidente Milei apost\u00f3 a una narrativa casi b\u00e9lica: archivar al kirchnerismo como si fuera un cad\u00e1ver pol\u00edtico. Sin embargo, el pa\u00eds respondi\u00f3 con m\u00e1s fuerza que nunca: una marea humana exig\u00eda, desde el centro mismo del poder, justicia y democracia. El contraste entre el discurso libertario y la realidad que se vio en la calle es tan brutal como revelador: mientras Milei hablaba de cad\u00e1veres pol\u00edticos, la Plaza respondi\u00f3 con un grito cargado de vida, esperanza y resistencia .<\/p>\n\n\n\n<p>El escenario no fue menor: Cristina, de 72 a\u00f1os y bajo arresto domiciliario tras una condena por corrupci\u00f3n (6 a\u00f1os y proscripci\u00f3n pol\u00edtica), se convirti\u00f3 en figura moral de una oposici\u00f3n que todav\u00eda tiene m\u00fasculo en la calle. Su voz, difundida por altoparlantes, retumb\u00f3 en cada esquina de la hist\u00f3rica plaza con el lema \u201cvamos a volver\u201d, como un desaf\u00edo que atraviesa m\u00e1s que las fronteras del sistema judicial.<\/p>\n\n\n\n<p>L\u00edderes como Axel Kicillof, Sergio Massa, M\u00e1ximo Kirchner y referentes gremiales compartieron escenario, unidos por la misma consigna: resistir, exigir unidad y denunciar la proscripci\u00f3n y el lawfare. Hasta la CGT se limit\u00f3 a dar \u201clibertad de acci\u00f3n\u201d, temible s\u00edntoma de tensiones internas, pero el volumen pol\u00edtico no baj\u00f3 un solo decibel .<\/p>\n\n\n\n<p>La ministra Bullrich, fiel vocera del discurso mileista, lo sintetiz\u00f3 sin vueltas: la marcha es \u201cuna tiran\u00eda de la calle\u201d. Esa frase destila arrogancia y, a la vez, desd\u00e9n absoluto por una porci\u00f3n significativa del electorado. \u00bfEs esa la definici\u00f3n de democracia que promueve Milei? \u00bfUn callej\u00f3n sin salida para quienes no est\u00e1n de acuerdo?<\/p>\n\n\n\n<p>El Gobierno prioriz\u00f3 la Seguridad y el orden antes que la escucha. Controlaron ingresos, montaron operativos y vallaron la plaza en tono amenazante. Pero a la vez dejaron que esa multitud respirara vida, la misma que Milei jur\u00f3 que ya no lat\u00eda. Un error estrat\u00e9gico, crudeza pura.<\/p>\n\n\n\n<p>No es casualidad que Cristina hable al coraz\u00f3n del pueblo con emociones genuinas: \u201cme gust\u00f3 escucharlos cantar \u2018vamos a volver\u2019\u201d, dijo con orgullo y emoci\u00f3n al grupo reunido. Fue un reconocimiento a la chispa mesi\u00e1nica que a\u00fan enciende a un sector del pa\u00eds cansado de ajustes, inflaci\u00f3n y recortes.<\/p>\n\n\n\n<p>Porque si bien Milei cuenta con ventajas econ\u00f3micas \u2014dicen que logr\u00f3 frenar la inflaci\u00f3n cr\u00f3nica de la Argentina\u2014, su gesti\u00f3n no ha solucionado los desequilibrios profundos que llevaron al hartazgo popular. Y en ese contexto, la protesta peronista no s\u00f3lo fue contra Cristina, sino tambi\u00e9n una alarma en rojo sobre el gobierno que le sigue.<\/p>\n\n\n\n<p>La marcha de ayer no fue la m\u00e1s grande de la historia, como se esperaba, pero s\u00ed la m\u00e1s significativa pol\u00edticamente. Decenas de miles respondieron a una consigna simple: defender sus derechos. Jubilados que sufren recortes, m\u00e9dicos del Garrahan que claman por salarios, trabajadores que ven con recelo una agenda ultraliberal \u00bfO acaso Milei cree que el ata\u00fad del kirchnerismo tambi\u00e9n sepulta esas tensiones sociales? .<\/p>\n\n\n\n<p>La jornada demostr\u00f3 dos verdades inc\u00f3modas para el oficialismo: primero, que el kirchnerismo hoy moviliza, emociona y construye relato; y segundo, que la polarizaci\u00f3n sigue vigente. En ese contexto, presentarse como destructor de enemigos pol\u00edticos puede resultar contraproducente: el ata\u00fad que Milei trata de clavar, termina convenciendo a muchos de que a\u00fan falta camino por recorrer.<\/p>\n\n\n\n<p>La narrativa de \u201clawfare\u201d que clon\u00f3 Milei parece haber calado en cierto electorado. Pero tambi\u00e9n corroe la pluralidad y pinta un mundo binario donde no hay matices. Si verdaderamente cree en la libertad, deber\u00eda permitir que la gente respire, hable y dispute ideas sin vallados ni descalificaciones.<\/p>\n\n\n\n<p>Por eso decimos: cambiar de discurso. O cambiar de carpintero. Porque cuando uno se suicida con sus propias balas, ya no hay numerosas protestas que tapen el eco. Y esa Plaza de Mayo, llena de llanto, bombos y gritos, lo demostr\u00f3 con claridad.<\/p>\n\n\n\n<p>Fuente:<\/p>\n\n\n\n<ul class=\"wp-block-list\">\n<li><a href=\"https:\/\/elpais.com\/argentina\/2025-06-18\/el-peronismo-exhibe-su-poder-de-movilizacion-con-una-marcha-en-apoyo-de-cristina-kirchner-vamos-a-volver.html\n\n\nhttps:\/\/www.reuters.com\/world\/americas\/thousands-march-buenos-aires-ex-president-kirchner-starts-house-arrest-2025-06-18\/\n\n\nhttps:\/\/apnews.com\/article\/6fcf609fed80ff36ae435b1fc0e4e088\">https:\/\/elpais.com\/argentina\/2025-06-18\/el-peronismo-exhibe-su-poder-de-movilizacion-con-una-marcha-en-apoyo-de-cristina-kirchner-vamos-a-volver.html<br><\/a><\/li>\n\n\n\n<li><a href=\"https:\/\/elpais.com\/argentina\/2025-06-18\/el-peronismo-exhibe-su-poder-de-movilizacion-con-una-marcha-en-apoyo-de-cristina-kirchner-vamos-a-volver.html\n\n\nhttps:\/\/www.reuters.com\/world\/americas\/thousands-march-buenos-aires-ex-president-kirchner-starts-house-arrest-2025-06-18\/\n\n\nhttps:\/\/apnews.com\/article\/6fcf609fed80ff36ae435b1fc0e4e088\">https:\/\/www.reuters.com\/world\/americas\/thousands-march-buenos-aires-ex-president-kirchner-starts-house-arrest-2025-06-18\/<br><\/a><\/li>\n\n\n\n<li><a href=\"https:\/\/elpais.com\/argentina\/2025-06-18\/el-peronismo-exhibe-su-poder-de-movilizacion-con-una-marcha-en-apoyo-de-cristina-kirchner-vamos-a-volver.html\n\n\nhttps:\/\/www.reuters.com\/world\/americas\/thousands-march-buenos-aires-ex-president-kirchner-starts-house-arrest-2025-06-18\/\n\n\nhttps:\/\/apnews.com\/article\/6fcf609fed80ff36ae435b1fc0e4e088\">https:\/\/apnews.com\/article\/6fcf609fed80ff36ae435b1fc0e4e088<\/a><\/li>\n<\/ul>\n","protected":false},"excerpt":{"rendered":"<p>La masiva marcha en Plaza de Mayo demuele el discurso de Milei: su sue\u00f1o de enterrar pol\u00edticamente al kirchnerismo se transform\u00f3 en su propio tal\u00f3n de Aquiles. Cristina resurge, emotiva y poderosa, desde su arresto domiciliario, encarnando un n\u00facleo social que el libertario subestim\u00f3 por completo.<\/p>\n","protected":false},"author":13,"featured_media":5364,"comment_status":"open","ping_status":"open","sticky":false,"template":"","format":"standard","meta":{"_monsterinsights_skip_tracking":false,"_monsterinsights_sitenote_active":false,"_monsterinsights_sitenote_note":"","_monsterinsights_sitenote_category":0,"footnotes":"","jetpack_publicize_message":"\ud83d\udd25 \u201cCuando pensaron clavar el \u00faltimo clavo del ata\u00fad, encontraron una marea viva en Plaza de Mayo. \u00bfEs ese el final o el renacimiento de Cristina? Descubr\u00ed por qu\u00e9 Milei se equivoc\u00f3 y el kirchnerismo sigue de pie. \ud83d\udce2","jetpack_publicize_feature_enabled":true,"jetpack_social_post_already_shared":false,"jetpack_social_options":{"image_generator_settings":{"template":"highway","default_image_id":0,"enabled":false},"version":2}},"categories":[4],"tags":[27,1143,234,1669,45,363,1037,845,72,371],"class_list":["post-5363","post","type-post","status-publish","format-standard","has-post-thumbnail","hentry","category-sociedad","tag-gobierno","tag-kirchner","tag-lawfare","tag-marcha","tag-milei","tag-peronismo","tag-plazademayo","tag-polarizacion","tag-politica","tag-protesta"],"jetpack_publicize_connections":[],"_links":{"self":[{"href":"https:\/\/www.enorsai.com\/noticias\/wp-json\/wp\/v2\/posts\/5363","targetHints":{"allow":["GET"]}}],"collection":[{"href":"https:\/\/www.enorsai.com\/noticias\/wp-json\/wp\/v2\/posts"}],"about":[{"href":"https:\/\/www.enorsai.com\/noticias\/wp-json\/wp\/v2\/types\/post"}],"author":[{"embeddable":true,"href":"https:\/\/www.enorsai.com\/noticias\/wp-json\/wp\/v2\/users\/13"}],"replies":[{"embeddable":true,"href":"https:\/\/www.enorsai.com\/noticias\/wp-json\/wp\/v2\/comments?post=5363"}],"version-history":[{"count":1,"href":"https:\/\/www.enorsai.com\/noticias\/wp-json\/wp\/v2\/posts\/5363\/revisions"}],"predecessor-version":[{"id":5365,"href":"https:\/\/www.enorsai.com\/noticias\/wp-json\/wp\/v2\/posts\/5363\/revisions\/5365"}],"wp:featuredmedia":[{"embeddable":true,"href":"https:\/\/www.enorsai.com\/noticias\/wp-json\/wp\/v2\/media\/5364"}],"wp:attachment":[{"href":"https:\/\/www.enorsai.com\/noticias\/wp-json\/wp\/v2\/media?parent=5363"}],"wp:term":[{"taxonomy":"category","embeddable":true,"href":"https:\/\/www.enorsai.com\/noticias\/wp-json\/wp\/v2\/categories?post=5363"},{"taxonomy":"post_tag","embeddable":true,"href":"https:\/\/www.enorsai.com\/noticias\/wp-json\/wp\/v2\/tags?post=5363"}],"curies":[{"name":"wp","href":"https:\/\/api.w.org\/{rel}","templated":true}]}}