{"id":5354,"date":"2025-06-18T20:17:09","date_gmt":"2025-06-18T23:17:09","guid":{"rendered":"https:\/\/www.enorsai.com\/noticias\/economia\/toyota-profundiza-su-ajuste-tras-el-parate-de-17-dias-se-viene-una-nueva-ola-de-despidos-en-la-planta-de-zarate\/"},"modified":"2025-06-18T20:17:09","modified_gmt":"2025-06-18T23:17:09","slug":"toyota-profundiza-su-ajuste-tras-el-parate-de-17-dias-se-viene-una-nueva-ola-de-despidos-en-la-planta-de-zarate","status":"publish","type":"post","link":"https:\/\/www.enorsai.com\/noticias\/economia\/toyota-profundiza-su-ajuste-tras-el-parate-de-17-dias-se-viene-una-nueva-ola-de-despidos-en-la-planta-de-zarate\/","title":{"rendered":"Toyota profundiza su ajuste: tras el parate de 17 d\u00edas, se viene una nueva ola de despidos en la planta de Z\u00e1rate"},"content":{"rendered":"\n<p><br>Mientras el Gobierno de Javier Milei promueve la importaci\u00f3n de veh\u00edculos como parte de su apertura comercial, crecen los despidos en una de las automotrices m\u00e1s importantes del pa\u00eds. El gremio SMATA denuncia persecuci\u00f3n sindical y anticipa que la situaci\u00f3n podr\u00eda empeorar.<br><br>La situaci\u00f3n laboral en la planta de Toyota Argentina en Z\u00e1rate atraviesa un momento cr\u00edtico. Tras un parate de producci\u00f3n de 17 d\u00edas, desde el Sindicato de Mec\u00e1nicos y Afines del Transporte Automotor (SMATA) advierten que se avecina una nueva y masiva ola de despidos. Las alarmas se encendieron con fuerza: los operarios temen por sus puestos de trabajo en un clima de creciente persecuci\u00f3n gremial y desarticulaci\u00f3n de la representaci\u00f3n sindical dentro de la f\u00e1brica.<br><br>Seg\u00fan denuncias del propio SMATA, de los 70 delegados gremiales que representaban a los trabajadores en la planta, hoy solo quedan 7, quienes adem\u00e1s \u201ccasi nunca est\u00e1n disponibles\u201d. Los despidos habr\u00edan comenzado por los delegados sindicales y se extendieron a empleados con v\u00ednculos con el movimiento gremial, en lo que algunos trabajadores ya definen como un \u201cproceso de desindicalizaci\u00f3n\u201d. Las cesant\u00edas se suman a retiros voluntarios, despidos hormiga y salidas \u201cacordadas\u201d de personal jer\u00e1rquico o fuera de convenio.<br><br>Desde la asunci\u00f3n de Javier Milei en la Presidencia, la planta de Toyota habr\u00eda perdido m\u00e1s de 700 puestos de trabajo, seg\u00fan estimaciones de los propios empleados. Todo esto ocurre en paralelo a la inminente resoluci\u00f3n que prepara el Gobierno para liberar la importaci\u00f3n de autos 0 km y usados, medida que impactar\u00e1 de lleno en el mercado local y pondr\u00e1 a\u00fan m\u00e1s presi\u00f3n sobre la industria automotriz nacional.<br><\/p>\n\n\n\n<p><br>El avance de una pol\u00edtica de \u201capertura\u201d a costa del empleo nacional<br><br>El ministro de Desregulaci\u00f3n y Transformaci\u00f3n del Estado, Federico Sturzenegger, confirm\u00f3 que el Ejecutivo avanzar\u00e1 con una normativa para simplificar la importaci\u00f3n de veh\u00edculos nuevos y usados. La nueva disposici\u00f3n eliminar\u00e1 la necesidad de la Licencia de Configuraci\u00f3n de Modelo (LCM), un paso clave que hasta ahora era obligatorio para homologar los autos importados.<br><br>\u201cSi en Estados Unidos anda y en Europa tambi\u00e9n, vamos a presumir que ac\u00e1 va a funcionar igual\u201d, explic\u00f3 Sturzenegger. De aprobarse esta medida, los \u00fanicos requisitos para circular con un auto importado ser\u00edan pasar la Verificaci\u00f3n T\u00e9cnica Vehicular (VTV), incluso si el veh\u00edculo presenta caracter\u00edsticas que no se ajustan a las normas locales, como el volante en el lado derecho.<br><br>El ministro tambi\u00e9n adelant\u00f3 que el Gobierno evaluar\u00e1 habilitar la importaci\u00f3n de veh\u00edculos usados bajo condiciones \u201cbastante m\u00e1s amplias que las actuales\u201d, incluyendo modelos destinados a sectores productivos como el energ\u00e9tico o minero. De hecho, asegur\u00f3 que con esta flexibilizaci\u00f3n, empresas del rubro minero podr\u00edan reducir sus costos log\u00edsticos hasta en un 40%.<\/p>\n\n\n\n<p><br><br>Toyota en retroceso mientras apunta al mercado externo<br><br>Mientras en Argentina recorta personal y desarticula la presencia sindical, Toyota contin\u00faa con su estrategia de expansi\u00f3n en el exterior, especialmente en el mercado de autos el\u00e9ctricos para competir con las automotrices chinas. Esta aparente contradicci\u00f3n evidencia un modelo de negocios que prioriza el beneficio corporativo por encima del desarrollo industrial local y el sostenimiento del empleo.<br><br>El escenario resulta a\u00fan m\u00e1s alarmante si se observa el contexto general del pa\u00eds: seg\u00fan datos oficiales, la gesti\u00f3n de Javier Milei acumula casi 200.000 empleos registrados menos en solo 16 meses, lo que pone en evidencia un marcado retroceso en materia laboral. A esto se suma el congelamiento de la actividad industrial y la ca\u00edda del poder adquisitivo de los trabajadores, cada vez m\u00e1s vulnerables ante pol\u00edticas de ajuste estructural.<\/p>\n\n\n\n<p><br><br>Persecuci\u00f3n gremial y temor en la f\u00e1brica<br><br>Desde el gremio SMATA denuncian que los despidos en Toyota no responden \u00fanicamente a razones econ\u00f3micas o productivas, sino que forman parte de una estrategia deliberada para eliminar cualquier vestigio de organizaci\u00f3n sindical dentro de la planta. \u201cPrimero despidieron a los delegados gremiales, luego a colaboradores de la mesa del Movimiento, y ahora est\u00e1n investigando si los empleados tienen conexiones con exdelegados\u201d, relatan los trabajadores.<br><br>El miedo se ha instalado entre los operarios, que conviven con la incertidumbre de ser los pr\u00f3ximos en la lista. \u201cEs como si estuvi\u00e9ramos marcados por participar\u201d, asegura uno de los empleados que prefiri\u00f3 no dar su nombre por temor a represalias.<br><br>La virtual ruptura del v\u00ednculo entre Toyota y SMATA deja a cientos de trabajadores sin representaci\u00f3n, justo cuando se necesita mayor protecci\u00f3n ante un clima de precarizaci\u00f3n creciente. La desprotecci\u00f3n gremial se combina con un Gobierno que alienta la apertura indiscriminada de importaciones, afectando a la industria nacional y consolidando un modelo econ\u00f3mico cada vez m\u00e1s excluyente.<br><\/p>\n\n\n\n<p><br>La importaci\u00f3n como soluci\u00f3n m\u00e1gica: \u00bfpara qui\u00e9n?<br><br>La iniciativa de Sturzenegger se presenta bajo el lema de \u201cpensar en la gente\u201d, pero la realidad muestra que sus consecuencias beneficiar\u00e1n a unos pocos y perjudicar\u00e1n a la mayor\u00eda. Lejos de fortalecer el aparato productivo argentino, la libre importaci\u00f3n de veh\u00edculos amenaza con profundizar la crisis de empleo en el sector automotor y generar una competencia desleal que podr\u00eda extenderse a otras ramas industriales.<br><br>El supuesto \u201cbeneficio\u201d para el consumidor se vuelve relativo cuando se observa el impacto macroecon\u00f3mico: ca\u00edda del empleo, aumento de la desindustrializaci\u00f3n, p\u00e9rdida de soberan\u00eda tecnol\u00f3gica y mayor dependencia del exterior. El relato oficial de la \u201clibertad econ\u00f3mica\u201d esconde una receta neoliberal ya conocida y aplicada en el pasado con resultados devastadores.<br><br><br><br>La situaci\u00f3n en Toyota refleja el drama de muchos trabajadores argentinos que ven c\u00f3mo se desmoronan sus derechos laborales en nombre de una supuesta modernizaci\u00f3n del Estado. Mientras el Gobierno celebra medidas que favorecen a importadores y grandes empresas, en las f\u00e1bricas crece el miedo, la incertidumbre y el desempleo.<br><br>El modelo de apertura y desregulaci\u00f3n que impulsa Milei encuentra en Toyota un caso emblem\u00e1tico de sus efectos concretos: desguace sindical, despidos masivos y abandono de cualquier compromiso con la industria nacional. Frente a este panorama, el silencio estatal ante las denuncias de persecuci\u00f3n gremial y la pasividad institucional marcan el rumbo de un pa\u00eds que parece retroceder d\u00e9cadas en materia de derechos laborales.<\/p>\n\n\n\n<p>Fuente:<\/p>\n\n\n\n<ul class=\"wp-block-list\">\n<li>https:\/\/urgente24.com\/dinero\/toyota-el-parate-17-dias-anticipan-nueva-ola-despidos-y-mayor-cantidad-n603673\/amp<\/li>\n<\/ul>\n","protected":false},"excerpt":{"rendered":"<p>Mientras el Gobierno de Javier Milei promueve la importaci\u00f3n de veh\u00edculos como parte de su apertura comercial, crecen los despidos en una de las automotrices m\u00e1s importantes del pa\u00eds. El gremio SMATA denuncia persecuci\u00f3n sindical y anticipa que la situaci\u00f3n podr\u00eda empeorar. La situaci\u00f3n laboral en la planta de Toyota Argentina en Z\u00e1rate atraviesa un&#8230;<\/p>\n","protected":false},"author":1,"featured_media":5353,"comment_status":"open","ping_status":"open","sticky":false,"template":"","format":"standard","meta":{"_monsterinsights_skip_tracking":false,"_monsterinsights_sitenote_active":false,"_monsterinsights_sitenote_note":"","_monsterinsights_sitenote_category":0,"footnotes":"","jetpack_publicize_message":"","jetpack_publicize_feature_enabled":true,"jetpack_social_post_already_shared":true,"jetpack_social_options":{"image_generator_settings":{"template":"highway","default_image_id":0,"font":"","enabled":false},"version":2}},"categories":[3],"tags":[],"class_list":["post-5354","post","type-post","status-publish","format-standard","has-post-thumbnail","hentry","category-economia"],"jetpack_publicize_connections":[],"_links":{"self":[{"href":"https:\/\/www.enorsai.com\/noticias\/wp-json\/wp\/v2\/posts\/5354","targetHints":{"allow":["GET"]}}],"collection":[{"href":"https:\/\/www.enorsai.com\/noticias\/wp-json\/wp\/v2\/posts"}],"about":[{"href":"https:\/\/www.enorsai.com\/noticias\/wp-json\/wp\/v2\/types\/post"}],"author":[{"embeddable":true,"href":"https:\/\/www.enorsai.com\/noticias\/wp-json\/wp\/v2\/users\/1"}],"replies":[{"embeddable":true,"href":"https:\/\/www.enorsai.com\/noticias\/wp-json\/wp\/v2\/comments?post=5354"}],"version-history":[{"count":0,"href":"https:\/\/www.enorsai.com\/noticias\/wp-json\/wp\/v2\/posts\/5354\/revisions"}],"wp:featuredmedia":[{"embeddable":true,"href":"https:\/\/www.enorsai.com\/noticias\/wp-json\/wp\/v2\/media\/5353"}],"wp:attachment":[{"href":"https:\/\/www.enorsai.com\/noticias\/wp-json\/wp\/v2\/media?parent=5354"}],"wp:term":[{"taxonomy":"category","embeddable":true,"href":"https:\/\/www.enorsai.com\/noticias\/wp-json\/wp\/v2\/categories?post=5354"},{"taxonomy":"post_tag","embeddable":true,"href":"https:\/\/www.enorsai.com\/noticias\/wp-json\/wp\/v2\/tags?post=5354"}],"curies":[{"name":"wp","href":"https:\/\/api.w.org\/{rel}","templated":true}]}}