{"id":5348,"date":"2025-06-18T13:01:34","date_gmt":"2025-06-18T16:01:34","guid":{"rendered":"https:\/\/www.enorsai.com\/noticias\/economia\/estalla-el-conflicto-en-molinos-rio-de-la-plata-despidos-masivos-paro-por-tiempo-indeterminado-y-denuncia-por-desindicalizacion\/"},"modified":"2025-06-18T13:01:34","modified_gmt":"2025-06-18T16:01:34","slug":"estalla-el-conflicto-en-molinos-rio-de-la-plata-despidos-masivos-paro-por-tiempo-indeterminado-y-denuncia-por-desindicalizacion","status":"publish","type":"post","link":"https:\/\/www.enorsai.com\/noticias\/economia\/estalla-el-conflicto-en-molinos-rio-de-la-plata-despidos-masivos-paro-por-tiempo-indeterminado-y-denuncia-por-desindicalizacion\/","title":{"rendered":"Estalla el conflicto en Molinos R\u00edo de la Plata: despidos masivos, paro por tiempo indeterminado y denuncia por desindicalizaci\u00f3n"},"content":{"rendered":"\n<p>El Sindicato de la Alimentaci\u00f3n denuncia cesant\u00edas ilegales, precarizaci\u00f3n y violaciones a la seguridad laboral. La planta paralizada exige la reincorporaci\u00f3n de los despedidos.<br><br>La hist\u00f3rica empresa alimenticia de los P\u00e9rez Companc se encuentra en el centro de una grave denuncia sindical. Trabajadores, delegados y la filial bonaerense del STIA aseguran que los recientes despidos forman parte de un plan deliberado de vaciamiento y ataque a la organizaci\u00f3n sindical. Se inici\u00f3 un paro por tiempo indeterminado y ya interviene el Ministerio de Trabajo provincial.<br><br>La situaci\u00f3n laboral en Molinos R\u00edo de la Plata alcanz\u00f3 un punto cr\u00edtico. Con una medida de fuerza que comenz\u00f3 en el turno noche y que se extiende por tiempo indeterminado, trabajadores y representantes sindicales denuncian una avanzada empresarial que combina despidos masivos, precarizaci\u00f3n laboral, violaci\u00f3n de normas de seguridad y un intento sistem\u00e1tico de desindicalizaci\u00f3n dentro de la planta.<br><br>El conflicto se desat\u00f3 tras el despido de seis empleados el martes por la noche, quienes fueron citados sorpresivamente a la oficina de Recursos Humanos y notificados de su cesant\u00eda frente a una escribana. La tensi\u00f3n aument\u00f3 con la confirmaci\u00f3n de otros cuatro despidos durante la ma\u00f1ana siguiente, totalizando 10 bajas en menos de 24 horas. Seg\u00fan la Comisi\u00f3n Interna y el Sindicato de Trabajadores de la Industria de la Alimentaci\u00f3n (STIA), estos despidos forman parte de un plan planificado y ejecutado por la empresa.<br><br>\u00abSe trata de un plan de cesant\u00edas y precarizaci\u00f3n laboral de la empresa, que ahora se concreta con estos ilegales despidos\u00bb, denunciaron desde la Comisi\u00f3n Interna, que ya hab\u00eda presentado la situaci\u00f3n ante el Ministerio de Trabajo de la Provincia de Buenos Aires. El gremio sostiene que desde el 26 de mayo se vienen registrando maniobras sistem\u00e1ticas de reducci\u00f3n de personal en sectores clave de producci\u00f3n, dejando las dotaciones por debajo de lo recomendado, con impacto directo en la salud y seguridad de los operarios.<br><br>La Comisi\u00f3n Interna, junto a la direcci\u00f3n de STIA Buenos Aires, realiz\u00f3 una asamblea en la que se resolvi\u00f3 iniciar un paro por tiempo indeterminado, exigiendo:<br><br>Reincorporaci\u00f3n inmediata de los despedidos<br><br>Fin del plan de despidos<br><br>Condiciones de trabajo dignas y seguras<br><br><br>La denuncia sindical advierte que estos despidos se produjeron apenas horas antes de la cuarta audiencia convocada por el Ministerio de Trabajo provincial, en el marco de una investigaci\u00f3n por despidos planificados. Para los trabajadores, la empresa actu\u00f3 con plena intenci\u00f3n de romper la organizaci\u00f3n gremial y debilitar la representaci\u00f3n sindical en la planta.<br><br>\u00abNo s\u00f3lo est\u00e1n despidiendo ilegalmente, est\u00e1n ejecutando un proceso de desindicalizaci\u00f3n, imponiendo la precarizaci\u00f3n laboral para producir, afectando la salud y la seguridad del resto de las y los trabajadores, ignorando deliberadamente las intimaciones del Comit\u00e9 Mixto de Seguridad e Higiene\u00bb, alertaron los delegados.<br><br>La situaci\u00f3n se vuelve a\u00fan m\u00e1s grave si se tiene en cuenta que, seg\u00fan lo denunciado el pasado 23 de mayo, la empresa \u2014propiedad del poderoso grupo P\u00e9rez Companc\u2014 convoc\u00f3 reuniones irregulares con trabajadores, en las que se les advirti\u00f3 que, si no aceptaban rebajas salariales y condiciones laborales m\u00e1s exigentes, ser\u00edan despedidos. Esta presi\u00f3n directa sobre el personal fue documentada y comunicada a las autoridades laborales.<br><br>Molinos R\u00edo de la Plata, una de las principales empresas del sector alimenticio argentino y s\u00edmbolo del poder econ\u00f3mico concentrado, vuelve a estar en el centro de la pol\u00e9mica por pr\u00e1cticas empresariales que, seg\u00fan los gremios, violan la legislaci\u00f3n laboral vigente y apuntan a desmantelar los derechos sindicales conquistados.<br><br>Desde el sindicato anticipan que mantendr\u00e1n la medida de fuerza mientras no haya respuesta satisfactoria por parte de la empresa. El conflicto promete escalar si no hay una intervenci\u00f3n efectiva del Ministerio de Trabajo y un freno al ajuste que viene aplicando una de las firmas m\u00e1s poderosas del pa\u00eds, incluso en tiempos de crisis.<br><br><\/p>\n","protected":false},"excerpt":{"rendered":"<p>El Sindicato de la Alimentaci\u00f3n denuncia cesant\u00edas ilegales, precarizaci\u00f3n y violaciones a la seguridad laboral. La planta paralizada exige la reincorporaci\u00f3n de los despedidos. La hist\u00f3rica empresa alimenticia de los P\u00e9rez Companc se encuentra en el centro de una grave denuncia sindical. Trabajadores, delegados y la filial bonaerense del STIA aseguran que los recientes despidos&#8230;<\/p>\n","protected":false},"author":1,"featured_media":5347,"comment_status":"open","ping_status":"open","sticky":false,"template":"","format":"standard","meta":{"_monsterinsights_skip_tracking":false,"_monsterinsights_sitenote_active":false,"_monsterinsights_sitenote_note":"","_monsterinsights_sitenote_category":0,"footnotes":"","jetpack_publicize_message":"","jetpack_publicize_feature_enabled":true,"jetpack_social_post_already_shared":true,"jetpack_social_options":{"image_generator_settings":{"template":"highway","default_image_id":0,"font":"","enabled":false},"version":2}},"categories":[3],"tags":[],"class_list":["post-5348","post","type-post","status-publish","format-standard","has-post-thumbnail","hentry","category-economia"],"jetpack_publicize_connections":[],"_links":{"self":[{"href":"https:\/\/www.enorsai.com\/noticias\/wp-json\/wp\/v2\/posts\/5348","targetHints":{"allow":["GET"]}}],"collection":[{"href":"https:\/\/www.enorsai.com\/noticias\/wp-json\/wp\/v2\/posts"}],"about":[{"href":"https:\/\/www.enorsai.com\/noticias\/wp-json\/wp\/v2\/types\/post"}],"author":[{"embeddable":true,"href":"https:\/\/www.enorsai.com\/noticias\/wp-json\/wp\/v2\/users\/1"}],"replies":[{"embeddable":true,"href":"https:\/\/www.enorsai.com\/noticias\/wp-json\/wp\/v2\/comments?post=5348"}],"version-history":[{"count":0,"href":"https:\/\/www.enorsai.com\/noticias\/wp-json\/wp\/v2\/posts\/5348\/revisions"}],"wp:featuredmedia":[{"embeddable":true,"href":"https:\/\/www.enorsai.com\/noticias\/wp-json\/wp\/v2\/media\/5347"}],"wp:attachment":[{"href":"https:\/\/www.enorsai.com\/noticias\/wp-json\/wp\/v2\/media?parent=5348"}],"wp:term":[{"taxonomy":"category","embeddable":true,"href":"https:\/\/www.enorsai.com\/noticias\/wp-json\/wp\/v2\/categories?post=5348"},{"taxonomy":"post_tag","embeddable":true,"href":"https:\/\/www.enorsai.com\/noticias\/wp-json\/wp\/v2\/tags?post=5348"}],"curies":[{"name":"wp","href":"https:\/\/api.w.org\/{rel}","templated":true}]}}