{"id":5334,"date":"2025-06-18T08:47:09","date_gmt":"2025-06-18T11:47:09","guid":{"rendered":"https:\/\/www.enorsai.com\/noticias\/?p=5334"},"modified":"2025-06-18T08:59:55","modified_gmt":"2025-06-18T11:59:55","slug":"verguenza-operativo-anti-marcha-fuerzas-de-seguridad-bajan-manifestantes-de-los-micros-rumbo-a-plaza-de-mayo","status":"publish","type":"post","link":"https:\/\/www.enorsai.com\/noticias\/politica\/verguenza-operativo-anti-marcha-fuerzas-de-seguridad-bajan-manifestantes-de-los-micros-rumbo-a-plaza-de-mayo\/","title":{"rendered":"\u00a1Verg\u00fcenza! Operativo anti marcha: Fuerzas de seguridad bajan manifestantes de los micros rumbo a Plaza de Mayo"},"content":{"rendered":"\n<p>En un clima de creciente tensi\u00f3n pol\u00edtica, la Gendarmer\u00eda y otras fuerzas realizaron controles arbitrarios en la Autopista Riccheri. Militantes fueron requisados y demorados sin justificaci\u00f3n clara, en lo que algunos se\u00f1alan como un intento de amedrentamiento.<\/p>\n\n\n\n<p>A pocas horas de una movilizaci\u00f3n prevista en apoyo a Cristina Fern\u00e1ndez de Kirchner, se registraron operativos policiales que detuvieron micros en la Autopista Riccheri. Seg\u00fan reportes televisivos, bajaron a manifestantes identificados como militantes pol\u00edticos, requisaron sus pertenencias y generaron un ambiente de intimidaci\u00f3n. La escena, transmitida en vivo, fue catalogada por periodistas y asistentes como un avance del Estado policial y una maniobra disuasiva.<\/p>\n\n\n\n<p>Un operativo de seguridad desplegado sobre la Autopista Riccheri gener\u00f3 una fuerte reacci\u00f3n entre manifestantes y referentes pol\u00edticos que se dirig\u00edan hacia la Ciudad de Buenos Aires. Micros que trasladaban personas a una movilizaci\u00f3n en Plaza de Mayo fueron detenidos por fuerzas de seguridad que, sin orden judicial aparente, procedieron a bajar a los pasajeros, requisar sus pertenencias y controlar su documentaci\u00f3n.<\/p>\n\n\n\n<p>La escena fue registrada en vivo por la motoc\u00e1mara del canal C5N, que transmiti\u00f3 el momento en que los efectivos deten\u00edan colectivos y obligaban a los manifestantes a descender, mientras se escuchaban c\u00e1nticos como \u201c\u00a1Viva Per\u00f3n, viva Evita, viva Cristina, viva N\u00e9stor!\u201d y muestras de respaldo a la expresidenta.<\/p>\n\n\n\n<figure class=\"wp-block-embed is-type-video is-provider-youtube wp-block-embed-youtube wp-embed-aspect-16-9 wp-has-aspect-ratio\"><div class=\"wp-block-embed__wrapper\">\n<iframe loading=\"lazy\" title=\"OPERATIVO ANTI MARCHA: BAJAN GENTE DE LOS MICROS\" width=\"640\" height=\"360\" src=\"https:\/\/www.youtube.com\/embed\/0cvOfL15NWc?feature=oembed\" frameborder=\"0\" allow=\"accelerometer; autoplay; clipboard-write; encrypted-media; gyroscope; picture-in-picture; web-share\" referrerpolicy=\"strict-origin-when-cross-origin\" allowfullscreen><\/iframe>\n<\/div><\/figure>\n\n\n\n<p>\u201cEst\u00e1n bajando gente de los micros directamente. Un estado policial\u201d, se escuch\u00f3 decir a una de las periodistas del canal. \u201cIdentificaron que se trataba de militantes y a partir de all\u00ed comenz\u00f3 la requisa de sus efectos personales, con la \u00fanica intenci\u00f3n de amedrentar, de desalentar\u201d, agreg\u00f3. A pesar del operativo, los manifestantes expresaron que \u201cesto no desalienta a nadie\u201d, y aseguraron que continuar\u00e1n moviliz\u00e1ndose.<\/p>\n\n\n\n<p>La transmisi\u00f3n tambi\u00e9n recogi\u00f3 el testimonio de asistentes que vincularon estos operativos con una estrategia m\u00e1s amplia de silenciamiento pol\u00edtico y proscripci\u00f3n simb\u00f3lica: \u201cEsto va todo en el mismo sentido: que no salga al balc\u00f3n, que no reciba visitas, que se calle. Es proscripci\u00f3n\u201d, denunciaron.<\/p>\n\n\n\n<p>El operativo se produce en el marco de una convocatoria multitudinaria en apoyo a Cristina Fern\u00e1ndez de Kirchner, quien atraviesa una fuerte ofensiva judicial y medi\u00e1tica. Miles de personas se dirig\u00edan hacia la capital para expresar su respaldo, cuando fueron interceptadas por las fuerzas del Estado.<\/p>\n\n\n\n<p>El despliegue de control y amedrentamiento marca un preocupante precedente en materia de derechos civiles y libertades p\u00fablicas. En democracia, el derecho a manifestarse no puede ser coartado por acciones represivas bajo el pretexto de seguridad preventiva. La escena de ciudadanos requisados por \u201cparecer militantes\u201d revive las peores memorias del control ideol\u00f3gico en el espacio p\u00fablico.<\/p>\n\n\n\n<p>El operativo anti marcha, m\u00e1s all\u00e1 de su efectividad o su finalidad, pone en el centro del debate la criminalizaci\u00f3n de la militancia pol\u00edtica, y tensiona los l\u00edmites del accionar estatal frente a la protesta social. En un momento donde se define el futuro de la democracia argentina, las im\u00e1genes de la Riccheri son un llamado de atenci\u00f3n: \u00bfhasta d\u00f3nde est\u00e1 dispuesto a avanzar el poder para callar a quienes piensan distinto?<\/p>\n","protected":false},"excerpt":{"rendered":"<p>En un clima de creciente tensi\u00f3n pol\u00edtica, la Gendarmer\u00eda y otras fuerzas realizaron controles arbitrarios en la Autopista Riccheri. Militantes fueron requisados y demorados sin justificaci\u00f3n clara, en lo que algunos se\u00f1alan como un intento de amedrentamiento. A pocas horas de una movilizaci\u00f3n prevista en apoyo a Cristina Fern\u00e1ndez de Kirchner, se registraron operativos policiales&#8230;<\/p>\n","protected":false},"author":11,"featured_media":5335,"comment_status":"open","ping_status":"open","sticky":false,"template":"","format":"standard","meta":{"_monsterinsights_skip_tracking":false,"_monsterinsights_sitenote_active":false,"_monsterinsights_sitenote_note":"","_monsterinsights_sitenote_category":0,"footnotes":"","jetpack_publicize_message":"","jetpack_publicize_feature_enabled":true,"jetpack_social_post_already_shared":true,"jetpack_social_options":{"image_generator_settings":{"template":"highway","default_image_id":0,"font":"","enabled":false},"version":2}},"categories":[2],"tags":[87,209,69,261,1228,1650,913,1601,72,365],"class_list":["post-5334","post","type-post","status-publish","format-standard","has-post-thumbnail","hentry","category-politica","tag-cristina","tag-democracia","tag-derechos","tag-gendarmeria","tag-kirchnerismo","tag-libertades","tag-manifestacion","tag-militancia","tag-politica","tag-represion"],"jetpack_publicize_connections":[],"_links":{"self":[{"href":"https:\/\/www.enorsai.com\/noticias\/wp-json\/wp\/v2\/posts\/5334","targetHints":{"allow":["GET"]}}],"collection":[{"href":"https:\/\/www.enorsai.com\/noticias\/wp-json\/wp\/v2\/posts"}],"about":[{"href":"https:\/\/www.enorsai.com\/noticias\/wp-json\/wp\/v2\/types\/post"}],"author":[{"embeddable":true,"href":"https:\/\/www.enorsai.com\/noticias\/wp-json\/wp\/v2\/users\/11"}],"replies":[{"embeddable":true,"href":"https:\/\/www.enorsai.com\/noticias\/wp-json\/wp\/v2\/comments?post=5334"}],"version-history":[{"count":2,"href":"https:\/\/www.enorsai.com\/noticias\/wp-json\/wp\/v2\/posts\/5334\/revisions"}],"predecessor-version":[{"id":5337,"href":"https:\/\/www.enorsai.com\/noticias\/wp-json\/wp\/v2\/posts\/5334\/revisions\/5337"}],"wp:featuredmedia":[{"embeddable":true,"href":"https:\/\/www.enorsai.com\/noticias\/wp-json\/wp\/v2\/media\/5335"}],"wp:attachment":[{"href":"https:\/\/www.enorsai.com\/noticias\/wp-json\/wp\/v2\/media?parent=5334"}],"wp:term":[{"taxonomy":"category","embeddable":true,"href":"https:\/\/www.enorsai.com\/noticias\/wp-json\/wp\/v2\/categories?post=5334"},{"taxonomy":"post_tag","embeddable":true,"href":"https:\/\/www.enorsai.com\/noticias\/wp-json\/wp\/v2\/tags?post=5334"}],"curies":[{"name":"wp","href":"https:\/\/api.w.org\/{rel}","templated":true}]}}