{"id":5329,"date":"2025-06-18T08:23:28","date_gmt":"2025-06-18T11:23:28","guid":{"rendered":"https:\/\/www.enorsai.com\/noticias\/?p=5329"},"modified":"2025-06-18T08:23:28","modified_gmt":"2025-06-18T11:23:28","slug":"cuando-el-periodismo-se-disfraza-de-tribunal-el-editorialista-estrella-de-la-nacion-no-informo-dictamino-sentencio-y-hasta-puso-fecha-de-ejecucion","status":"publish","type":"post","link":"https:\/\/www.enorsai.com\/noticias\/politica\/cuando-el-periodismo-se-disfraza-de-tribunal-el-editorialista-estrella-de-la-nacion-no-informo-dictamino-sentencio-y-hasta-puso-fecha-de-ejecucion\/","title":{"rendered":"Cu\u00e1ndo el periodismo se disfraza de tribunal: El editorialista estrella de La Naci\u00f3n no inform\u00f3, dictamin\u00f3, sentenci\u00f3 y hasta puso fecha de ejecuci\u00f3n"},"content":{"rendered":"\n<p><strong>La pluma que encarcela: Morales Sol\u00e1, operador y ejecutor de una condena anunciada<\/strong>. Joaqu\u00edn Morales Sol\u00e1 ya no escribe editoriales: firma condenas. En su \u00faltima nota, el operador pol\u00edtico con credencial de periodista exigi\u00f3 \u2013con nombres, plazos y tono imperativo\u2013 que el Tribunal Oral Federal 2 termine con lo que \u00e9l considera un \u00abespect\u00e1culo pol\u00edtico\u00bb de Cristina Fern\u00e1ndez de Kirchner. \u00bfEl periodismo o la voz oficiosa del poder real? \u00bfLa libertad de expresi\u00f3n o el guion de una venganza? En este art\u00edculo analizamos c\u00f3mo Morales Sol\u00e1 dej\u00f3 de relatar los hechos para protagonizarlos, en una puesta en escena judicial que tiene m\u00e1s de vendetta que de justicia.<\/p>\n\n\n\n<p>Cristina Fern\u00e1ndez de Kirchner est\u00e1 presa. No por orden de un tribunal sino por el capricho de una narrativa que lleva a\u00f1os fragu\u00e1ndose en las redacciones del poder. Y si hay un nombre que sintetiza esa obsesi\u00f3n persecutoria disfrazada de periodismo, ese es Joaqu\u00edn Morales Sol\u00e1. El editorialista de La Naci\u00f3n no solo celebra la detenci\u00f3n de la expresidenta, sino que adem\u00e1s reprocha con virulencia al tribunal que no actu\u00f3 con la celeridad que \u00e9l, desde su escritorio, consideraba correcta. Como si la justicia debiera tomar nota y obedecer.<\/p>\n\n\n\n<p>Desde el primer p\u00e1rrafo, Morales Sol\u00e1 no informa: sentencia. \u201cCristina Kirchner ya est\u00e1 presa\u201d, proclama. Y de ah\u00ed en m\u00e1s despliega un texto donde no hay margen para la duda ni lugar para el an\u00e1lisis. Se impone la afirmaci\u00f3n con voz de trueno, con la arrogancia de quien cree ser m\u00e1s juez que los jueces, m\u00e1s fiscal que los fiscales. El operador pol\u00edtico se camufla tras la tinta del diario m\u00e1s tradicional de la Argentina para exigir que la historia se escriba con su pluma y seg\u00fan sus tiempos.<\/p>\n\n\n\n<p>El gesto no es nuevo, pero s\u00ed escandaloso. Morales Sol\u00e1 ya hab\u00eda exigido la condena de CFK antes de que existiera fallo alguno, incluso cuando las pruebas eran endebles o directamente ausentes. Pero esta vez, su cruzada adquiere un tono disciplinador: \u201cCualquier otra persona en tales circunstancias es notificada en el acto y enviada inmediatamente a prisi\u00f3n\u201d. \u00bfQu\u00e9 pretende? \u00bfUn allanamiento en vivo? \u00bfUna detenci\u00f3n televisada? \u00bfUna rendici\u00f3n p\u00fablica? El ensa\u00f1amiento es tan evidente que ni siquiera se disfraza de ecuanimidad.<\/p>\n\n\n\n<p>Su cr\u00edtica al tribunal oral por \u201chaberle dado ocho d\u00edas corridos\u201d para notificarse no solo es desproporcionada: es peligrosa. Pretende que la justicia act\u00fae como un brazo mec\u00e1nico de la presi\u00f3n medi\u00e1tica. Los jueces Gorini, Gim\u00e9nez Uriburu y Basso son acusados de \u201ccometer un error\u201d por no actuar con la velocidad que el columnista consideraba apropiada. En lugar de cuestionar si esos d\u00edas est\u00e1n amparados por el debido proceso, Morales Sol\u00e1 los se\u00f1ala como c\u00f3mplices de una \u201cpuesta en escena\u201d pol\u00edtica.<\/p>\n\n\n\n<p>Pero el tiro no va solo contra los jueces. El art\u00edculo apunta con munici\u00f3n gruesa tambi\u00e9n contra la militancia y el pueblo que se moviliza. Describe a los simpatizantes de Cristina como una \u201ccrema y nata\u201d del cristinismo que \u201chace pol\u00edtica desde el balc\u00f3n\u201d, y a los militantes de La C\u00e1mpora como una plaga que \u201cconvierte en un infierno la vida cotidiana de los vecinos\u201d. Con lenguaje cargado de desprecio, pinta un cuadro apocal\u00edptico de calles sucias y griter\u00edo constante, como si el ejercicio del derecho a manifestarse fuera una amenaza a la higiene urbana.<\/p>\n\n\n\n<p>\u00bfY qu\u00e9 propone entonces Morales Sol\u00e1? Silencio, encierro y sumisi\u00f3n. La prisi\u00f3n domiciliaria debe venir con mordaza, porque \u201clas salidas al balc\u00f3n estar\u00e1n prohibidas\u201d, dice con satisfacci\u00f3n. Y las visitas pol\u00edticas tambi\u00e9n. El tribunal, a su juicio, corrigi\u00f3 su \u201cerror inicial\u201d imponiendo restricciones que convierten el domicilio en una celda blindada no solo f\u00edsicamente, sino tambi\u00e9n simb\u00f3licamente. Cristina no puede hablar, no puede mostrarse, no puede ser jefa, ni madre pol\u00edtica. Y si lo intenta, Morales Sol\u00e1 estar\u00e1 ah\u00ed para exigir que se la encierre m\u00e1s.<\/p>\n\n\n\n<p>Este episodio no es solo una muestra de animadversi\u00f3n personal o ideol\u00f3gica. Es la evidencia de c\u00f3mo un sector del periodismo ha cruzado la l\u00ednea de manera sistem\u00e1tica. De c\u00f3mo se convirtieron en los escribas del lawfare, d\u00e1ndole formato de editorial a las operaciones de los servicios, los jueces adictos y los intereses corporativos. Y es tambi\u00e9n una advertencia: si se tolera que un periodista dicte los tiempos de la justicia, ma\u00f1ana podr\u00e1 dictar tambi\u00e9n las condenas de cualquier ciudadano o ciudadana que incomode.<\/p>\n\n\n\n<p>La narrativa de Morales Sol\u00e1, tan enf\u00e1tica como revanchista, busca darle sentido a lo que no tiene legitimidad social ni pol\u00edtica: el encarcelamiento de una dirigente sin pruebas firmes, sin instancias claras de defensa, con m\u00e1s sospechas de persecuci\u00f3n que de justicia imparcial. \u201cCristina es la primera presidenta presa por actos corruptos\u201d, repite el columnista, sin mencionar las causas armadas, las causas cerradas, las pericias contradictorias, las recusaciones rechazadas, el juicio pol\u00edtico que nunca fue. Omite todo lo que no le sirve para cerrar su relato. Un relato tan selectivo como t\u00f3xico.<\/p>\n\n\n\n<p>Por eso resulta tan insidiosa la equiparaci\u00f3n forzada que hace con Menem, Yrigoyen y Frondizi. El intento de marcar una \u201cexcepci\u00f3n hist\u00f3rica\u201d es en realidad un acto de manipulaci\u00f3n. Porque lo que de verdad es in\u00e9dito en la historia argentina es que un periodista con llegada diaria a miles de lectores se tome la atribuci\u00f3n de marcarle el ritmo a los jueces, insultarlos por su tibieza, exigir arrestos y condicionar movilizaciones populares desde la comodidad de una columna.<\/p>\n\n\n\n<p>Y es a\u00fan m\u00e1s obsceno el paralelismo que traza con la situaci\u00f3n judicial de Sarkozy, en Francia, como si el uso de tobillera electr\u00f3nica convirtiera autom\u00e1ticamente a cualquier sistema judicial en ejemplo de imparcialidad. En esa comparaci\u00f3n burda, pretende vendernos una imagen de justicia rigurosa que, en realidad, no es m\u00e1s que una escenificaci\u00f3n de poder. Lo que busca Morales Sol\u00e1 no es justicia: es escarmiento. Lo que promueve no es el respeto al Estado de Derecho, sino el disciplinamiento de la pol\u00edtica por la v\u00eda del encarcelamiento.<\/p>\n\n\n\n<p>As\u00ed, entre l\u00edneas, queda expuesta la verdadera intenci\u00f3n del texto: dejar a Cristina fuera del tablero. Despojarla de voz, de presencia, de autoridad. Pero esa maniobra tiene un l\u00edmite, y es el pueblo. El pueblo que se organiza, que moviliza, que resiste. El pueblo que sabe que una prisi\u00f3n no alcanza para borrar una historia. Que una tobillera no apaga una voz. Que ni siquiera una columna diaria en un diario centenario puede ocultar la verdad: que a Cristina la persiguen no por lo que hizo mal, sino por lo que represent\u00f3 y representa.<\/p>\n\n\n\n<p>Morales Sol\u00e1 podr\u00e1 seguir escribiendo sus condenas desde la impunidad que le garantiza su tribuna. Pero la historia, esa que no se deja redactar tan f\u00e1cilmente, lo pondr\u00e1 donde corresponde: del lado de los que usaron el periodismo para servir al poder y no a la verdad.<\/p>\n\n\n\n<p>Fuente:<\/p>\n\n\n\n<ul class=\"wp-block-list\">\n<li><a href=\"https:\/\/www.lanacion.com.ar\/politica\/ante-un-caso-unico-en-la-historia-nid17062025\/\">https:\/\/www.lanacion.com.ar\/politica\/ante-un-caso-unico-en-la-historia-nid17062025\/<\/a><\/li>\n<\/ul>\n","protected":false},"excerpt":{"rendered":"<p>En su editorial m\u00e1s reciente, Joaqu\u00edn Morales Sol\u00e1 dej\u00f3 de lado cualquier pretensi\u00f3n period\u00edstica para convertirse en un operador judicial. Exigi\u00f3 la detenci\u00f3n inmediata de Cristina Fern\u00e1ndez de Kirchner, marcando tiempos y condiciones, y revel\u00f3 as\u00ed el rol disciplinador que La Naci\u00f3n cumple en la guerra judicial contra el kirchnerismo.<\/p>\n","protected":false},"author":2,"featured_media":5330,"comment_status":"open","ping_status":"open","sticky":false,"template":"","format":"standard","meta":{"_monsterinsights_skip_tracking":false,"_monsterinsights_sitenote_active":false,"_monsterinsights_sitenote_note":"","_monsterinsights_sitenote_category":0,"footnotes":"","jetpack_publicize_message":"\ud83d\udce3 Morales Sol\u00e1 no escribi\u00f3 una nota: dict\u00f3 sentencia. En esta columna incendiaria, exige la prisi\u00f3n de CFK y marca el pulso de una justicia servil al poder real. Le\u00e9 nuestra respuesta cr\u00edtica, provocadora y urgente. \u00a1No dejemos que el periodismo se convierta en tribunal! \ud83d\udc4a","jetpack_publicize_feature_enabled":true,"jetpack_social_post_already_shared":false,"jetpack_social_options":{"image_generator_settings":{"template":"highway","default_image_id":0,"enabled":false},"version":2}},"categories":[2],"tags":[87,70,1228,807,234,178,1648,267,72,1649],"class_list":["post-5329","post","type-post","status-publish","format-standard","has-post-thumbnail","hentry","category-politica","tag-cristina","tag-justicia","tag-kirchnerismo","tag-lanacion","tag-lawfare","tag-medios","tag-moralessola","tag-persecucion","tag-politica","tag-prision"],"jetpack_publicize_connections":[],"_links":{"self":[{"href":"https:\/\/www.enorsai.com\/noticias\/wp-json\/wp\/v2\/posts\/5329","targetHints":{"allow":["GET"]}}],"collection":[{"href":"https:\/\/www.enorsai.com\/noticias\/wp-json\/wp\/v2\/posts"}],"about":[{"href":"https:\/\/www.enorsai.com\/noticias\/wp-json\/wp\/v2\/types\/post"}],"author":[{"embeddable":true,"href":"https:\/\/www.enorsai.com\/noticias\/wp-json\/wp\/v2\/users\/2"}],"replies":[{"embeddable":true,"href":"https:\/\/www.enorsai.com\/noticias\/wp-json\/wp\/v2\/comments?post=5329"}],"version-history":[{"count":1,"href":"https:\/\/www.enorsai.com\/noticias\/wp-json\/wp\/v2\/posts\/5329\/revisions"}],"predecessor-version":[{"id":5331,"href":"https:\/\/www.enorsai.com\/noticias\/wp-json\/wp\/v2\/posts\/5329\/revisions\/5331"}],"wp:featuredmedia":[{"embeddable":true,"href":"https:\/\/www.enorsai.com\/noticias\/wp-json\/wp\/v2\/media\/5330"}],"wp:attachment":[{"href":"https:\/\/www.enorsai.com\/noticias\/wp-json\/wp\/v2\/media?parent=5329"}],"wp:term":[{"taxonomy":"category","embeddable":true,"href":"https:\/\/www.enorsai.com\/noticias\/wp-json\/wp\/v2\/categories?post=5329"},{"taxonomy":"post_tag","embeddable":true,"href":"https:\/\/www.enorsai.com\/noticias\/wp-json\/wp\/v2\/tags?post=5329"}],"curies":[{"name":"wp","href":"https:\/\/api.w.org\/{rel}","templated":true}]}}