{"id":5326,"date":"2025-06-18T08:02:21","date_gmt":"2025-06-18T11:02:21","guid":{"rendered":"https:\/\/www.enorsai.com\/noticias\/?p=5326"},"modified":"2025-06-18T08:08:52","modified_gmt":"2025-06-18T11:08:52","slug":"milei-y-bullrich-avanzan-con-una-reforma-de-la-policia-federal-que-habilita-detenciones-arbitrarias-requisas-sin-orden-judicial-y-vigilancia-digital-masiva","status":"publish","type":"post","link":"https:\/\/www.enorsai.com\/noticias\/politica\/milei-y-bullrich-avanzan-con-una-reforma-de-la-policia-federal-que-habilita-detenciones-arbitrarias-requisas-sin-orden-judicial-y-vigilancia-digital-masiva\/","title":{"rendered":"Milei y Bullrich avanzan con una reforma de la Polic\u00eda Federal que habilita detenciones arbitrarias, requisas sin orden judicial y vigilancia digital masiva"},"content":{"rendered":"\n<p><strong><em>La ministra Patricia Bullrich public\u00f3 una resoluci\u00f3n que permite a la Polic\u00eda Federal realizar ciberpatrullajes, revisar pertenencias en la v\u00eda p\u00fablica y detener personas sin intervenci\u00f3n judicial. La medida, celebrada como una \u00abmodernizaci\u00f3n\u00bb por el oficialismo, esconde un modelo de control social extremo que vulnera garant\u00edas constitucionales. La oposici\u00f3n y organismos de derechos humanos ya anticipan acciones legales ante una resoluci\u00f3n que recuerda a los peores momentos del pasado.<\/em><\/strong><\/p>\n\n\n\n<p>La resoluci\u00f3n 390\/2025, publicada con sigilo quir\u00fargico en el Bolet\u00edn Oficial, marca un antes y un despu\u00e9s en el rol de la Polic\u00eda Federal Argentina (PFA). Lejos de una simple reorganizaci\u00f3n burocr\u00e1tica, lo que Patricia Bullrich ha puesto en marcha es un reentrenamiento ideol\u00f3gico, una refundaci\u00f3n encubierta de la fuerza bajo par\u00e1metros que bien podr\u00edan confundirse con un modelo de inteligencia interior al estilo FBI, sin los controles ni los contrapesos que la democracia exige.<\/p>\n\n\n\n<p>A partir de ahora, los agentes federales podr\u00e1n requisar a ciudadanos en la v\u00eda p\u00fablica sin necesidad de orden judicial. \u00bfEl motivo? Una \u201csospecha razonable\u201d, un concepto tan et\u00e9reo como peligroso, que abre las puertas a abusos, discriminaci\u00f3n y persecuciones arbitrarias. Como si eso fuera poco, se habilita tambi\u00e9n el ciberpatrullaje activo: la vigilancia sistem\u00e1tica de redes sociales y contenidos digitales, sin control judicial previo.<\/p>\n\n\n\n<p>En otras palabras, el gobierno de Javier Milei ha institucionalizado el espionaje social y la represi\u00f3n anticipada, disfraz\u00e1ndolo de eficiencia y modernizaci\u00f3n. Y todo esto en un pa\u00eds con heridas abiertas por la persecuci\u00f3n ideol\u00f3gica, el espionaje ilegal y el uso pol\u00edtico de las fuerzas de seguridad.<\/p>\n\n\n\n<p>Seg\u00fan la letra del texto oficial, los agentes podr\u00e1n actuar \u201csin orden judicial, cuando existiera sospecha razonable de peligro\u201d, un enunciado que rompe la columna vertebral del derecho penal moderno: el principio de inocencia y la necesidad de control judicial para la restricci\u00f3n de libertades individuales. \u00bfDesde cu\u00e1ndo el \u201cpeligro\u201d lo define un agente armado sin rendici\u00f3n de cuentas?<\/p>\n\n\n\n<p>Bullrich no solo avanza en el terreno operativo. Tambi\u00e9n reestructura toda la cadena de mandos y funciones de la PFA, orientando a la instituci\u00f3n hacia una doctrina de combate permanente. Se crean nuevas divisiones con nombres altisonantes como \u201cCiberdelitos Federales\u201d, \u201cAntiterrorismo Digital\u201d y \u201cVigilancia Preventiva\u201d, todas bajo el ala de una superintendencia blindada pol\u00edticamente y que responde directamente a la ministra.<\/p>\n\n\n\n<p>No es casual: detr\u00e1s de la jerga t\u00e9cnica, lo que se instala es un sistema de control sobre la ciudadan\u00eda, especialmente sobre militantes, movimientos sociales, referentes sindicales y cr\u00edticos del gobierno. Se trata de una arquitectura represiva que, lejos de combatir el crimen organizado, parece apuntar al disciplinamiento del descontento social.<\/p>\n\n\n\n<p>El Estado, que deber\u00eda proteger derechos, se convierte en una maquinaria para vigilar, fichar y perseguir. Bajo esta nueva doctrina, un tuit cr\u00edtico o una foto en una manifestaci\u00f3n pueden ser considerados indicios de peligrosidad. As\u00ed, se legaliza el espionaje civil y se retrocede d\u00e9cadas en materia de libertades individuales.<\/p>\n\n\n\n<p>Distintos sectores de la oposici\u00f3n ya alzaron la voz. Desde el peronismo hasta la izquierda, la reforma fue le\u00edda como un avance autoritario inadmisible. Legisladores y especialistas advierten que la resoluci\u00f3n contradice principios constitucionales y tratados internacionales firmados por Argentina. Incluso dentro del sistema judicial hay preocupaci\u00f3n por la ruptura del principio de legalidad y por el empoderamiento desmedido de las fuerzas de seguridad.<\/p>\n\n\n\n<p>Organismos de derechos humanos tambi\u00e9n se manifestaron en estado de alerta. El CELS, por ejemplo, advirti\u00f3 que esta reforma es \u201cuna amenaza directa al derecho a la protesta, la libertad de expresi\u00f3n y la privacidad\u201d. Amnist\u00eda Internacional analiza posibles presentaciones ante organismos internacionales por violaciones sistem\u00e1ticas de derechos humanos.<\/p>\n\n\n\n<p>Pero el gobierno, lejos de recular, redobla la apuesta. Bullrich justific\u00f3 la medida argumentando que \u201chay que prevenir el delito antes de que ocurra\u201d. Un razonamiento que, traducido sin eufemismos, significa instaurar un modelo de sospecha permanente, donde todo ciudadano es potencialmente peligroso.<\/p>\n\n\n\n<p>La l\u00f3gica del \u201cenemigo interno\u201d se reactiva bajo un ropaje liberal que, en los hechos, no duda en usar herramientas del autoritarismo m\u00e1s crudo. La paradoja es brutal: en nombre de la libertad, se cercenan derechos b\u00e1sicos; en nombre de la seguridad, se legaliza el atropello institucional.<\/p>\n\n\n\n<p>No es un movimiento aislado. Este tipo de reformas encajan con el resto del andamiaje del gobierno de Milei: recorte de libertades, demonizaci\u00f3n de la protesta, represi\u00f3n a los trabajadores y blindaje medi\u00e1tico de sus medidas m\u00e1s impopulares. La Polic\u00eda Federal, bajo esta reforma, se convierte en una pieza m\u00e1s del engranaje libertario: no para garantizar seguridad, sino para disciplinar a la sociedad civil.<\/p>\n\n\n\n<p>La historia argentina ya ha conocido estos mecanismos. Los a\u00f1os del \u201cProceso\u201d y el espionaje pol\u00edtico durante el menemismo o el macrismo dejaron huellas que a\u00fan duelen. Y sin embargo, este gobierno las reedita con descaro, apelando a una \u00e9pica de \u201cmano dura\u201d que promete orden a cualquier costo.<\/p>\n\n\n\n<p>Y el costo, una vez m\u00e1s, lo paga el pueblo. Porque esta no es una reforma policial, sino un cambio de r\u00e9gimen en c\u00e1mara lenta. Un intento por domesticar la democracia desde las fuerzas de seguridad, colocando al Estado del lado del garrote y no de la Constituci\u00f3n.<\/p>\n\n\n\n<p>Es urgente que la sociedad despierte ante esta deriva peligrosa. No hay democracia posible cuando se normaliza la vigilancia sin control, la detenci\u00f3n sin causa y la represi\u00f3n sin l\u00edmite. La libertad no se defiende con patrullas, sino con justicia, derechos y participaci\u00f3n activa.<\/p>\n\n\n\n<p>Queda por ver si el Congreso, la Justicia o los organismos internacionales actuar\u00e1n con la velocidad que este momento demanda. Porque lo que est\u00e1 en juego no es una resoluci\u00f3n t\u00e9cnica ni una reorganizaci\u00f3n institucional. Lo que se est\u00e1 desmantelando, art\u00edculo tras art\u00edculo, es el contrato democr\u00e1tico.<\/p>\n\n\n\n<p>Fuentes:<\/p>\n\n\n\n<ul class=\"wp-block-list\">\n<li><a href=\"https:\/\/www.lapoliticaonline.com\/politica\/reforma-de-la-policia-federal-patricia-habilita-el-ciberpatrullaje-y-las-requisas-sin-orden-judicial\/\">https:\/\/www.lapoliticaonline.com\/politica\/reforma-de-la-policia-federal-patricia-habilita-el-ciberpatrullaje-y-las-requisas-sin-orden-judicial\/<\/a><\/li>\n\n\n\n<li><a href=\"https:\/\/www.tiempoar.com.ar\/ta_article\/policia-federal-fbi\/\">https:\/\/www.tiempoar.com.ar\/ta_article\/policia-federal-fbi\/<\/a><\/li>\n\n\n\n<li><a href=\"https:\/\/www.lanacion.com.ar\/politica\/la-oposicion-advirtio-que-la-reforma-de-la-policia-federal-le-permitira-realizar-requisas-y-nid18062025\/\">https:\/\/www.lanacion.com.ar\/politica\/la-oposicion-advirtio-que-la-reforma-de-la-policia-federal-le-permitira-realizar-requisas-y-nid18062025\/<\/a><\/li>\n\n\n\n<li><a href=\"https:\/\/www.adnrionegro.com.ar\/2025\/06\/autorizan-ciberpatrullaje-y-requisas-sin-orden-judicial\/\">https:\/\/www.adnrionegro.com.ar\/2025\/06\/autorizan-ciberpatrullaje-y-requisas-sin-orden-judicial\/<\/a><\/li>\n\n\n\n<li><a href=\"https:\/\/www.ellitoral.com.ar\/nacional\/2025-6-17-17-2-0-ciberpatrullaje-bajo-la-lupa-polemica-por-el-nuevo-rol-digital-de-la-policia-federal\">https:\/\/www.ellitoral.com.ar\/nacional\/2025-6-17-17-2-0-ciberpatrullaje-bajo-la-lupa-polemica-por-el-nuevo-rol-digital-de-la-policia-federal<\/a><\/li>\n\n\n\n<li><a href=\"https:\/\/www.eldestapeweb.com\/politica\/policia-federal\/detenciones-ilegales-ciberpatrullaje-y-requisas-sin-orden-cambios-en-la-pfa-de-bullrich-202561711018\">https:\/\/www.eldestapeweb.com\/politica\/policia-federal\/detenciones-ilegales-ciberpatrullaje-y-requisas-sin-orden-cambios-en-la-pfa-de-bullrich-202561711018<\/a><\/li>\n<\/ul>\n","protected":false},"excerpt":{"rendered":"<p>El gobierno de Javier Milei impulsa una reforma en la Polic\u00eda Federal que legaliza detenciones sin orden, requisas arbitrarias y vigilancia digital masiva. Patricia Bullrich impone un modelo represivo que viola derechos constitucionales y reactiva fantasmas del pasado. La democracia argentina, otra vez, en peligro por decreto.<\/p>\n","protected":false},"author":12,"featured_media":5327,"comment_status":"open","ping_status":"open","sticky":false,"template":"","format":"standard","meta":{"_monsterinsights_skip_tracking":false,"_monsterinsights_sitenote_active":false,"_monsterinsights_sitenote_note":"","_monsterinsights_sitenote_category":0,"footnotes":"","jetpack_publicize_message":"\ud83d\udea8 \u00a1Atenci\u00f3n! El gobierno de Milei acaba de habilitar detenciones sin orden judicial, requisas arbitrarias y espionaje digital. \u00bfDemocracia? Cada vez m\u00e1s lejos. Le\u00e9 nuestra nota y enterate c\u00f3mo la Polic\u00eda Federal se transforma en un aparato de control social. No nos callamos. \u270a","jetpack_publicize_feature_enabled":true,"jetpack_social_post_already_shared":false,"jetpack_social_options":{"image_generator_settings":{"template":"highway","default_image_id":0,"enabled":false},"version":2}},"categories":[2],"tags":[93,262,1647,209,69,45,474,365,86,1533],"class_list":["post-5326","post","type-post","status-publish","format-standard","has-post-thumbnail","hentry","category-politica","tag-argentina","tag-bullrich","tag-ciberpatrullaje","tag-democracia","tag-derechos","tag-milei","tag-policia","tag-represion","tag-seguridad","tag-vigilancia"],"jetpack_publicize_connections":[],"_links":{"self":[{"href":"https:\/\/www.enorsai.com\/noticias\/wp-json\/wp\/v2\/posts\/5326","targetHints":{"allow":["GET"]}}],"collection":[{"href":"https:\/\/www.enorsai.com\/noticias\/wp-json\/wp\/v2\/posts"}],"about":[{"href":"https:\/\/www.enorsai.com\/noticias\/wp-json\/wp\/v2\/types\/post"}],"author":[{"embeddable":true,"href":"https:\/\/www.enorsai.com\/noticias\/wp-json\/wp\/v2\/users\/12"}],"replies":[{"embeddable":true,"href":"https:\/\/www.enorsai.com\/noticias\/wp-json\/wp\/v2\/comments?post=5326"}],"version-history":[{"count":1,"href":"https:\/\/www.enorsai.com\/noticias\/wp-json\/wp\/v2\/posts\/5326\/revisions"}],"predecessor-version":[{"id":5328,"href":"https:\/\/www.enorsai.com\/noticias\/wp-json\/wp\/v2\/posts\/5326\/revisions\/5328"}],"wp:featuredmedia":[{"embeddable":true,"href":"https:\/\/www.enorsai.com\/noticias\/wp-json\/wp\/v2\/media\/5327"}],"wp:attachment":[{"href":"https:\/\/www.enorsai.com\/noticias\/wp-json\/wp\/v2\/media?parent=5326"}],"wp:term":[{"taxonomy":"category","embeddable":true,"href":"https:\/\/www.enorsai.com\/noticias\/wp-json\/wp\/v2\/categories?post=5326"},{"taxonomy":"post_tag","embeddable":true,"href":"https:\/\/www.enorsai.com\/noticias\/wp-json\/wp\/v2\/tags?post=5326"}],"curies":[{"name":"wp","href":"https:\/\/api.w.org\/{rel}","templated":true}]}}