{"id":5314,"date":"2025-06-17T20:52:53","date_gmt":"2025-06-17T23:52:53","guid":{"rendered":"https:\/\/www.enorsai.com\/noticias\/?p=5314"},"modified":"2025-06-18T09:07:36","modified_gmt":"2025-06-18T12:07:36","slug":"el-pueblo-no-baja-los-brazos-ante-la-persecucion-contra-cfk-el-peronismo-vuelve-a-ocupar-la-plaza-de-mayo-manana-a-las-14hs","status":"publish","type":"post","link":"https:\/\/www.enorsai.com\/noticias\/politica\/el-pueblo-no-baja-los-brazos-ante-la-persecucion-contra-cfk-el-peronismo-vuelve-a-ocupar-la-plaza-de-mayo-manana-a-las-14hs\/","title":{"rendered":"El pueblo no baja los brazos ante la persecuci\u00f3n contra CFK, el peronismo vuelve a ocupar la Plaza de Mayo ma\u00f1ana a las 14hs"},"content":{"rendered":"\n<p>Con una convocatoria que desborda estructuras y una Plaza de Mayo que vuelve a convertirse en s\u00edmbolo de resistencia, el peronismo responde con movilizaci\u00f3n pol\u00edtica a una nueva avanzada judicial contra la figura de Cristina Fern\u00e1ndez de Kirchner. En medio del intento de disciplinamiento institucional impulsado por el gobierno de Javier Milei, esta masiva expresi\u00f3n popular se alza como un grito colectivo contra la proscripci\u00f3n y el ajuste.<\/p>\n\n\n\n<p>La historia vuelve a repetirse, pero esta vez con una intensidad que quema. Cristina Fern\u00e1ndez de Kirchner es nuevamente blanco de una ofensiva judicial que, m\u00e1s all\u00e1 de su fachada jur\u00eddica, tiene una clara ra\u00edz pol\u00edtica: eliminar del tablero a la dirigente que representa la \u00fanica alternativa real al proyecto de saqueo en curso. Frente a este escenario, el peronismo no titubea: convoca, marcha, ocupa las calles. La Plaza de Mayo, esa geograf\u00eda cargada de memoria y luchas, se prepara una vez m\u00e1s para ser escenario del rechazo popular al intento de proscripci\u00f3n de quien millones consideran su conductora pol\u00edtica.<\/p>\n\n\n\n<p>La convocatoria no es un mero acto partidario. Es una expresi\u00f3n transversal que rebasa estructuras y desaf\u00eda etiquetas. Gobernadores, intendentes, sindicatos, organizaciones sociales, agrupaciones de base, juventudes y miles de ciudadanos sin pertenencia formal a ninguna organizaci\u00f3n se movilizan empujados por una certeza compartida: a Cristina la quieren silenciar porque representa un obst\u00e1culo al modelo de ajuste brutal que encarna Javier Milei. Y eso no se va a tolerar.<\/p>\n\n\n\n<p>Lo que comenz\u00f3 como un debate t\u00e1ctico entre sectores del peronismo \u2014sobre si marchar al Congreso o a la Plaza de Mayo\u2014 termin\u00f3 cristaliz\u00e1ndose en una decisi\u00f3n unificadora: la Plaza, como en los grandes momentos de la historia argentina, es el lugar donde se levanta la dignidad del pueblo frente al atropello institucional. El mi\u00e9rcoles, desde el mediod\u00eda, miles de personas empezaron a concentrarse con una consigna tan sencilla como poderosa: \u201cCon Cristina no se jode\u201d.<\/p>\n\n\n\n<p>La elecci\u00f3n de la Plaza de Mayo no es caprichosa ni simb\u00f3lica \u00fanicamente. Es un mensaje directo al poder. Es el coraz\u00f3n pol\u00edtico de la Naci\u00f3n. Es el sitio donde los presidentes saludan, pero tambi\u00e9n donde se les reclama, donde se alzan pa\u00f1uelos, se canta el himno y se resiste el embate de los poderosos. La decisi\u00f3n de movilizar all\u00ed implica una toma de posici\u00f3n expl\u00edcita frente a un r\u00e9gimen judicial cada vez m\u00e1s descarado, alineado con los intereses de una casta econ\u00f3mica que no tolera los l\u00edmites democr\u00e1ticos.<\/p>\n\n\n\n<p>La causa judicial que pretende cercar a Cristina, esa que avanza sin pruebas y con testigos fabricados, es apenas la punta del iceberg. El verdadero objetivo es disciplinar a todo un movimiento popular que se niega a aceptar la demolici\u00f3n del Estado, de los derechos laborales, de la universidad p\u00fablica, de la soberan\u00eda energ\u00e9tica. El mensaje es claro: si pudieron con Cristina, podr\u00e1n con cualquiera. Pero la respuesta tambi\u00e9n es clara: no van a poder con todos.<\/p>\n\n\n\n<p>En este contexto, la convocatoria no es s\u00f3lo por Cristina. Es tambi\u00e9n por cada derecho que hoy est\u00e1 siendo desguazado por el gobierno de Javier Milei. Porque no se trata s\u00f3lo de una dirigente judicializada: se trata del intento de erradicar una visi\u00f3n de pa\u00eds inclusivo, solidario y soberano. Por eso, la marcha de este mi\u00e9rcoles excede lo electoral y lo judicial. Es una expresi\u00f3n del hartazgo ante un modelo que gobierna para unos pocos, mientras castiga con sa\u00f1a a las mayor\u00edas.<\/p>\n\n\n\n<p>Resulta imposible ignorar la dimensi\u00f3n emocional de la convocatoria. En cada consigna, en cada pancarta, en cada paso hacia la Plaza, late la memoria del peronismo perseguido, del exilio, de la c\u00e1rcel y del fusilamiento. Cristina representa \u2014como pocas figuras\u2014 esa historia de resistencia popular. No es casual que su figura despierte tanta pasi\u00f3n: encarna la posibilidad de un pa\u00eds distinto, de una patria que no se rinde ante los dictados del FMI ni los delirios anarco-capitalistas.<\/p>\n\n\n\n<p>El operativo de movilizaci\u00f3n fue amplio y diverso. Desde La C\u00e1mpora hasta los gremios de la CGT y la CTA, pasando por intendentes bonaerenses, gobernadores del Norte Grande, agrupaciones kirchneristas, movimientos sociales y hasta sectores del PJ tradicional que comprendieron que el momento exige unidad en la calle. Incluso aquellos que mantienen diferencias internas con Cristina entienden que lo que est\u00e1 en juego excede cualquier diferencia coyuntural: se trata de defender la democracia frente al avance de un gobierno que busca eliminar toda disidencia, incluso por v\u00edas extralegales.<\/p>\n\n\n\n<p>No es casual que esta movilizaci\u00f3n coincida con una avanzada sistem\u00e1tica del gobierno de Milei contra todo lo que huela a organizaci\u00f3n popular. La represi\u00f3n a las protestas, los decretos que habilitan detenciones sin orden judicial, la criminalizaci\u00f3n de la pobreza, el vaciamiento de organismos p\u00fablicos y la persecuci\u00f3n medi\u00e1tica forman parte de un mismo entramado que busca debilitar la capacidad de respuesta social. Por eso la marcha es tambi\u00e9n un acto de rebeld\u00eda contra el miedo, una afirmaci\u00f3n de que la calle sigue siendo un territorio de disputa.<\/p>\n\n\n\n<p>El gobierno, por su parte, minimiza el conflicto y acusa a los movilizados de defender privilegios. Viejo truco. En lugar de asumir su responsabilidad frente a una crisis social devastadora, Milei y sus voceros recurren al manual del antiperonismo m\u00e1s rancio: criminalizar la protesta, banalizar la organizaci\u00f3n pol\u00edtica, demonizar a los referentes populares. Pero lo que no logran entender es que cada ataque no debilita al movimiento, sino que lo cohesiona. Porque ante la injusticia, el pueblo argentino responde con memoria y con presencia.<\/p>\n\n\n\n<p>En medio de este clima de confrontaci\u00f3n, la figura de Cristina se agiganta. No por marketing, ni por operaciones, sino porque expresa una esperanza concreta en un horizonte donde todo parece hundirse. En un pa\u00eds donde el salario se pulveriza, la salud se desmantela, los alimentos se encarecen y las universidades se vac\u00edan, la dirigenta se convierte en un s\u00edmbolo de aquello que alguna vez fue posible y que a\u00fan se puede recuperar. No es culto a la personalidad. Es pol\u00edtica en estado puro.<\/p>\n\n\n\n<p>No faltar\u00e1n quienes, desde la comodidad de sus despachos o estudios de televisi\u00f3n, cuestionen la movilizaci\u00f3n, la tilden de \u201cretrograda\u201d o \u201cclientelista\u201d. Lo hacen porque temen. Temen a un pueblo que no se resigna. Temen a una dirigenta que, pese a los embates, sigue convocando multitudes. Temen a una historia que demuestra que cada vez que el peronismo fue perseguido, volvi\u00f3 con m\u00e1s fuerza. No entienden \u2014o no quieren entender\u2014 que cuando se toca a Cristina, se est\u00e1 tocando a millones.<\/p>\n\n\n\n<p>La marcha de este mi\u00e9rcoles no es una postal m\u00e1s del calendario pol\u00edtico. Es una advertencia. Una se\u00f1al clara de que, pese al intento de disciplinamiento judicial, pese a la represi\u00f3n, pese al ajuste, el peronismo sigue vivo. Y m\u00e1s a\u00fan: sigue siendo el principal obst\u00e1culo para quienes sue\u00f1an con un pa\u00eds sin justicia social. No hay proscripci\u00f3n que valga frente a un pueblo movilizado. No hay fallo judicial que pueda m\u00e1s que la voluntad popular.<\/p>\n\n\n\n<p>El gobierno de Milei podr\u00e1 ignorar la marcha, minimizarla o incluso reprimirla. Pero no podr\u00e1 tapar el sol con un dedo. Porque la historia argentina est\u00e1 escrita en las plazas, y este mi\u00e9rcoles una nueva p\u00e1gina fue escrita con miles de gargantas que, al un\u00edsono, repitieron la consigna de siempre: \u201cLa Patria no se vende. A Cristina no se la toca\u201d.<\/p>\n\n\n\n<p>Y si no lo entendieron hoy, lo entender\u00e1n en las urnas. O en las calles. O en la historia.<\/p>\n\n\n\n<p>Fuente:<\/p>\n\n\n\n<ul class=\"wp-block-list\">\n<li><a href=\"https:\/\/www.tiempoar.com.ar\/ta_article\/en-apoyo-de-cristina-todos-los-sectores-del-peronismo-movilizan-este-miercoles-a-plaza-de-mayo\/\">https:\/\/www.tiempoar.com.ar\/ta_article\/en-apoyo-de-cristina-todos-los-sectores-del-peronismo-movilizan-este-miercoles-a-plaza-de-mayo\/<\/a><\/li>\n\n\n\n<li><a href=\"https:\/\/www.lapoliticaonline.com\/politica\/el-peronismo-debate-si-marcha-al-congreso-o-a-plaza-de-mayo\/\">https:\/\/www.lapoliticaonline.com\/politica\/el-peronismo-debate-si-marcha-al-congreso-o-a-plaza-de-mayo\/<\/a><\/li>\n\n\n\n<li><a href=\"https:\/\/www.pagina12.com.ar\/834865-se-mantiene-la-convocatoria-masiva-en-apoyo-a-cristina-kirch\">https:\/\/www.pagina12.com.ar\/834865-se-mantiene-la-convocatoria-masiva-en-apoyo-a-cristina-kirch<\/a><\/li>\n<\/ul>\n","protected":false},"excerpt":{"rendered":"<p>Con una convocatoria que desborda estructuras y una Plaza de Mayo que vuelve a convertirse en s\u00edmbolo de resistencia, el peronismo responde con movilizaci\u00f3n pol\u00edtica a una nueva avanzada judicial contra la figura de Cristina Fern\u00e1ndez de Kirchner. En medio del intento de disciplinamiento institucional impulsado por el gobierno de Javier Milei, esta masiva expresi\u00f3n&#8230;<\/p>\n","protected":false},"author":13,"featured_media":5315,"comment_status":"open","ping_status":"open","sticky":false,"template":"","format":"standard","meta":{"_monsterinsights_skip_tracking":false,"_monsterinsights_sitenote_active":false,"_monsterinsights_sitenote_note":"","_monsterinsights_sitenote_category":0,"footnotes":"","jetpack_publicize_message":"","jetpack_publicize_feature_enabled":true,"jetpack_social_post_already_shared":true,"jetpack_social_options":{"image_generator_settings":{"template":"highway","default_image_id":0,"font":"","enabled":false},"version":2}},"categories":[2],"tags":[87,70,45,974,363,1654,1392,1280,365,137],"class_list":["post-5314","post","type-post","status-publish","format-standard","has-post-thumbnail","hentry","category-politica","tag-cristina","tag-justicia","tag-milei","tag-movilizacion","tag-peronismo","tag-plaza","tag-proscripcion","tag-pueblo","tag-represion","tag-resistencia"],"jetpack_publicize_connections":[],"_links":{"self":[{"href":"https:\/\/www.enorsai.com\/noticias\/wp-json\/wp\/v2\/posts\/5314","targetHints":{"allow":["GET"]}}],"collection":[{"href":"https:\/\/www.enorsai.com\/noticias\/wp-json\/wp\/v2\/posts"}],"about":[{"href":"https:\/\/www.enorsai.com\/noticias\/wp-json\/wp\/v2\/types\/post"}],"author":[{"embeddable":true,"href":"https:\/\/www.enorsai.com\/noticias\/wp-json\/wp\/v2\/users\/13"}],"replies":[{"embeddable":true,"href":"https:\/\/www.enorsai.com\/noticias\/wp-json\/wp\/v2\/comments?post=5314"}],"version-history":[{"count":2,"href":"https:\/\/www.enorsai.com\/noticias\/wp-json\/wp\/v2\/posts\/5314\/revisions"}],"predecessor-version":[{"id":5319,"href":"https:\/\/www.enorsai.com\/noticias\/wp-json\/wp\/v2\/posts\/5314\/revisions\/5319"}],"wp:featuredmedia":[{"embeddable":true,"href":"https:\/\/www.enorsai.com\/noticias\/wp-json\/wp\/v2\/media\/5315"}],"wp:attachment":[{"href":"https:\/\/www.enorsai.com\/noticias\/wp-json\/wp\/v2\/media?parent=5314"}],"wp:term":[{"taxonomy":"category","embeddable":true,"href":"https:\/\/www.enorsai.com\/noticias\/wp-json\/wp\/v2\/categories?post=5314"},{"taxonomy":"post_tag","embeddable":true,"href":"https:\/\/www.enorsai.com\/noticias\/wp-json\/wp\/v2\/tags?post=5314"}],"curies":[{"name":"wp","href":"https:\/\/api.w.org\/{rel}","templated":true}]}}