{"id":5310,"date":"2025-06-17T20:22:52","date_gmt":"2025-06-17T23:22:52","guid":{"rendered":"https:\/\/www.enorsai.com\/noticias\/?p=5310"},"modified":"2025-06-17T20:24:52","modified_gmt":"2025-06-17T23:24:52","slug":"la-diputada-margarita-stolbizer-cuestiono-la-habilitacion-a-la-policia-federal-para-detener-sin-orden-judicial-tarde-marga-sos-complice","status":"publish","type":"post","link":"https:\/\/www.enorsai.com\/noticias\/politica\/la-diputada-margarita-stolbizer-cuestiono-la-habilitacion-a-la-policia-federal-para-detener-sin-orden-judicial-tarde-marga-sos-complice\/","title":{"rendered":"La diputada Margarita Stolbizer cuestion\u00f3 la habilitaci\u00f3n a la Polic\u00eda Federal para detener sin orden judicial. \u00a1Tarde, Marga, sos c\u00f3mplice!"},"content":{"rendered":"\n<p><strong><em>Stolbizer, la libertad y el olvido selectivo. La diputada Margarita Stolbizer cuestion\u00f3 la habilitaci\u00f3n a la Polic\u00eda Federal para detener sin orden judicial., pero omiti\u00f3 que esa facultad fue habilitada por la Ley Bases, que ella misma vot\u00f3 afirmativamente.<\/em><\/strong><\/p>\n\n\n\n<p>Mientras denuncia una \u201cvuelta al autoritarismo\u201d impulsada por Javier Milei, Stolbizer parece olvidar que fue parte del engranaje legislativo que habilit\u00f3 al Presidente a gobernar por decreto. La contradicci\u00f3n de una legisladora que critica los efectos del r\u00e9gimen de excepci\u00f3n que ayud\u00f3 a construir.<\/p>\n\n\n\n<p>Margarita Stolbizer utiliz\u00f3 su cuenta de Twitter para expresar una fuerte cr\u00edtica a la reciente resoluci\u00f3n publicada en el Bolet\u00edn Oficial que habilita a la Polic\u00eda Federal a detener personas sin orden judicial, incluso por sus opiniones, su vestimenta o su participaci\u00f3n en manifestaciones. \u201cEsto no es lo que votaron millones de argentinos\u201d, sostuvo la diputada nacional, y advirti\u00f3 que se trata de una medida que \u201cmuch\u00edsima gente no est\u00e1 dispuesta a tolerar\u201d, incluso entre quienes votaron a Javier Milei por su rechazo a la corrupci\u00f3n del kirchnerismo.<\/p>\n\n\n\n<p>En su mensaje, Stolbizer lanza una advertencia sobre el retorno del autoritarismo en Argentina: \u201cEsto no es ni orden ni libertad, es la m\u00e1s burda persecuci\u00f3n y una vuelta al autoritarismo que tanto nos cost\u00f3 dejar atr\u00e1s\u201d. Y concluye con una frase cargada de alarma democr\u00e1tica: \u201cUna Rep\u00fablica no puede convivir con miedo a que la gente sea detenida porque s\u00ed, por opinar distinto\u201d.<\/p>\n\n\n\n<p>Sin embargo, lo que Stolbizer omite mencionar es que esa \u201cvuelta al autoritarismo\u201d que denuncia fue posible gracias al andamiaje legal que ella misma contribuy\u00f3 a construir. Porque fue su voto, junto al de otros 143 diputados y 36 senadores, el que aprob\u00f3 la Ley Bases, una norma que otorg\u00f3 a Milei facultades delegadas extraordinarias para gobernar por decreto y avanzar con reformas estructurales sin control judicial ni legislativo efectivo.<\/p>\n\n\n\n<figure class=\"wp-block-embed is-type-rich is-provider-twitter wp-block-embed-twitter\"><div class=\"wp-block-embed__wrapper\">\n<blockquote class=\"twitter-tweet\" data-width=\"550\" data-dnt=\"true\"><p lang=\"es\" dir=\"ltr\">ESTO NO ES LO QUE VOTARON MILLONES DE ARGENTINOS <br>Hoy se public\u00f3 en el Bolet\u00edn Oficial la habilitaci\u00f3n a la Polic\u00eda Federal a detener personas sin orden judicial, s\u00f3lo por lo que publican, lo que visten o si participan de una manifestaci\u00f3n.<br>Estoy segura de que es una medida que\u2026<\/p>&mdash; Margarita Stolbizer (@Stolbizer) <a href=\"https:\/\/twitter.com\/Stolbizer\/status\/1935030769816322372?ref_src=twsrc%5Etfw\">June 17, 2025<\/a><\/blockquote><script async src=\"https:\/\/platform.twitter.com\/widgets.js\" charset=\"utf-8\"><\/script>\n<\/div><\/figure>\n\n\n\n<p>M\u00e1s a\u00fan: dentro del paquete de reformas incluidas en la Ley Bases, figura la reestructuraci\u00f3n de las fuerzas de seguridad, la redefinici\u00f3n de su actuaci\u00f3n preventiva y represiva, y la posibilidad de que el Ejecutivo avance sobre derechos y garant\u00edas con el argumento de mantener el \u201corden p\u00fablico\u201d. Todo esto bajo la fachada de una supuesta \u201cmodernizaci\u00f3n del Estado\u201d que en los hechos, se traduce en autoritarismo institucionalizado.<\/p>\n\n\n\n<p>As\u00ed, la resoluci\u00f3n que habilita a la Polic\u00eda Federal a realizar ciberpatrullaje y detenciones sin orden judicial no es un \u201cdesv\u00edo\u201d del rumbo libertario. Es la l\u00f3gica consecuencia del poder que Stolbizer y otros legisladores decidieron otorgarle a Milei. Criticar ahora los efectos sin hacerse cargo de las causas es, como m\u00ednimo, una muestra de irresponsabilidad pol\u00edtica.<\/p>\n\n\n\n<p>En el intento de desmarcarse del costo pol\u00edtico de una medida impopular, Stolbizer se refugia en la idea de que \u201cesto no es lo que votaron millones\u201d. Pero lo cierto es que no fueron millones quienes votaron esta pol\u00edtica represiva: fueron 181 personas, entre ellas ella misma. Fueron los representantes del Congreso quienes convalidaron la ley de leyes de este gobierno. \u00bfQui\u00e9n, entonces, viol\u00f3 el pacto representativo? \u00bfMilei al firmar un DNU? \u00bfO Stolbizer al aprobar las condiciones para que lo hiciera?<\/p>\n\n\n\n<p>La diputada pretende ahora encarnar la defensa de las libertades individuales, pero queda atrapada en la contradicci\u00f3n: ayud\u00f3 a parir el r\u00e9gimen que ahora denuncia. Esa ambig\u00fcedad no es nueva en su carrera pol\u00edtica, pero en un contexto como el actual, deja de ser una cuesti\u00f3n anecd\u00f3tica y se convierte en un problema institucional.<\/p>\n\n\n\n<p>Porque la defensa de la Rep\u00fablica no se hace desde Twitter. Se hace en el Congreso, con el voto, con la coherencia y, sobre todo, con la responsabilidad de asumir las consecuencias de las decisiones que se toman.<\/p>\n\n\n\n<p>Stolbizer dice que \u201cuna Rep\u00fablica no puede convivir con miedo a que la gente sea detenida por opinar distinto\u201d. Tiene raz\u00f3n. Pero esa Rep\u00fablica tambi\u00e9n necesita que sus representantes no avalen con una mano lo que denuncian con la otra.<\/p>\n","protected":false},"excerpt":{"rendered":"<p>Stolbizer, la libertad y el olvido selectivo. La diputada Margarita Stolbizer cuestion\u00f3 la habilitaci\u00f3n a la Polic\u00eda Federal para detener sin orden judicial., pero omiti\u00f3 que esa facultad fue habilitada por la Ley Bases, que ella misma vot\u00f3 afirmativamente. Mientras denuncia una \u201cvuelta al autoritarismo\u201d impulsada por Javier Milei, Stolbizer parece olvidar que fue parte&#8230;<\/p>\n","protected":false},"author":9,"featured_media":5311,"comment_status":"open","ping_status":"open","sticky":false,"template":"","format":"standard","meta":{"_monsterinsights_skip_tracking":false,"_monsterinsights_sitenote_active":false,"_monsterinsights_sitenote_note":"","_monsterinsights_sitenote_category":0,"footnotes":"","jetpack_publicize_message":"","jetpack_publicize_feature_enabled":true,"jetpack_social_post_already_shared":true,"jetpack_social_options":{"image_generator_settings":{"template":"highway","default_image_id":0,"font":"","enabled":false},"version":2}},"categories":[2],"tags":[88,1646,431],"class_list":["post-5310","post","type-post","status-publish","format-standard","has-post-thumbnail","hentry","category-politica","tag-cfk","tag-margarita-stolbizer","tag-patricia-bullrich"],"jetpack_publicize_connections":[],"_links":{"self":[{"href":"https:\/\/www.enorsai.com\/noticias\/wp-json\/wp\/v2\/posts\/5310","targetHints":{"allow":["GET"]}}],"collection":[{"href":"https:\/\/www.enorsai.com\/noticias\/wp-json\/wp\/v2\/posts"}],"about":[{"href":"https:\/\/www.enorsai.com\/noticias\/wp-json\/wp\/v2\/types\/post"}],"author":[{"embeddable":true,"href":"https:\/\/www.enorsai.com\/noticias\/wp-json\/wp\/v2\/users\/9"}],"replies":[{"embeddable":true,"href":"https:\/\/www.enorsai.com\/noticias\/wp-json\/wp\/v2\/comments?post=5310"}],"version-history":[{"count":2,"href":"https:\/\/www.enorsai.com\/noticias\/wp-json\/wp\/v2\/posts\/5310\/revisions"}],"predecessor-version":[{"id":5313,"href":"https:\/\/www.enorsai.com\/noticias\/wp-json\/wp\/v2\/posts\/5310\/revisions\/5313"}],"wp:featuredmedia":[{"embeddable":true,"href":"https:\/\/www.enorsai.com\/noticias\/wp-json\/wp\/v2\/media\/5311"}],"wp:attachment":[{"href":"https:\/\/www.enorsai.com\/noticias\/wp-json\/wp\/v2\/media?parent=5310"}],"wp:term":[{"taxonomy":"category","embeddable":true,"href":"https:\/\/www.enorsai.com\/noticias\/wp-json\/wp\/v2\/categories?post=5310"},{"taxonomy":"post_tag","embeddable":true,"href":"https:\/\/www.enorsai.com\/noticias\/wp-json\/wp\/v2\/tags?post=5310"}],"curies":[{"name":"wp","href":"https:\/\/api.w.org\/{rel}","templated":true}]}}