{"id":5308,"date":"2025-06-17T19:47:23","date_gmt":"2025-06-17T22:47:23","guid":{"rendered":"https:\/\/www.enorsai.com\/noticias\/politica\/el-regimen-realiza-controles-arbitrarios-a-militantes-que-viajan-a-buenos-aires-nos-preguntaron-que-ideologia-teniamos\/"},"modified":"2025-06-18T09:12:42","modified_gmt":"2025-06-18T12:12:42","slug":"el-regimen-realiza-controles-arbitrarios-a-militantes-que-viajan-a-buenos-aires-nos-preguntaron-que-ideologia-teniamos","status":"publish","type":"post","link":"https:\/\/www.enorsai.com\/noticias\/politica\/el-regimen-realiza-controles-arbitrarios-a-militantes-que-viajan-a-buenos-aires-nos-preguntaron-que-ideologia-teniamos\/","title":{"rendered":"El r\u00e9gimen realiza controles arbitrarios a militantes que viajan a Buenos Aires: \u201cNos preguntaron qu\u00e9 ideolog\u00eda ten\u00edamos\u201d"},"content":{"rendered":"\n<p>Grave denuncia de Malena Galmarini: Gendarmer\u00eda interrog\u00f3 a militantes sobre su ideolog\u00eda en plena ruta.<br><br>Una publicaci\u00f3n de Malena Galmarini en su cuenta de X (ex Twitter) encendi\u00f3 las alarmas sobre posibles pr\u00e1cticas de amedrentamiento por parte de las fuerzas de seguridad. Seg\u00fan relat\u00f3, militantes que se dirig\u00edan desde San Juan fueron interceptados por Gendarmer\u00eda, quienes no solo revisaron sus pertenencias sino que llegaron a consultarles sobre su ideolog\u00eda pol\u00edtica.<br><br>\u00abNos acaba de parar Gendarmer\u00eda. Nos revisaron todo. Nos preguntaban cosas. Uno pregunt\u00f3 qu\u00e9 ideolog\u00eda ten\u00eda cuando me pidi\u00f3 el DNI\u00bb, relata uno de los testimonios compartidos por Galmarini, en una denuncia que r\u00e1pidamente se viraliz\u00f3 en redes sociales.<\/p>\n\n\n\n<figure class=\"wp-block-embed is-type-rich is-provider-twitter wp-block-embed-twitter\"><div class=\"wp-block-embed__wrapper\">\n<blockquote class=\"twitter-tweet\" data-width=\"550\" data-dnt=\"true\"><p lang=\"es\" dir=\"ltr\">A las y los compa\u00f1eros que vienen en viaje, filmen, saquen foto, pidan identificaciones, tomen patentes, etc, si los para Gendarmer\u00eda o cualquier fuerza de seguridad!<br><br>Esto pas\u00f3 a nuestros compa\u00f1eros en la ruta desde San Juan:<br>\u201cNos acaba de parar Gendarmer\u00eda. Nos revisaron todo.\u2026<\/p>&mdash; Malena Galmarini (@MalenaGalmarini) <a href=\"https:\/\/twitter.com\/MalenaGalmarini\/status\/1935074718437998742?ref_src=twsrc%5Etfw\">June 17, 2025<\/a><\/blockquote><script async src=\"https:\/\/platform.twitter.com\/widgets.js\" charset=\"utf-8\"><\/script>\n<\/div><\/figure>\n\n\n\n<p><br><br>Lejos de ser un hecho aislado, la exfuncionaria y referente del Frente Renovador inst\u00f3 a todos los y las militantes que se dirigen hacia la Ciudad de Buenos Aires a registrar cualquier control que reciban en el camino. \u00abA las y los compa\u00f1eros que vienen en viaje, filmen, saquen foto, pidan identificaciones, tomen patentes, etc, si los para Gendarmer\u00eda o cualquier fuerza de seguridad\u00bb, advirti\u00f3 Galmarini, marcando el tono de una jornada cargada de tensi\u00f3n.<br><br>El testimonio que encendi\u00f3 la pol\u00e9mica proviene de militantes que viajaban desde San Juan hacia Buenos Aires, presumiblemente para participar en manifestaciones o actividades pol\u00edticas. Que una fuerza federal como Gendarmer\u00eda interrogue a ciudadanos sobre su ideolog\u00eda configura una grav\u00edsima violaci\u00f3n a las garant\u00edas constitucionales, particularmente al derecho a la libertad de pensamiento, expresi\u00f3n y circulaci\u00f3n.<\/p>\n\n\n\n<figure class=\"wp-block-video\"><video height=\"848\" style=\"aspect-ratio: 464 \/ 848;\" width=\"464\" controls src=\"https:\/\/www.enorsai.com\/noticias\/wp-content\/uploads\/2025\/06\/VID-20250617-WA0028.mp4\"><\/video><\/figure>\n\n\n\n<p><br>Este tipo de accionar recuerda a pr\u00e1cticas de \u00e9pocas oscuras de la historia argentina, cuando la represi\u00f3n ideol\u00f3gica era moneda corriente y el \u201cperfil pol\u00edtico\u201d de una persona pod\u00eda bastar para justificar una detenci\u00f3n arbitraria.<br><br>En el actual contexto, donde el gobierno nacional que encabeza Javier Milei ha sido reiteradamente denunciado por su hostilidad hacia la protesta social y el derecho a la organizaci\u00f3n pol\u00edtica, la denuncia de Galmarini no puede ser tomada a la ligera. Exige una respuesta urgente por parte de las autoridades del Ministerio de Seguridad y, en particular, de su titular, Patricia Bullrich.<br><br>El silencio oficial hasta el momento no hace m\u00e1s que agravar la preocupaci\u00f3n. \u00bfDesde cu\u00e1ndo la ideolog\u00eda de un ciudadano es motivo de interrogatorio por parte de las fuerzas de seguridad? \u00bfQu\u00e9 protocolos est\u00e1 aplicando Gendarmer\u00eda en los controles en ruta? \u00bfSe est\u00e1n recopilando datos sensibles de militantes y ciudadanos en general sin orden judicial ni justificaci\u00f3n legal?<br><br>La situaci\u00f3n planteada por Malena Galmarini es un llamado de alerta para todos los sectores democr\u00e1ticos del pa\u00eds. El derecho a pensar distinto, a militar, a movilizarse y a participar de la vida pol\u00edtica no puede ni debe ser coartado por ning\u00fan gobierno ni fuerza armada del Estado. Registrar, visibilizar y denunciar estos atropellos es hoy m\u00e1s necesario que nunca.<\/p>\n","protected":false},"excerpt":{"rendered":"<p>Grave denuncia de Malena Galmarini: Gendarmer\u00eda interrog\u00f3 a militantes sobre su ideolog\u00eda en plena ruta. Una publicaci\u00f3n de Malena Galmarini en su cuenta de X (ex Twitter) encendi\u00f3 las alarmas sobre posibles pr\u00e1cticas de amedrentamiento por parte de las fuerzas de seguridad. Seg\u00fan relat\u00f3, militantes que se dirig\u00edan desde San Juan fueron interceptados por Gendarmer\u00eda,&#8230;<\/p>\n","protected":false},"author":13,"featured_media":5307,"comment_status":"open","ping_status":"open","sticky":false,"template":"","format":"standard","meta":{"_monsterinsights_skip_tracking":false,"_monsterinsights_sitenote_active":false,"_monsterinsights_sitenote_note":"","_monsterinsights_sitenote_category":0,"footnotes":"","jetpack_publicize_message":"","jetpack_publicize_feature_enabled":true,"jetpack_social_post_already_shared":true,"jetpack_social_options":{"image_generator_settings":{"template":"highway","default_image_id":0,"font":"","enabled":false},"version":2}},"categories":[2],"tags":[1659,262,88,1658,209,69,261,35,45,1601,365,86],"class_list":["post-5308","post","type-post","status-publish","format-standard","has-post-thumbnail","hentry","category-politica","tag-arbitrariedad","tag-bullrich","tag-cfk","tag-control","tag-democracia","tag-derechos","tag-gendarmeria","tag-ideologia","tag-milei","tag-militancia","tag-represion","tag-seguridad"],"jetpack_publicize_connections":[],"_links":{"self":[{"href":"https:\/\/www.enorsai.com\/noticias\/wp-json\/wp\/v2\/posts\/5308","targetHints":{"allow":["GET"]}}],"collection":[{"href":"https:\/\/www.enorsai.com\/noticias\/wp-json\/wp\/v2\/posts"}],"about":[{"href":"https:\/\/www.enorsai.com\/noticias\/wp-json\/wp\/v2\/types\/post"}],"author":[{"embeddable":true,"href":"https:\/\/www.enorsai.com\/noticias\/wp-json\/wp\/v2\/users\/13"}],"replies":[{"embeddable":true,"href":"https:\/\/www.enorsai.com\/noticias\/wp-json\/wp\/v2\/comments?post=5308"}],"version-history":[{"count":1,"href":"https:\/\/www.enorsai.com\/noticias\/wp-json\/wp\/v2\/posts\/5308\/revisions"}],"predecessor-version":[{"id":5342,"href":"https:\/\/www.enorsai.com\/noticias\/wp-json\/wp\/v2\/posts\/5308\/revisions\/5342"}],"wp:featuredmedia":[{"embeddable":true,"href":"https:\/\/www.enorsai.com\/noticias\/wp-json\/wp\/v2\/media\/5307"}],"wp:attachment":[{"href":"https:\/\/www.enorsai.com\/noticias\/wp-json\/wp\/v2\/media?parent=5308"}],"wp:term":[{"taxonomy":"category","embeddable":true,"href":"https:\/\/www.enorsai.com\/noticias\/wp-json\/wp\/v2\/categories?post=5308"},{"taxonomy":"post_tag","embeddable":true,"href":"https:\/\/www.enorsai.com\/noticias\/wp-json\/wp\/v2\/tags?post=5308"}],"curies":[{"name":"wp","href":"https:\/\/api.w.org\/{rel}","templated":true}]}}