{"id":5303,"date":"2025-06-17T17:27:33","date_gmt":"2025-06-17T20:27:33","guid":{"rendered":"https:\/\/www.enorsai.com\/noticias\/?p=5303"},"modified":"2025-06-18T09:09:59","modified_gmt":"2025-06-18T12:09:59","slug":"el-tribunal-dispuso-la-prision-domiciliaria-para-cfk-en-un-proceso-judicial-sin-pruebas-e-imponiendo-condiciones-que-rozan-el-ridiculo","status":"publish","type":"post","link":"https:\/\/www.enorsai.com\/noticias\/politica\/el-tribunal-dispuso-la-prision-domiciliaria-para-cfk-en-un-proceso-judicial-sin-pruebas-e-imponiendo-condiciones-que-rozan-el-ridiculo\/","title":{"rendered":"El Tribunal dispuso la prisi\u00f3n domiciliaria para CFK en un proceso judicial sin pruebas e imponiendo condiciones que rozan el rid\u00edculo"},"content":{"rendered":"\n<p><strong><em>La expresidenta comenzar\u00e1 a cumplir la condena en su domicilio de San Jos\u00e9 1111. Mientras Casaci\u00f3n define la apelaci\u00f3n, el TOF 2 orden\u00f3 tobillera electr\u00f3nica, listas de visitas restringidas y una advertencia ins\u00f3lita para \u00abno alterar la convivencia del vecindario\u00bb.<\/em><\/strong><\/p>\n\n\n\n<p>Cristina Fern\u00e1ndez de Kirchner comenzar\u00e1 a cumplir prisi\u00f3n domiciliaria en su domicilio de la calle San Jos\u00e9 1111, tras la decisi\u00f3n del Tribunal Oral Federal 2. As\u00ed lo confirm\u00f3 la periodista Sof\u00eda Caram desde su cuenta oficial en la red social X (ex Twitter), donde detall\u00f3 las ins\u00f3litas condiciones impuestas por el tribunal, a pesar de que la condena a\u00fan no est\u00e1 firme.<\/p>\n\n\n\n<p>La fiscal\u00eda ya anticip\u00f3 que apelar\u00e1 la decisi\u00f3n, lo que deja la definici\u00f3n final en manos de la C\u00e1mara de Casaci\u00f3n. Sin embargo, mientras tanto, la medida se ejecutar\u00e1 de forma inmediata.<\/p>\n\n\n\n<p>Entre las restricciones impuestas por el TOF 2 se encuentra una advertencia inusitada: Cristina deber\u00e1 \u201cabstenerse de adoptar comportamientos que puedan perturbar la tranquilidad del vecindario y\/o alterar la convivencia pac\u00edfica de sus habitantes\u201d. La formulaci\u00f3n, ambigua y arbitraria, deja abierta la puerta a cualquier tipo de interpretaci\u00f3n discrecional.<\/p>\n\n\n\n<figure class=\"wp-block-embed is-type-rich is-provider-twitter wp-block-embed-twitter\"><div class=\"wp-block-embed__wrapper\">\n<blockquote class=\"twitter-tweet\" data-width=\"550\" data-dnt=\"true\"><p lang=\"es\" dir=\"ltr\">\ud83d\udd34 DOMICILIARIA PARA CFK. <br>El Tof2 ordena la detenci\u00f3n a partir de hoy en San Jos\u00e9 1111. <br>La fiscal\u00eda va a apelar. Decide Casaci\u00f3n. Mientras tanto, la domiciliaria es efectiva. <a href=\"https:\/\/t.co\/DRtIxQyo8y\">pic.twitter.com\/DRtIxQyo8y<\/a><\/p>&mdash; Sofia Caram (@sofiacaram) <a href=\"https:\/\/twitter.com\/sofiacaram\/status\/1935040477356552654?ref_src=twsrc%5Etfw\">June 17, 2025<\/a><\/blockquote><script async src=\"https:\/\/platform.twitter.com\/widgets.js\" charset=\"utf-8\"><\/script>\n<\/div><\/figure>\n\n\n\n<p>Adem\u00e1s, en un plazo de 48 horas h\u00e1biles, la exmandataria deber\u00e1 presentar una n\u00f3mina detallada de las personas que integran su grupo familiar, los profesionales m\u00e9dicos que la atienden, su custodia policial y los abogados que la representan. Solo esas personas estar\u00e1n autorizadas a ingresar al domicilio sin necesidad de un permiso judicial previo. Cualquier otra visita requerir\u00e1 autorizaci\u00f3n judicial y justificaci\u00f3n formal.<\/p>\n\n\n\n<p>Pero el punto m\u00e1s llamativo de la resoluci\u00f3n es la imposici\u00f3n de una tobillera electr\u00f3nica, una medida que en este contexto resulta desproporcionada y hasta grotesca. \u00bfQu\u00e9 sentido tiene colocar un dispositivo de geolocalizaci\u00f3n a quien fue dos veces presidenta de la Naci\u00f3n, actual figura pol\u00edtica de enorme visibilidad p\u00fablica y, por sobre todas las cosas, v\u00edctima de un proceso judicial viciado desde sus cimientos?<\/p>\n\n\n\n<p>Este fallo vuelve a poner en evidencia el car\u00e1cter persecutorio de una parte del Poder Judicial, que avanza con una condena sin pruebas directas, sin testigos que la incriminen y sin evidencias concretas. Una sentencia que ha sido denunciada como arbitraria y utilizada pol\u00edticamente para proscribir.<\/p>\n\n\n\n<p>La prisi\u00f3n domiciliaria dictada en estas condiciones no es m\u00e1s que otro eslab\u00f3n en la cadena de hostigamiento judicial que viene sufriendo Cristina Fern\u00e1ndez de Kirchner. Una operaci\u00f3n judicial-medi\u00e1tica que, lejos de buscar justicia, intenta disciplinar al liderazgo pol\u00edtico que represent\u00f3 a millones de argentinos y argentinas.<\/p>\n\n\n\n<p><\/p>\n","protected":false},"excerpt":{"rendered":"<p>La expresidenta comenzar\u00e1 a cumplir la condena en su domicilio de San Jos\u00e9 1111. Mientras Casaci\u00f3n define la apelaci\u00f3n, el TOF 2 orden\u00f3 tobillera electr\u00f3nica, listas de visitas restringidas y una advertencia ins\u00f3lita para \u00abno alterar la convivencia del vecindario\u00bb. Cristina Fern\u00e1ndez de Kirchner comenzar\u00e1 a cumplir prisi\u00f3n domiciliaria en su domicilio de la calle&#8230;<\/p>\n","protected":false},"author":2,"featured_media":5304,"comment_status":"open","ping_status":"open","sticky":false,"template":"","format":"standard","meta":{"_monsterinsights_skip_tracking":false,"_monsterinsights_sitenote_active":false,"_monsterinsights_sitenote_note":"","_monsterinsights_sitenote_category":0,"footnotes":"","jetpack_publicize_message":"","jetpack_publicize_feature_enabled":true,"jetpack_social_post_already_shared":true,"jetpack_social_options":{"image_generator_settings":{"template":"highway","default_image_id":0,"font":"","enabled":false},"version":2}},"categories":[2],"tags":[88,835,1655,70,234,267,72,1392,1657,1656],"class_list":["post-5303","post","type-post","status-publish","format-standard","has-post-thumbnail","hentry","category-politica","tag-cfk","tag-condena","tag-judicializacion","tag-justicia","tag-lawfare","tag-persecucion","tag-politica","tag-proscripcion","tag-tobillera","tag-tribunal"],"jetpack_publicize_connections":[],"_links":{"self":[{"href":"https:\/\/www.enorsai.com\/noticias\/wp-json\/wp\/v2\/posts\/5303","targetHints":{"allow":["GET"]}}],"collection":[{"href":"https:\/\/www.enorsai.com\/noticias\/wp-json\/wp\/v2\/posts"}],"about":[{"href":"https:\/\/www.enorsai.com\/noticias\/wp-json\/wp\/v2\/types\/post"}],"author":[{"embeddable":true,"href":"https:\/\/www.enorsai.com\/noticias\/wp-json\/wp\/v2\/users\/2"}],"replies":[{"embeddable":true,"href":"https:\/\/www.enorsai.com\/noticias\/wp-json\/wp\/v2\/comments?post=5303"}],"version-history":[{"count":1,"href":"https:\/\/www.enorsai.com\/noticias\/wp-json\/wp\/v2\/posts\/5303\/revisions"}],"predecessor-version":[{"id":5305,"href":"https:\/\/www.enorsai.com\/noticias\/wp-json\/wp\/v2\/posts\/5303\/revisions\/5305"}],"wp:featuredmedia":[{"embeddable":true,"href":"https:\/\/www.enorsai.com\/noticias\/wp-json\/wp\/v2\/media\/5304"}],"wp:attachment":[{"href":"https:\/\/www.enorsai.com\/noticias\/wp-json\/wp\/v2\/media?parent=5303"}],"wp:term":[{"taxonomy":"category","embeddable":true,"href":"https:\/\/www.enorsai.com\/noticias\/wp-json\/wp\/v2\/categories?post=5303"},{"taxonomy":"post_tag","embeddable":true,"href":"https:\/\/www.enorsai.com\/noticias\/wp-json\/wp\/v2\/tags?post=5303"}],"curies":[{"name":"wp","href":"https:\/\/api.w.org\/{rel}","templated":true}]}}