{"id":5300,"date":"2025-06-17T16:59:28","date_gmt":"2025-06-17T19:59:28","guid":{"rendered":"http:\/\/www.enorsai.com\/noticias\/?p=5300"},"modified":"2025-06-17T16:59:28","modified_gmt":"2025-06-17T19:59:28","slug":"la-cgt-convoca-a-una-movilizacion-en-defensa-de-cristina-fernandez-de-kirchner-y-contra-la-proscripcion","status":"publish","type":"post","link":"https:\/\/www.enorsai.com\/noticias\/politica\/la-cgt-convoca-a-una-movilizacion-en-defensa-de-cristina-fernandez-de-kirchner-y-contra-la-proscripcion\/","title":{"rendered":"La CGT convoca a una movilizaci\u00f3n en defensa de Cristina Fern\u00e1ndez de Kirchner y contra la proscripci\u00f3n"},"content":{"rendered":"\n<p><strong><em>La central obrera repudia la condena a la ex presidenta y llama a los gremios a manifestarse en unidad para defender la democracia y la memoria hist\u00f3rica.<\/em><\/strong><\/p>\n\n\n\n<p>A trav\u00e9s de un comunicado oficial firmado por su Consejo Directivo, la Confederaci\u00f3n General del Trabajo convoc\u00f3 a una concentraci\u00f3n popular para acompa\u00f1ar a Cristina Fern\u00e1ndez de Kirchner tras la notificaci\u00f3n de una sentencia que calificaron como \u00abinjusta, parcial y arbitraria\u00bb. El movimiento obrero vuelve a poner el cuerpo frente a lo que considera una nueva etapa de persecuci\u00f3n pol\u00edtica.<\/p>\n\n\n\n<p>En una muestra de solidaridad y compromiso pol\u00edtico, la Confederaci\u00f3n General del Trabajo (CGT) anunci\u00f3 este martes 17 de junio de 2025 una movilizaci\u00f3n en respaldo a la compa\u00f1era Cristina Fern\u00e1ndez de Kirchner, luego de que se notificara oficialmente la sentencia en su contra. A trav\u00e9s de un comunicado firmado por el Consejo Directivo Nacional, la central obrera expres\u00f3 su rechazo categ\u00f3rico a lo que consider\u00f3 \u201cuna decisi\u00f3n injusta, parcial y arbitraria\u201d, en el marco de una causa que muchos sectores del campo popular denuncian como parte de una estrategia de persecuci\u00f3n judicial con fines de proscripci\u00f3n.<\/p>\n\n\n\n<p>\u201cLos trabajadores y trabajadoras estaremos al lado de nuestra compa\u00f1era injustamente condenada\u201d, expresa el comunicado, reafirmando as\u00ed el alineamiento hist\u00f3rico del movimiento obrero con los proyectos pol\u00edticos que ampliaron derechos, fortalecieron el empleo y defendieron la soberan\u00eda nacional. Para la CGT, la condena a Cristina no es s\u00f3lo un ataque personal, sino una amenaza a las conquistas sociales y democr\u00e1ticas del pueblo argentino.<\/p>\n\n\n\n<figure class=\"wp-block-embed is-type-rich is-provider-twitter wp-block-embed-twitter\"><div class=\"wp-block-embed__wrapper\">\n<blockquote class=\"twitter-tweet\" data-width=\"550\" data-dnt=\"true\"><p lang=\"es\" dir=\"ltr\">\ud83d\udce2 MANIFESTACI\u00d3N DE ACOMPA\u00d1AMIENTO A LA COMPA\u00d1ERA CRISTINA FERN\u00c1NDEZ DE KIRCHNER<\/p>&mdash; CGT (@cgtoficialok) <a href=\"https:\/\/twitter.com\/cgtoficialok\/status\/1935053442428330215?ref_src=twsrc%5Etfw\">June 17, 2025<\/a><\/blockquote><script async src=\"https:\/\/platform.twitter.com\/widgets.js\" charset=\"utf-8\"><\/script>\n<\/div><\/figure>\n\n\n\n<p>La convocatoria no es s\u00f3lo simb\u00f3lica. La CGT llama \u201cpor convicci\u00f3n, pertenencia y solidaridad\u201d a todos los gremios y trabajadores y trabajadoras del pa\u00eds a participar activamente de la concentraci\u00f3n. En este sentido, el documento deja expl\u00edcitamente a criterio de cada sindicato la posibilidad de llevar adelante las \u201cacciones sindicales que estimen conducentes\u201d, habilitando la realizaci\u00f3n de paros, cese de actividades, asambleas y otras modalidades de lucha en cada rama de actividad.<\/p>\n\n\n\n<p>El mensaje tambi\u00e9n apela a la memoria hist\u00f3rica del movimiento obrero: \u201cLos trabajadores y trabajadoras tenemos memoria y vamos a manifestarnos en las calles para repudiar la injusticia y la proscripci\u00f3n en defensa de la democracia\u201d, advierte el texto. La frase no es menor. En un contexto donde se intenta criminalizar la militancia, deslegitimar la lucha social y retrotraer derechos laborales, la CGT se planta nuevamente como un actor pol\u00edtico clave en la disputa por el sentido y el rumbo del pa\u00eds.<\/p>\n\n\n\n<p>La condena contra Cristina Fern\u00e1ndez de Kirchner ha generado un amplio rechazo en diversos sectores del campo nacional y popular. Organizaciones sociales, de derechos humanos, universidades, y ahora el sindicalismo organizado, denuncian que el fallo no s\u00f3lo carece de pruebas contundentes, sino que forma parte de una avanzada m\u00e1s amplia contra los liderazgos que han confrontado con los poderes reales.<\/p>\n\n\n\n<p>En este escenario, la CGT reaparece con fuerza, saliendo del silencio de los \u00faltimos meses para marcar una l\u00ednea de acci\u00f3n clara: no habr\u00e1 pasividad frente a la proscripci\u00f3n, y el movimiento obrero saldr\u00e1 a las calles, como en los momentos m\u00e1s cr\u00edticos de la historia argentina, a defender la democracia, la justicia y la dignidad.<\/p>\n\n\n\n<p>La fecha, el lugar y la modalidad de la movilizaci\u00f3n a\u00fan no fueron detallados oficialmente, pero se espera una importante participaci\u00f3n de gremios de todos los sectores, desde el transporte hasta la educaci\u00f3n, pasando por la industria y los servicios. Lo que est\u00e1 claro es que el movimiento obrero vuelve a mostrar que no est\u00e1 dispuesto a tolerar pasivamente el avance de una justicia colonizada por intereses pol\u00edticos, empresariales y medi\u00e1ticos.<\/p>\n\n\n\n<p><strong>Fuente:<\/strong><br>Comunicado oficial del Consejo Directivo Nacional de la CGT \u2013 17 de junio de 2025.<\/p>\n","protected":false},"excerpt":{"rendered":"<p>La central obrera repudia la condena a la ex presidenta y llama a los gremios a manifestarse en unidad para defender la democracia y la memoria hist\u00f3rica. A trav\u00e9s de un comunicado oficial firmado por su Consejo Directivo, la Confederaci\u00f3n General del Trabajo convoc\u00f3 a una concentraci\u00f3n popular para acompa\u00f1ar a Cristina Fern\u00e1ndez de Kirchner&#8230;<\/p>\n","protected":false},"author":1,"featured_media":5301,"comment_status":"open","ping_status":"open","sticky":false,"template":"","format":"standard","meta":{"_monsterinsights_skip_tracking":false,"_monsterinsights_sitenote_active":false,"_monsterinsights_sitenote_note":"","_monsterinsights_sitenote_category":0,"footnotes":"","jetpack_publicize_message":"","jetpack_publicize_feature_enabled":true,"jetpack_social_post_already_shared":true,"jetpack_social_options":{"image_generator_settings":{"template":"highway","default_image_id":0,"font":"","enabled":false},"version":2}},"categories":[2],"tags":[88,973],"class_list":["post-5300","post","type-post","status-publish","format-standard","has-post-thumbnail","hentry","category-politica","tag-cfk","tag-cgt"],"jetpack_publicize_connections":[],"_links":{"self":[{"href":"https:\/\/www.enorsai.com\/noticias\/wp-json\/wp\/v2\/posts\/5300","targetHints":{"allow":["GET"]}}],"collection":[{"href":"https:\/\/www.enorsai.com\/noticias\/wp-json\/wp\/v2\/posts"}],"about":[{"href":"https:\/\/www.enorsai.com\/noticias\/wp-json\/wp\/v2\/types\/post"}],"author":[{"embeddable":true,"href":"https:\/\/www.enorsai.com\/noticias\/wp-json\/wp\/v2\/users\/1"}],"replies":[{"embeddable":true,"href":"https:\/\/www.enorsai.com\/noticias\/wp-json\/wp\/v2\/comments?post=5300"}],"version-history":[{"count":1,"href":"https:\/\/www.enorsai.com\/noticias\/wp-json\/wp\/v2\/posts\/5300\/revisions"}],"predecessor-version":[{"id":5302,"href":"https:\/\/www.enorsai.com\/noticias\/wp-json\/wp\/v2\/posts\/5300\/revisions\/5302"}],"wp:featuredmedia":[{"embeddable":true,"href":"https:\/\/www.enorsai.com\/noticias\/wp-json\/wp\/v2\/media\/5301"}],"wp:attachment":[{"href":"https:\/\/www.enorsai.com\/noticias\/wp-json\/wp\/v2\/media?parent=5300"}],"wp:term":[{"taxonomy":"category","embeddable":true,"href":"https:\/\/www.enorsai.com\/noticias\/wp-json\/wp\/v2\/categories?post=5300"},{"taxonomy":"post_tag","embeddable":true,"href":"https:\/\/www.enorsai.com\/noticias\/wp-json\/wp\/v2\/tags?post=5300"}],"curies":[{"name":"wp","href":"https:\/\/api.w.org\/{rel}","templated":true}]}}