{"id":5295,"date":"2025-06-17T13:21:07","date_gmt":"2025-06-17T16:21:07","guid":{"rendered":"https:\/\/www.enorsai.com\/noticias\/politica\/cristina-no-esta-sola-dalbon-celebro-como-un-triunfo-del-pueblo-y-del-estado-de-derecho\/"},"modified":"2025-06-18T09:14:33","modified_gmt":"2025-06-18T12:14:33","slug":"cristina-no-esta-sola-dalbon-celebro-como-un-triunfo-del-pueblo-y-del-estado-de-derecho","status":"publish","type":"post","link":"https:\/\/www.enorsai.com\/noticias\/politica\/cristina-no-esta-sola-dalbon-celebro-como-un-triunfo-del-pueblo-y-del-estado-de-derecho\/","title":{"rendered":"\u201cCristina no est\u00e1 sola\u201d: Dalb\u00f3n celebr\u00f3 como un triunfo del pueblo y del Estado de Derecho"},"content":{"rendered":"\n<p>El abogado de Cristina Fern\u00e1ndez de Kirchner public\u00f3 un encendido comunicado en sus redes sociales donde reivindic\u00f3 la decisi\u00f3n judicial como una victoria pol\u00edtica, \u00e9tica y jur\u00eddica frente a la persecuci\u00f3n judicial impulsada por el macrismo.<br><br>Gregorio Dalb\u00f3n difundi\u00f3 un comunicado a trav\u00e9s de la red social X en el que expres\u00f3 que la prisi\u00f3n domiciliaria de la expresidenta no es una concesi\u00f3n, sino una consecuencia de haber sostenido la lucha por la legalidad. Denunci\u00f3 la proscripci\u00f3n, la connivencia de jueces con Mauricio Macri y la manipulaci\u00f3n de la Corte Suprema. \u201cCristina est\u00e1 m\u00e1s viva que nunca\u201d, asegur\u00f3.<br><br>En un comunicado publicado este lunes a trav\u00e9s de su cuenta en la red social X (ex Twitter), el abogado Gregorio Dalb\u00f3n celebr\u00f3 la decisi\u00f3n judicial que establece que Cristina Fern\u00e1ndez de Kirchner cumplir\u00e1 prisi\u00f3n domiciliaria. Para Dalb\u00f3n, no se trata de un gesto del Poder Judicial, sino del resultado de una lucha jur\u00eddica y popular que desnud\u00f3 las irregularidades del proceso que conden\u00f3 a la expresidenta.<br><br>\u201cHoy se ha confirmado lo que el derecho ordena y la dignidad exige: Cristina Fern\u00e1ndez de Kirchner no ser\u00e1 humillada\u201d, escribi\u00f3. Seg\u00fan el abogado, la prisi\u00f3n domiciliaria no representa una concesi\u00f3n de quienes promovieron su persecuci\u00f3n, sino la imposici\u00f3n de la legalidad sobre el escarnio medi\u00e1tico y judicial.<br><br>Dalb\u00f3n calific\u00f3 el fallo como un \u00abtriunfo del pueblo, de la verdad y del Estado de Derecho\u00bb, y enfatiz\u00f3 que \u201ceste no es solo un logro jur\u00eddico. Es una victoria pol\u00edtica, popular y \u00e9tica en medio de una persecuci\u00f3n sistem\u00e1tica que viol\u00f3 cada principio del debido proceso\u201d.<br><br>Entre los argumentos que justifican esta afirmaci\u00f3n, enumer\u00f3 una serie de violaciones al derecho de defensa y a las garant\u00edas constitucionales:<br><br>Denunci\u00f3 que \u201cel juez de instrucci\u00f3n no era el juez natural, y por tanto la causa naci\u00f3 viciada\u201d;<br><br>Afirm\u00f3 que \u201cla C\u00e1mara que confirm\u00f3 el procesamiento era macridependiente\u201d;<br><br>Se\u00f1al\u00f3 que los jueces que la juzgaron \u201cjugaban al f\u00fatbol y al tenis con Mauricio Macri\u201d;<br><br>Y acus\u00f3 a la Corte Suprema de haber sido \u201cconstruida por Pep\u00edn Rodr\u00edguez Sim\u00f3n, pr\u00f3fugo VIP y operador\u201d, en clara alusi\u00f3n al operador judicial del PRO.<br><br>En un tono combativo y cargado de significado pol\u00edtico, el abogado destac\u00f3 que la figura de Cristina Fern\u00e1ndez se mantiene firme:<br><br>&gt; \u201cA Cristina la condenaron, pero no lograron quebrarla. A Cristina la quieren proscribir, pero no podr\u00e1n borrarla de la historia\u201d.<br><br>Asimismo, advirti\u00f3 que la prisi\u00f3n domiciliaria, si bien representa un avance, no debe interpretarse como el cierre del cap\u00edtulo judicial:<br><br>&gt; \u201cEste es un paso. No el final. Pero es una se\u00f1al clara de que no podr\u00e1n doblegar a quien camina con el pueblo\u201d.<br><br>Dalb\u00f3n remarc\u00f3 el acompa\u00f1amiento popular a la vicepresidenta y sostuvo que \u201cel pueblo la rode\u00f3, la defendi\u00f3 y la cuid\u00f3. Y eso, m\u00e1s que cualquier alegato, inclin\u00f3 la balanza\u201d.<br><br>Finalmente, concluy\u00f3 el comunicado con una arenga que busca mantener viva la militancia y el reclamo por justicia:<br><br>&gt; \u201c\u00a1La domiciliaria es un triunfo popular! \u00a1La lucha sigue! \u00a1Y Cristina est\u00e1 m\u00e1s viva que nunca! Pero no olvidar que est\u00e1 presa una inocente. Toca luchar por la libertad\u201d.<br><br><br>Fuente:<br>Gregorio Dalb\u00f3n, publicaci\u00f3n en @Gregoriodalbon \u2013 red social X, 17 de junio de 2025.<br><br><\/p>\n","protected":false},"excerpt":{"rendered":"<p>El abogado de Cristina Fern\u00e1ndez de Kirchner public\u00f3 un encendido comunicado en sus redes sociales donde reivindic\u00f3 la decisi\u00f3n judicial como una victoria pol\u00edtica, \u00e9tica y jur\u00eddica frente a la persecuci\u00f3n judicial impulsada por el macrismo. Gregorio Dalb\u00f3n difundi\u00f3 un comunicado a trav\u00e9s de la red social X en el que expres\u00f3 que la prisi\u00f3n&#8230;<\/p>\n","protected":false},"author":1,"featured_media":5294,"comment_status":"open","ping_status":"open","sticky":false,"template":"","format":"standard","meta":{"_monsterinsights_skip_tracking":false,"_monsterinsights_sitenote_active":false,"_monsterinsights_sitenote_note":"","_monsterinsights_sitenote_category":0,"footnotes":"","jetpack_publicize_message":"","jetpack_publicize_feature_enabled":true,"jetpack_social_post_already_shared":true,"jetpack_social_options":{"image_generator_settings":{"template":"highway","default_image_id":0,"font":"","enabled":false},"version":2}},"categories":[2],"tags":[1142,87,626,1661,1655,1660,1257,1601,267,1392],"class_list":["post-5295","post","type-post","status-publish","format-standard","has-post-thumbnail","hentry","category-politica","tag-corte","tag-cristina","tag-dalbon","tag-inocencia","tag-judicializacion","tag-legalidad","tag-macrismo","tag-militancia","tag-persecucion","tag-proscripcion"],"jetpack_publicize_connections":[],"_links":{"self":[{"href":"https:\/\/www.enorsai.com\/noticias\/wp-json\/wp\/v2\/posts\/5295","targetHints":{"allow":["GET"]}}],"collection":[{"href":"https:\/\/www.enorsai.com\/noticias\/wp-json\/wp\/v2\/posts"}],"about":[{"href":"https:\/\/www.enorsai.com\/noticias\/wp-json\/wp\/v2\/types\/post"}],"author":[{"embeddable":true,"href":"https:\/\/www.enorsai.com\/noticias\/wp-json\/wp\/v2\/users\/1"}],"replies":[{"embeddable":true,"href":"https:\/\/www.enorsai.com\/noticias\/wp-json\/wp\/v2\/comments?post=5295"}],"version-history":[{"count":1,"href":"https:\/\/www.enorsai.com\/noticias\/wp-json\/wp\/v2\/posts\/5295\/revisions"}],"predecessor-version":[{"id":5343,"href":"https:\/\/www.enorsai.com\/noticias\/wp-json\/wp\/v2\/posts\/5295\/revisions\/5343"}],"wp:featuredmedia":[{"embeddable":true,"href":"https:\/\/www.enorsai.com\/noticias\/wp-json\/wp\/v2\/media\/5294"}],"wp:attachment":[{"href":"https:\/\/www.enorsai.com\/noticias\/wp-json\/wp\/v2\/media?parent=5295"}],"wp:term":[{"taxonomy":"category","embeddable":true,"href":"https:\/\/www.enorsai.com\/noticias\/wp-json\/wp\/v2\/categories?post=5295"},{"taxonomy":"post_tag","embeddable":true,"href":"https:\/\/www.enorsai.com\/noticias\/wp-json\/wp\/v2\/tags?post=5295"}],"curies":[{"name":"wp","href":"https:\/\/api.w.org\/{rel}","templated":true}]}}