{"id":5293,"date":"2025-06-17T10:38:57","date_gmt":"2025-06-17T13:38:57","guid":{"rendered":"https:\/\/www.enorsai.com\/noticias\/politica\/escandalo-en-la-side-denuncian-viajes-familiares-con-fondos-reservados-y-tarjeta-oficial\/"},"modified":"2025-06-17T10:38:57","modified_gmt":"2025-06-17T13:38:57","slug":"escandalo-en-la-side-denuncian-viajes-familiares-con-fondos-reservados-y-tarjeta-oficial","status":"publish","type":"post","link":"https:\/\/www.enorsai.com\/noticias\/politica\/escandalo-en-la-side-denuncian-viajes-familiares-con-fondos-reservados-y-tarjeta-oficial\/","title":{"rendered":"Esc\u00e1ndalo en la SIDE: denuncian viajes familiares con fondos reservados y tarjeta oficial"},"content":{"rendered":"\n<p><strong>La diputada exlibertaria Lourdes Arrieta apunt\u00f3 contra Sergio Neiffert, titular de la exSIDE, por malversaci\u00f3n de fondos p\u00fablicos y uso discrecional del presupuesto secreto del organismo.<\/strong><br><br>En la antesala de la interpelaci\u00f3n a Sergio Neiffert por el Plan Nacional de Inteligencia, la diputada Lourdes Arrieta elev\u00f3 una grave denuncia en la Comisi\u00f3n Bicameral que expone un posible uso indebido de fondos reservados de la exSIDE para financiar viajes personales y gastos con tarjeta oficial. Las acusaciones tambi\u00e9n alcanzan a funcionarios del c\u00edrculo de confianza del oficialismo y reavivan las sospechas sobre maniobras vinculadas al contrabando y lavado de dinero con nexos en Paraguay.<br><br>El esc\u00e1ndalo no podr\u00eda estallar en un momento m\u00e1s delicado. La diputada Lourdes Arrieta, ex integrante de La Libertad Avanza, denunci\u00f3 el pasado viernes al titular de la Agencia Federal de Inteligencia (exSIDE), Sergio Neiffert, ante la Comisi\u00f3n Bicameral de Inteligencia del Congreso. Seg\u00fan sostuvo, el funcionario habr\u00eda utilizado fondos reservados y tarjetas corporativas del organismo para realizar viajes con familiares que carec\u00edan de cualquier justificaci\u00f3n de \u00edndole institucional.<br><br>La denuncia fue presentada formalmente en la comisi\u00f3n que preside el senador Mart\u00edn Lousteau y anticipa una sesi\u00f3n tensa este martes 17 de junio, cuando Neiffert deber\u00e1 asistir al Congreso para ser interpelado por el Plan de Inteligencia Nacional. Sin embargo, todo indica que el foco de la sesi\u00f3n podr\u00eda desviarse hacia este nuevo esc\u00e1ndalo que, seg\u00fan trascendi\u00f3, ya encendi\u00f3 alarmas dentro del Ejecutivo.<\/p>\n\n\n\n<figure class=\"wp-block-embed is-type-rich is-provider-twitter wp-block-embed-twitter\"><div class=\"wp-block-embed__wrapper\">\n<blockquote class=\"twitter-tweet\" data-width=\"550\" data-dnt=\"true\"><p lang=\"es\" dir=\"ltr\">La diputada Lourdes Arrieta (ex LLA) denunci\u00f3 a Sergio Neiffert, titular de la SIDE, en la Comisi\u00f3n Bicameral de Inteligencia. El viernes lo acus\u00f3 de haber hecho viajes con familiares sin objetivos de inteligencia y con tarjeta de cr\u00e9dito corporativa de la SIDE. Denunci\u00f3\u2026 <a href=\"https:\/\/t.co\/obnYfzmlCf\">pic.twitter.com\/obnYfzmlCf<\/a><\/p>&mdash; Mariano Obarrio (@marianoobarrio) <a href=\"https:\/\/twitter.com\/marianoobarrio\/status\/1934787490180944314?ref_src=twsrc%5Etfw\">June 17, 2025<\/a><\/blockquote><script async src=\"https:\/\/platform.twitter.com\/widgets.js\" charset=\"utf-8\"><\/script>\n<\/div><\/figure>\n\n\n\n<p><br><br>Lo que agrava a\u00fan m\u00e1s el caso es que el Gobierno, en una pol\u00e9mica decisi\u00f3n presupuestaria, decidi\u00f3 reasignar 25 mil millones de pesos a la AFI, destinando un tercio de ese monto a fondos reservados, es decir, de utilizaci\u00f3n discrecional y exentos de control parlamentario ordinario.<br><br>Seg\u00fan el testimonio de Arrieta, el jefe de Gabinete del subsecretario de Inteligencia Alejandro Cecatti, Ignacio \u201cNacho\u201d Gim\u00e9nez, estar\u00eda involucrado en maniobras irregulares junto a un supuesto agente paraguayo, Nimio Cardoso. Las sospechas apuntan a una red de desv\u00edo de fondos con posibles ramificaciones internacionales.<br><br>La conexi\u00f3n paraguaya cobra mayor relevancia al recordar el reciente esc\u00e1ndalo que involucr\u00f3 al ex senador Edgardo Kueider, detenido en la frontera paraguaya con 200 mil d\u00f3lares no declarados al ingresar desde Brasil. Kueider hoy enfrenta una causa por lavado de activos, y su nombre resurge con fuerza en este nuevo entramado de presuntas operaciones ilegales con epicentro en la exSIDE.<br><br>En un encendido discurso durante la sesi\u00f3n del 4 de junio en Diputados, Arrieta ya hab\u00eda dejado entrever su indignaci\u00f3n:<\/p>\n\n\n\n<p><\/p>\n\n\n\n<blockquote class=\"wp-block-quote is-layout-flow wp-block-quote-is-layout-flow\">\n<p>\u201cLos jubilados no son degenerados fiscales por reclamar un derecho que es justo. Porque hay plata para la SIDE, pero al jubilado no le alcanza para comprar un paracetamol. Hay plata para que el director de la SIDE y su familia se vayan de vacaciones a Europa o paseen por el mundo con una tarjeta de la SIDE, que se investigue, pero no hay plata para los jubilados\u201d.<\/p>\n<\/blockquote>\n\n\n\n<p>La diputada ya solicit\u00f3 estar presente en la interpelaci\u00f3n a Neiffert prevista para ma\u00f1ana, y su pedido gener\u00f3 nerviosismo en las filas del oficialismo, especialmente por la cercan\u00eda del funcionario denunciado con Santiago Caputo, estratega pol\u00edtico clave del gobierno de Javier Milei.<br><br>Mientras crece el malestar en sectores del Congreso y se multiplican las versiones sobre el uso discrecional de recursos p\u00fablicos, el caso promete convertirse en una nueva piedra en el zapato para una administraci\u00f3n que, parad\u00f3jicamente, pregona austeridad mientras protege a quienes gozan de privilegios en las sombras del aparato estatal.<br><br>\u00bfHasta d\u00f3nde llegar\u00e1 la verdad? La sesi\u00f3n de este martes podr\u00eda comenzar a responderlo. Lo cierto es que el caso ya trascendi\u00f3 el \u00e1mbito de la inteligencia y se transform\u00f3 en una bomba pol\u00edtica con consecuencias imprevisibles.<br><br>Fuente:<\/p>\n\n\n\n<p><\/p>\n","protected":false},"excerpt":{"rendered":"<p>La diputada exlibertaria Lourdes Arrieta apunt\u00f3 contra Sergio Neiffert, titular de la exSIDE, por malversaci\u00f3n de fondos p\u00fablicos y uso discrecional del presupuesto secreto del organismo. En la antesala de la interpelaci\u00f3n a Sergio Neiffert por el Plan Nacional de Inteligencia, la diputada Lourdes Arrieta elev\u00f3 una grave denuncia en la Comisi\u00f3n Bicameral que expone&#8230;<\/p>\n","protected":false},"author":1,"featured_media":5292,"comment_status":"open","ping_status":"open","sticky":false,"template":"","format":"standard","meta":{"_monsterinsights_skip_tracking":false,"_monsterinsights_sitenote_active":false,"_monsterinsights_sitenote_note":"","_monsterinsights_sitenote_category":0,"footnotes":"","jetpack_publicize_message":"","jetpack_publicize_feature_enabled":true,"jetpack_social_post_already_shared":true,"jetpack_social_options":{"image_generator_settings":{"template":"highway","default_image_id":0,"font":"","enabled":false},"version":2}},"categories":[2],"tags":[],"class_list":["post-5293","post","type-post","status-publish","format-standard","has-post-thumbnail","hentry","category-politica"],"jetpack_publicize_connections":[],"_links":{"self":[{"href":"https:\/\/www.enorsai.com\/noticias\/wp-json\/wp\/v2\/posts\/5293","targetHints":{"allow":["GET"]}}],"collection":[{"href":"https:\/\/www.enorsai.com\/noticias\/wp-json\/wp\/v2\/posts"}],"about":[{"href":"https:\/\/www.enorsai.com\/noticias\/wp-json\/wp\/v2\/types\/post"}],"author":[{"embeddable":true,"href":"https:\/\/www.enorsai.com\/noticias\/wp-json\/wp\/v2\/users\/1"}],"replies":[{"embeddable":true,"href":"https:\/\/www.enorsai.com\/noticias\/wp-json\/wp\/v2\/comments?post=5293"}],"version-history":[{"count":0,"href":"https:\/\/www.enorsai.com\/noticias\/wp-json\/wp\/v2\/posts\/5293\/revisions"}],"wp:featuredmedia":[{"embeddable":true,"href":"https:\/\/www.enorsai.com\/noticias\/wp-json\/wp\/v2\/media\/5292"}],"wp:attachment":[{"href":"https:\/\/www.enorsai.com\/noticias\/wp-json\/wp\/v2\/media?parent=5293"}],"wp:term":[{"taxonomy":"category","embeddable":true,"href":"https:\/\/www.enorsai.com\/noticias\/wp-json\/wp\/v2\/categories?post=5293"},{"taxonomy":"post_tag","embeddable":true,"href":"https:\/\/www.enorsai.com\/noticias\/wp-json\/wp\/v2\/tags?post=5293"}],"curies":[{"name":"wp","href":"https:\/\/api.w.org\/{rel}","templated":true}]}}