{"id":5291,"date":"2025-06-17T09:54:54","date_gmt":"2025-06-17T12:54:54","guid":{"rendered":"https:\/\/www.enorsai.com\/noticias\/politica\/nada-nuevo-milei-y-bullrich-crean-una-policia-federal-al-estilo-fbi-para-vigilar-a-los-argentinos\/"},"modified":"2025-06-17T09:54:54","modified_gmt":"2025-06-17T12:54:54","slug":"nada-nuevo-milei-y-bullrich-crean-una-policia-federal-al-estilo-fbi-para-vigilar-a-los-argentinos","status":"publish","type":"post","link":"https:\/\/www.enorsai.com\/noticias\/politica\/nada-nuevo-milei-y-bullrich-crean-una-policia-federal-al-estilo-fbi-para-vigilar-a-los-argentinos\/","title":{"rendered":"Nada Nuevo: Milei y Bullrich crean una Polic\u00eda Federal al estilo FBI para vigilar a los argentinos"},"content":{"rendered":"\n<p>El presidente firm\u00f3 un decreto que transforma la Polic\u00eda Federal en una fuerza de inteligencia criminal, con reducci\u00f3n de personal, ingreso restringido a universitarios y estructura \u201cm\u00e1s eficiente\u201d. La ministra Patricia Bullrich lo celebra como \u201cmodernizaci\u00f3n\u201d. Pero detr\u00e1s del modelo importado del FBI se esconde un proyecto de control pol\u00edtico y disciplinamiento social.<br><br>El gobierno de Javier Milei oficializ\u00f3 la reforma integral de la Polic\u00eda Federal Argentina con un decreto que reorienta su misi\u00f3n a la investigaci\u00f3n de \u201cdelitos complejos\u201d, desliga a la fuerza de la seguridad en la Ciudad de Buenos Aires y plantea un modelo que emula al FBI norteamericano. Lo que Clar\u00edn celebra como \u201cmodernizaci\u00f3n\u201d, otros podr\u00edan denunciar como una consolidaci\u00f3n del aparato represivo con fines pol\u00edticos en un contexto de creciente conflictividad social y persecuci\u00f3n judicial a referentes opositores.<br><br>Sin debate legislativo ni consulta ciudadana, el gobierno nacional aprob\u00f3 por decreto la transformaci\u00f3n profunda de la Polic\u00eda Federal Argentina. El documento, el Decreto 383\/2025, lleva las firmas del presidente Javier Milei, su jefe de Gabinete Guillermo Francos y la ministra de Seguridad Patricia Bullrich. Lejos de tratarse de una simple reorganizaci\u00f3n administrativa, la medida implica un giro estrat\u00e9gico en el funcionamiento de las fuerzas de seguridad, con implicancias que deber\u00edan generar alarma en una sociedad democr\u00e1tica.<\/p>\n\n\n\n<p><br><br>\u00bfUna polic\u00eda para investigar o para vigilar?<br><br>El decreto establece que la Polic\u00eda Federal tendr\u00e1 como misi\u00f3n exclusiva \u201cprevenir, detectar e investigar delitos federales y complejos\u201d, dejando de lado su rol tradicional en la seguridad urbana porte\u00f1a. Esto \u00faltimo, en s\u00ed, puede parecer razonable en t\u00e9rminos de competencias entre jurisdicciones. Pero el problema no est\u00e1 en lo que la fuerza deja de hacer, sino en lo que pasa a hacer y c\u00f3mo.<br><br>El modelo elegido es el FBI. Se insiste en que el nuevo ingreso ser\u00e1 reservado a universitarios graduados, que la estructura ser\u00e1 \u201ceficiente y reducida\u201d, que se invertir\u00e1 en \u201ctecnolog\u00eda forense\u201d y en protocolos de investigaci\u00f3n sofisticados. Pero mientras la propaganda oficialista habla de eficiencia, lo que se perfila es una fuerza altamente tecnificada, subordinada a la l\u00f3gica del espionaje interno, y con una conducci\u00f3n pol\u00edtica directamente concentrada en el Ejecutivo.<br><br>Esto sucede en simult\u00e1neo con el avance del lawfare en Argentina, el encarcelamiento selectivo de referentes del kirchnerismo, el hostigamiento a movimientos sociales y sindicales, y la criminalizaci\u00f3n de la protesta social. \u00bfEn este contexto, una fuerza policial con facultades ampliadas de investigaci\u00f3n, bajo control directo del gobierno, puede ser considerada como una modernizaci\u00f3n neutral?<\/p>\n\n\n\n<p><br><br>Bullrich y el fetiche del \u201cmodelo americano\u201d<br><br>La ministra Bullrich no oculta su admiraci\u00f3n por los modelos represivos del hemisferio norte. Desde sus tiempos en el macrismo que sue\u00f1a con una Argentina que adopte sin filtros el sistema de seguridad interna estadounidense. El problema es que esa \u201cimportaci\u00f3n de recetas\u201d no viene con sus garant\u00edas institucionales, sino solo con su l\u00f3gica punitiva.<br><br>En Estados Unidos, el FBI ha sido acusado hist\u00f3ricamente de infiltraci\u00f3n pol\u00edtica, espionaje interno, manipulaci\u00f3n judicial y violaci\u00f3n de derechos civiles. La famosa \u201ceficiencia\u201d de su accionar ha ido de la mano con pr\u00e1cticas opacas y persecuciones ideol\u00f3gicas, especialmente durante los per\u00edodos m\u00e1s conservadores o autoritarios de la historia norteamericana. \u00bfEs esto lo que Milei quiere replicar?<br><br>Bullrich afirma que se busca una polic\u00eda \u201caltamente capacitada\u201d, pero en simult\u00e1neo el decreto plantea la reducci\u00f3n progresiva de suboficiales, estableciendo un techo anual de incorporaciones. Adem\u00e1s, se elimina la posibilidad de ingresar desde los niveles medios o bajos de la sociedad, al requerirse un t\u00edtulo universitario como prerrequisito. As\u00ed se configura una fuerza elitista, verticalista y desconectada del tejido social que deber\u00eda proteger.<\/p>\n\n\n\n<p><br><br>Una herramienta de persecuci\u00f3n, no de justicia<br><br>Mientras Milei aprieta el acelerador para lograr un aparato estatal \u201cm\u00e1s chico pero m\u00e1s letal\u201d, las calles se llenan de manifestantes, las universidades reclaman financiamiento, las ollas populares proliferan y los gremios preparan nuevas medidas de fuerza. La violencia institucional se vuelve el \u00fanico recurso de un gobierno incapaz de articular consensos.<br><br>En este escenario, la reforma policial debe leerse como parte de un plan de control social. Una fuerza que ya no sirve para disuadir delitos comunes sino para perseguir opositores, infiltrar organizaciones sociales, vigilar periodistas, reprimir protestas y blindar judicialmente al oficialismo. Las reformas no se implementan con transparencia ni se someten a debate p\u00fablico: se imponen por decreto, como corresponde a los gobiernos que le temen a la democracia participativa.<\/p>\n\n\n\n<p><br><br>Clar\u00edn aplaude, el pueblo resiste<br><br>Los medios hegem\u00f3nicos, como Clar\u00edn, presentan la reforma como una noticia t\u00e9cnica, inofensiva, casi burocr\u00e1tica. Hablan de \u201cmodernizaci\u00f3n\u201d, de \u201cprofesionalizaci\u00f3n\u201d, de \u201cestructura eficiente\u201d. Pero omiten las implicancias pol\u00edticas del modelo, su car\u00e1cter excluyente, su potencial persecutorio y su peligrosidad institucional.<br><br>El mismo d\u00eda en que se discute la posibilidad de que Cristina Fern\u00e1ndez de Kirchner sea detenida, el mismo d\u00eda en que La C\u00e1mpora anuncia una marcha a Comodoro Py, el gobierno lanza una reforma de la fuerza que puede convertirse en su brazo ejecutor. \u00bfCoincidencia?<br><br>Mientras tanto, Bullrich y Milei se preparan para celebrar la medida en un acto en la Polic\u00eda Montada de Palermo, con fotos, discursos y promesas de orden. Pero el orden que ellos promueven no es el de la justicia social ni el de la paz democr\u00e1tica: es el orden del miedo, del control y del silencio.<br><br>La reforma de la Polic\u00eda Federal es mucho m\u00e1s que un reordenamiento institucional. Es el intento del gobierno de Javier Milei de blindarse frente al conflicto social y a las cr\u00edticas pol\u00edticas mediante un aparato policial adaptado a sus necesidades ideol\u00f3gicas. En tiempos donde la democracia se debilita y la protesta se criminaliza, una polic\u00eda \u201cal estilo FBI\u201d no es sin\u00f3nimo de eficacia: es la antesala de un Estado vigilante y autoritario. La sociedad civil, los organismos de derechos humanos y la oposici\u00f3n deben encender las alertas antes de que sea demasiado tarde.<\/p>\n\n\n\n<p>Fuente:<\/p>\n\n\n\n<p>https:\/\/www.clarin.com\/politica\/gobierno-oficializo-serie-reformas-policia-federal_0_unl2OSZXY6.html<\/p>\n","protected":false},"excerpt":{"rendered":"<p>El presidente firm\u00f3 un decreto que transforma la Polic\u00eda Federal en una fuerza de inteligencia criminal, con reducci\u00f3n de personal, ingreso restringido a universitarios y estructura \u201cm\u00e1s eficiente\u201d. La ministra Patricia Bullrich lo celebra como \u201cmodernizaci\u00f3n\u201d. Pero detr\u00e1s del modelo importado del FBI se esconde un proyecto de control pol\u00edtico y disciplinamiento social. El gobierno&#8230;<\/p>\n","protected":false},"author":1,"featured_media":5289,"comment_status":"open","ping_status":"open","sticky":false,"template":"","format":"standard","meta":{"_monsterinsights_skip_tracking":false,"_monsterinsights_sitenote_active":false,"_monsterinsights_sitenote_note":"","_monsterinsights_sitenote_category":0,"footnotes":"","jetpack_publicize_message":"","jetpack_publicize_feature_enabled":true,"jetpack_social_post_already_shared":true,"jetpack_social_options":{"image_generator_settings":{"template":"highway","default_image_id":0,"font":"","enabled":false},"version":2}},"categories":[2],"tags":[],"class_list":["post-5291","post","type-post","status-publish","format-standard","has-post-thumbnail","hentry","category-politica"],"jetpack_publicize_connections":[],"_links":{"self":[{"href":"https:\/\/www.enorsai.com\/noticias\/wp-json\/wp\/v2\/posts\/5291","targetHints":{"allow":["GET"]}}],"collection":[{"href":"https:\/\/www.enorsai.com\/noticias\/wp-json\/wp\/v2\/posts"}],"about":[{"href":"https:\/\/www.enorsai.com\/noticias\/wp-json\/wp\/v2\/types\/post"}],"author":[{"embeddable":true,"href":"https:\/\/www.enorsai.com\/noticias\/wp-json\/wp\/v2\/users\/1"}],"replies":[{"embeddable":true,"href":"https:\/\/www.enorsai.com\/noticias\/wp-json\/wp\/v2\/comments?post=5291"}],"version-history":[{"count":0,"href":"https:\/\/www.enorsai.com\/noticias\/wp-json\/wp\/v2\/posts\/5291\/revisions"}],"wp:featuredmedia":[{"embeddable":true,"href":"https:\/\/www.enorsai.com\/noticias\/wp-json\/wp\/v2\/media\/5289"}],"wp:attachment":[{"href":"https:\/\/www.enorsai.com\/noticias\/wp-json\/wp\/v2\/media?parent=5291"}],"wp:term":[{"taxonomy":"category","embeddable":true,"href":"https:\/\/www.enorsai.com\/noticias\/wp-json\/wp\/v2\/categories?post=5291"},{"taxonomy":"post_tag","embeddable":true,"href":"https:\/\/www.enorsai.com\/noticias\/wp-json\/wp\/v2\/tags?post=5291"}],"curies":[{"name":"wp","href":"https:\/\/api.w.org\/{rel}","templated":true}]}}