{"id":5276,"date":"2025-06-17T05:49:37","date_gmt":"2025-06-17T08:49:37","guid":{"rendered":"http:\/\/www.enorsai.com\/noticias\/?p=5276"},"modified":"2025-06-17T05:49:37","modified_gmt":"2025-06-17T08:49:37","slug":"censura-operaciones-y-presion-judicial-el-operativo-del-gobierno-para-esconder-la-movilizacion-por-cristina","status":"publish","type":"post","link":"https:\/\/www.enorsai.com\/noticias\/politica\/censura-operaciones-y-presion-judicial-el-operativo-del-gobierno-para-esconder-la-movilizacion-por-cristina\/","title":{"rendered":"Censura, operaciones y presi\u00f3n judicial: el operativo del Gobierno para esconder la movilizaci\u00f3n por Cristina"},"content":{"rendered":"\n<p>La Casa Rosada maniobra a contrarreloj para evitar la postal que ning\u00fan medio extranjero deber\u00eda ver: cientos de miles de personas acompa\u00f1ando a Cristina Kirchner hasta Comodoro Py. La movilizaci\u00f3n ya no se puede detener, y el temor del gobierno libertario se convierte en desesperaci\u00f3n.<\/p>\n\n\n\n<p>Mientras el Gobierno de Javier Milei insiste en desligarse del caso judicial que condena a la expresidenta, despliega en paralelo una bater\u00eda de presiones, operaciones y sugerencias para evitar lo que m\u00e1s teme: la demostraci\u00f3n palpable de que millones a\u00fan respaldan a quien buscan proscribir. La calle, otra vez, se vuelve territorio de disputa.<\/p>\n\n\n\n<p><\/p>\n\n\n\n<p><strong>El fantasma de la multitud<\/strong><\/p>\n\n\n\n<p>No hay nada que incomode m\u00e1s al gobierno de Javier Milei que la demostraci\u00f3n tangible del respaldo popular a Cristina Fern\u00e1ndez de Kirchner. Y no se trata solo de una cuesti\u00f3n de imagen interna. Lo que realmente quita el sue\u00f1o en la Casa Rosada es la proyecci\u00f3n internacional de una escena que se repite en la historia argentina: una mujer, acusada y condenada por un Poder Judicial deslegitimado, rodeada por una marea humana que no solo la respalda, sino que impugna \u2014con el cuerpo y con la calle\u2014 la legitimidad de esa condena.<\/p>\n\n\n\n<p>Desde hace d\u00edas, los operadores libertarios trabajan en dos frentes. Por un lado, simulan que todo lo relativo a la causa \u00abVialidad\u00bb es cosa de la Justicia, asunto t\u00e9cnico y distante, ajeno a las preocupaciones del Ejecutivo. Por el otro, intentan \u2014a plena luz del d\u00eda y tambi\u00e9n en la penumbra de los despachos\u2014 desmontar la movilizaci\u00f3n prevista para este mi\u00e9rcoles. Las versiones se acumulan y se cruzan: prisi\u00f3n domiciliaria de \u00faltimo momento, notificaci\u00f3n por Zoom, gestiones del Ministerio de Justicia con jueces del Tribunal Oral Federal 2, y hasta presiones apenas disimuladas para \u201cevitar convulsiones sociales\u201d.<\/p>\n\n\n\n<figure class=\"wp-block-embed is-type-rich is-provider-twitter wp-block-embed-twitter\"><div class=\"wp-block-embed__wrapper\">\n<blockquote class=\"twitter-tweet\" data-width=\"550\" data-dnt=\"true\"><p lang=\"es\" dir=\"ltr\">Milei le tiene que cambiar el nombre a su partido. No pueden seguir usando la palabra libertad cuando tienen a su principal opositora presa.<br><br>El mi\u00e9rcoles la Argentina camina con Cristina para exigir su libertad. <a href=\"https:\/\/t.co\/DDrtzndWPS\">pic.twitter.com\/DDrtzndWPS<\/a><\/p>&mdash; Wado de Pedro \ud83c\udde6\ud83c\uddf7 (@wadodecorrido) <a href=\"https:\/\/twitter.com\/wadodecorrido\/status\/1934703251984658799?ref_src=twsrc%5Etfw\">June 16, 2025<\/a><\/blockquote><script async src=\"https:\/\/platform.twitter.com\/widgets.js\" charset=\"utf-8\"><\/script>\n<\/div><\/figure>\n\n\n\n<p><strong>El miedo no es a la calle, sino a lo que la calle representa<\/strong><\/p>\n\n\n\n<p>Lo dijo sin vueltas el jefe de Gabinete, Guillermo Francos: \u00abMe parecer\u00eda absolutamente l\u00f3gico que las medidas de notificaci\u00f3n puedan hacerse sin que la expresidenta concurra a los tribunales. Eso no va a generar nada positivo\u00bb. Nada positivo&#8230; para el gobierno, claro. Porque lo que se juega este mi\u00e9rcoles no es s\u00f3lo el futuro de Cristina, sino la imagen del poder. Y esa imagen, si se impone la marcha, ser\u00e1 demoledora: una multitud acompa\u00f1ando a una expresidenta que, lejos de esconderse o huir, camina hacia un tribunal que la conden\u00f3 sin pruebas concretas y con una sentencia plagada de irregularidades.<\/p>\n\n\n\n<p>Los fiscales Diego Luciani y Sergio Mola \u2014los mismos que pidieron 12 a\u00f1os de prisi\u00f3n sin haber podido probar enriquecimiento il\u00edcito ni retorno de fondos\u2014 se preparan para objetar la prisi\u00f3n domiciliaria, incluso apelando a tecnicismos m\u00e9dicos. Ya se opusieron antes a conceder ese beneficio a un imputado de casi 80 a\u00f1os. \u00bfSe atrever\u00e1n ahora a negar el derecho a una mujer de 72, que fue v\u00edctima de un intento de magnicidio y que por su condici\u00f3n de expresidenta cuenta con custodia permanente?<\/p>\n\n\n\n<figure class=\"wp-block-embed is-type-rich is-provider-twitter wp-block-embed-twitter\"><div class=\"wp-block-embed__wrapper\">\n<blockquote class=\"twitter-tweet\" data-width=\"550\" data-dnt=\"true\"><p lang=\"es\" dir=\"ltr\">Desde la sede del PJ Nacional, junto a compa\u00f1eras de todo el pa\u00eds, alzamos la voz en defensa de Cristina. No la persiguen por lo que hizo, sino por lo que representa: un futuro con justicia social, igualdad y derechos para la Argentina. <a href=\"https:\/\/t.co\/T47gBxkDnW\">pic.twitter.com\/T47gBxkDnW<\/a><\/p>&mdash; Anabel Fern\u00e1ndez Sagasti (@anabelfsagasti) <a href=\"https:\/\/twitter.com\/anabelfsagasti\/status\/1934731213031526563?ref_src=twsrc%5Etfw\">June 16, 2025<\/a><\/blockquote><script async src=\"https:\/\/platform.twitter.com\/widgets.js\" charset=\"utf-8\"><\/script>\n<\/div><\/figure>\n\n\n\n<p><strong>Cristina no se rinde. El pueblo tampoco.<\/strong><\/p>\n\n\n\n<p>La estrategia oficial es tan burda como transparente. Intentan simular desinter\u00e9s mientras ruegan que la imagen no se viralice. Porque no hay nada m\u00e1s potente que una l\u00edder condenada rodeada por su pueblo. La historia lo ha demostrado una y otra vez. Ni Lula en Brasil logr\u00f3 semejante convocatoria. El fen\u00f3meno argentino tiene una ra\u00edz particular: aqu\u00ed, la calle es memoria, resistencia y tambi\u00e9n advertencia.<\/p>\n\n\n\n<p>Desde el entorno de la expresidenta ya confirmaron que la movilizaci\u00f3n no se desarma. Saldr\u00e1 a las 10 desde su domicilio en la calle San Jos\u00e9 y llegar\u00e1 hasta Comodoro Py. Ser\u00e1 una postal inevitable. En los tribunales federales, los jueces del TOF 2 (el mismo que antes rechaz\u00f3 la detenci\u00f3n inmediata que ped\u00edan los fiscales) eval\u00faan la posibilidad de conceder la domiciliaria, pero lo har\u00edan \u2014afirman\u2014 por \u00abrazones de razonabilidad\u00bb, no por presiones. Una forma elegante de decir que no quieren enfrentar la marea humana que se les viene encima.<\/p>\n\n\n\n<figure class=\"wp-block-embed is-type-rich is-provider-twitter wp-block-embed-twitter\"><div class=\"wp-block-embed__wrapper\">\n<blockquote class=\"twitter-tweet\" data-width=\"550\" data-dnt=\"true\"><p lang=\"es\" dir=\"ltr\">Este mi\u00e9rcoles tenemos una cita con la historia. Argentina con Cristina. <a href=\"https:\/\/t.co\/dGQpGC0Mi5\">pic.twitter.com\/dGQpGC0Mi5<\/a><\/p>&mdash; Itai Hagman (@ItaiHagman) <a href=\"https:\/\/twitter.com\/ItaiHagman\/status\/1934649286236524558?ref_src=twsrc%5Etfw\">June 16, 2025<\/a><\/blockquote><script async src=\"https:\/\/platform.twitter.com\/widgets.js\" charset=\"utf-8\"><\/script>\n<\/div><\/figure>\n\n\n\n<p><strong>La paradoja de la proscripci\u00f3n es que multiplica adhesiones<\/strong><\/p>\n\n\n\n<p>En el fondo, Milei y su gabinete saben que est\u00e1n jugando con fuego. Porque lo que intentan presentar como una causa judicial ejemplar se revela, cada vez con mayor nitidez, como una operaci\u00f3n pol\u00edtica con forma de sentencia. La condena de Cristina no naci\u00f3 de una b\u00fasqueda de justicia, sino de una necesidad de disciplinamiento. Que no vuelva. Que no se atreva. Que nadie crea que se puede cuestionar al poder real sin consecuencias.<\/p>\n\n\n\n<p>Pero esa jugada tiene un costo. Y ese costo es la calle. Es la memoria colectiva que recuerda la persecuci\u00f3n a Per\u00f3n, los exilios forzados, los presos pol\u00edticos. Es la convicci\u00f3n \u2014instintiva, visceral\u2014 de que a Cristina no la quieren presa por ladrona, sino por haber empoderado a los nadies, por haber molestado a los de arriba, por haber gobernado con el peronismo en la piel.<\/p>\n\n\n\n<figure class=\"wp-block-embed is-type-rich is-provider-twitter wp-block-embed-twitter\"><div class=\"wp-block-embed__wrapper\">\n<blockquote class=\"twitter-tweet\" data-width=\"550\" data-dnt=\"true\"><p lang=\"es\" dir=\"ltr\">Nunca caminar\u00e1s sola, Argentina con Cristina.<a href=\"https:\/\/twitter.com\/hashtag\/cristinalibre?src=hash&amp;ref_src=twsrc%5Etfw\">#cristinalibre<\/a> <a href=\"https:\/\/twitter.com\/CristinaLibreOk?ref_src=twsrc%5Etfw\">@CristinaLibreOk<\/a> <a href=\"https:\/\/t.co\/r65vvRk5RP\">pic.twitter.com\/r65vvRk5RP<\/a><\/p>&mdash; Delfi Rossi (@rossi_delfina) <a href=\"https:\/\/twitter.com\/rossi_delfina\/status\/1934672390606229587?ref_src=twsrc%5Etfw\">June 16, 2025<\/a><\/blockquote><script async src=\"https:\/\/platform.twitter.com\/widgets.js\" charset=\"utf-8\"><\/script>\n<\/div><\/figure>\n\n\n\n<p><strong>Operaciones, peritajes y verg\u00fcenza institucional<\/strong><\/p>\n\n\n\n<p>Mientras se preparan para recibirla, los jueces piden peritajes, estudios socioambientales, actualizaciones del monto del decomiso. El show judicial no se detiene. Pero detr\u00e1s del decorado, la verg\u00fcenza asoma. \u00bfQu\u00e9 sentido tiene seguir con el circo cuando la protagonista misma ha dejado en claro que no se va a esconder? \u00bfQu\u00e9 clase de rep\u00fablica es aquella que se construye con sentencias digitadas y fiscales militantes?<\/p>\n\n\n\n<p>El pedido de prisi\u00f3n domiciliaria, lejos de ser un privilegio, se apoya en fundamentos constitucionales y criterios internacionales. El derecho internacional proh\u00edbe, de hecho, que una persona en su condici\u00f3n y edad sea sometida al aislamiento extremo. El Estado tiene la obligaci\u00f3n de garantizar su seguridad. Pero incluso ese derecho b\u00e1sico est\u00e1 siendo puesto en duda, porque lo que molesta, lo que irrita, es la posibilidad de que Cristina siga hablando, que salga al balc\u00f3n, que siga interpelando a esa Argentina que resiste.<\/p>\n\n\n\n<p><\/p>\n\n\n\n<p><strong>Una decisi\u00f3n que definir\u00e1 m\u00e1s que un destino personal<\/strong><\/p>\n\n\n\n<p>Los jueces del TOF 2 saben que su decisi\u00f3n no ser\u00e1 t\u00e9cnica, por m\u00e1s que lo pretendan. Est\u00e1n ante un momento bisagra. Si ceden a las presiones, quedar\u00e1n definitivamente marcados como instrumentos de un poder vengativo. Si respetan los derechos de Cristina, cargar\u00e1n con la furia de los que quieren verla derrotada, silenciada y anulada.<\/p>\n\n\n\n<p>La Corte Suprema, que confirm\u00f3 la condena sin ruborizarse, ya dio muestras de que todo es posible en esta Argentina de sentencias con tufillo a vendetta. Por eso, esta movilizaci\u00f3n no es solo un acto de respaldo a Cristina, sino un grito colectivo contra una deriva institucional que pone en jaque los cimientos democr\u00e1ticos.<\/p>\n\n\n\n<p><\/p>\n\n\n\n<p><strong>El mi\u00e9rcoles no ser\u00e1 un d\u00eda m\u00e1s<\/strong><\/p>\n\n\n\n<p>No lo ser\u00e1 para el pueblo que camine junto a Cristina. No lo ser\u00e1 para los medios que intenten ignorar o minimizar la marcha. Y, sobre todo, no lo ser\u00e1 para un gobierno que ha hecho de la represi\u00f3n simb\u00f3lica su marca de gesti\u00f3n. A Javier Milei no le teme tanto a Cristina como a lo que ella convoca: la memoria de las luchas populares, la vigencia del peronismo, la vigencia de una pol\u00edtica que no se arrodilla.<\/p>\n\n\n\n<p>La imagen que se avecina es potente. No podr\u00e1n borrarla, ni con zoom, ni con prisiones domiciliarias de apuro, ni con operaciones medi\u00e1ticas. Porque hay algo que no se puede esconder: el pueblo, cuando decide ponerse de pie, no pide permiso. Y esta vez, como tantas otras, lo har\u00e1 gritando una certeza: <em>no se proscribe a quien elige el pueblo<\/em>.<\/p>\n\n\n\n<p>Fuente:<\/p>\n\n\n\n<ul class=\"wp-block-list\">\n<li><a href=\"https:\/\/www.pagina12.com.ar\/834623-la-ofensiva-del-gobierno-y-los-medios-para-desarmar-la-enorm\">https:\/\/www.pagina12.com.ar\/834623-la-ofensiva-del-gobierno-y-los-medios-para-desarmar-la-enorm<\/a><\/li>\n<\/ul>\n\n\n\n<p><\/p>\n","protected":false},"excerpt":{"rendered":"<p>La Casa Rosada maniobra a contrarreloj para evitar la postal que ning\u00fan medio extranjero deber\u00eda ver: cientos de miles de personas acompa\u00f1ando a Cristina Kirchner hasta Comodoro Py. La movilizaci\u00f3n ya no se puede detener, y el temor del gobierno libertario se convierte en desesperaci\u00f3n. Mientras el Gobierno de Javier Milei insiste en desligarse del&#8230;<\/p>\n","protected":false},"author":12,"featured_media":5277,"comment_status":"open","ping_status":"open","sticky":false,"template":"","format":"standard","meta":{"_monsterinsights_skip_tracking":false,"_monsterinsights_sitenote_active":false,"_monsterinsights_sitenote_note":"","_monsterinsights_sitenote_category":0,"footnotes":"","jetpack_publicize_message":"La Casa Rosada maniobra a contrarreloj para evitar la postal que ning\u00fan medio extranjero deber\u00eda ver: cientos de miles de personas acompa\u00f1ando a Cristina Kirchner hasta Comodoro Py. La movilizaci\u00f3n ya no se puede detener, y el temor del gobierno libertario se convierte en desesperaci\u00f3n.","jetpack_publicize_feature_enabled":true,"jetpack_social_post_already_shared":false,"jetpack_social_options":{"image_generator_settings":{"template":"highway","default_image_id":0,"enabled":false},"version":2}},"categories":[2],"tags":[88,523],"class_list":["post-5276","post","type-post","status-publish","format-standard","has-post-thumbnail","hentry","category-politica","tag-cfk","tag-cristina-fernandez-de-kirchner"],"jetpack_publicize_connections":[],"_links":{"self":[{"href":"https:\/\/www.enorsai.com\/noticias\/wp-json\/wp\/v2\/posts\/5276","targetHints":{"allow":["GET"]}}],"collection":[{"href":"https:\/\/www.enorsai.com\/noticias\/wp-json\/wp\/v2\/posts"}],"about":[{"href":"https:\/\/www.enorsai.com\/noticias\/wp-json\/wp\/v2\/types\/post"}],"author":[{"embeddable":true,"href":"https:\/\/www.enorsai.com\/noticias\/wp-json\/wp\/v2\/users\/12"}],"replies":[{"embeddable":true,"href":"https:\/\/www.enorsai.com\/noticias\/wp-json\/wp\/v2\/comments?post=5276"}],"version-history":[{"count":1,"href":"https:\/\/www.enorsai.com\/noticias\/wp-json\/wp\/v2\/posts\/5276\/revisions"}],"predecessor-version":[{"id":5278,"href":"https:\/\/www.enorsai.com\/noticias\/wp-json\/wp\/v2\/posts\/5276\/revisions\/5278"}],"wp:featuredmedia":[{"embeddable":true,"href":"https:\/\/www.enorsai.com\/noticias\/wp-json\/wp\/v2\/media\/5277"}],"wp:attachment":[{"href":"https:\/\/www.enorsai.com\/noticias\/wp-json\/wp\/v2\/media?parent=5276"}],"wp:term":[{"taxonomy":"category","embeddable":true,"href":"https:\/\/www.enorsai.com\/noticias\/wp-json\/wp\/v2\/categories?post=5276"},{"taxonomy":"post_tag","embeddable":true,"href":"https:\/\/www.enorsai.com\/noticias\/wp-json\/wp\/v2\/tags?post=5276"}],"curies":[{"name":"wp","href":"https:\/\/api.w.org\/{rel}","templated":true}]}}