{"id":5271,"date":"2025-06-16T22:33:19","date_gmt":"2025-06-17T01:33:19","guid":{"rendered":"http:\/\/www.enorsai.com\/noticias\/politica\/censura-en-la-tv-publica-prohibido-hablar-de-la-proscripcion-a-cristina-kirchner\/"},"modified":"2025-06-16T22:44:42","modified_gmt":"2025-06-17T01:44:42","slug":"censura-en-la-tv-publica-prohibido-hablar-de-la-proscripcion-a-cristina-kirchner","status":"publish","type":"post","link":"https:\/\/www.enorsai.com\/noticias\/politica\/censura-en-la-tv-publica-prohibido-hablar-de-la-proscripcion-a-cristina-kirchner\/","title":{"rendered":"Censura en la TV P\u00fablica: prohibido hablar de la proscripci\u00f3n a Cristina Kirchner"},"content":{"rendered":"\n<p>Trabajadores del canal estatal denuncian que el Gobierno de Javier Milei impone un cerrojo informativo que impide el debate plural y silencia las voces cr\u00edticas sobre el fallo judicial contra la expresidenta.<br><br>El personal de la TV P\u00fablica, junto al Sindicato de Prensa de Buenos Aires (SiPreBA), emiti\u00f3 un comunicado donde expone una preocupante pr\u00e1ctica de censura: se les impide mencionar la proscripci\u00f3n judicial a Cristina Fern\u00e1ndez de Kirchner y s\u00f3lo se habilita la palabra a constitucionalistas que celebran su condena. La denuncia incluye otros casos de silenciamiento sistem\u00e1tico, precarizaci\u00f3n laboral y represi\u00f3n informativa bajo la actual gesti\u00f3n.<br><br>La censura ya no es un fantasma: en la TV P\u00fablica es una orden. Trabajadores y trabajadoras del canal estatal, junto con el Sindicato de Prensa de Buenos Aires (SiPreBA), denunciaron p\u00fablicamente que se les prohibi\u00f3 hablar de la proscripci\u00f3n de Cristina Fern\u00e1ndez de Kirchner, impuesta por la Corte Suprema de Justicia de la Naci\u00f3n. \u201cNo compartimos ni somos responsables de la l\u00ednea editorial que impone este Gobierno en nuestra pantalla\u201d, afirmaron en un contundente comunicado difundido en redes sociales.<br><br>Seg\u00fan los denunciantes, desde la gerencia de noticias del canal estatal se aplica una pol\u00edtica informativa restrictiva que s\u00f3lo permite entrevistar a constitucionalistas que avalan la condena judicial contra la dos veces presidenta. \u201cLa gerencia controla cada informaci\u00f3n que damos sobre la condena de CFK y nos impide hablar de su proscripci\u00f3n\u201d, se\u00f1alaron. Esta pr\u00e1ctica, lejos de ser un hecho aislado, responde a una l\u00f3gica sistem\u00e1tica de silenciamiento aplicada tambi\u00e9n en otros conflictos.<br><br>Uno de los casos recientes fue el del Hospital Garrahan, donde durante una cobertura se evitaron las voces de los trabajadores, y en cambio abundaron las fuentes oficiales. Otro episodio a\u00fan m\u00e1s grave involucr\u00f3 al fot\u00f3grafo Pablo Grillo, herido de bala de goma disparada por un gendarme mientras cubr\u00eda una marcha de jubilados. Los responsables del canal evitaron siquiera mencionarlo en pantalla.<br><br>El comunicado de los trabajadores pone en evidencia un modelo comunicacional autoritario impuesto por la administraci\u00f3n de Javier Milei, que busca convertir a los medios p\u00fablicos en instrumentos de propaganda oficialista. Bajo esta l\u00f3gica, se impide cubrir con libertad temas clave como manifestaciones en el Congreso, prohibiendo incluso el uso de t\u00e9rminos como \u201crepresi\u00f3n\u201d.<br><br>Pero la censura no viene sola: est\u00e1 acompa\u00f1ada por un severo ajuste sobre las condiciones laborales. Seg\u00fan denunci\u00f3 SiPreBA, los trabajadores de la TV P\u00fablica llevan 14 meses sin paritarias y perdieron m\u00e1s del 60% de su poder adquisitivo. Entre diciembre de 2023 y mayo de 2025, sus salarios subieron apenas 71,2%, frente a una inflaci\u00f3n acumulada que super\u00f3 el 170%. A esta situaci\u00f3n se suma la eliminaci\u00f3n de 19.000 d\u00edas de vacaciones no gozadas antes de 2022, un derecho adquirido que el Gobierno simplemente borr\u00f3 de un plumazo.<br><br>El malestar tambi\u00e9n se hizo visible en c\u00e1mara. Hace una semana, durante la emisi\u00f3n en vivo del programa Las ma\u00f1anas con Andino, trabajadores interrumpieron la programaci\u00f3n para reclamar por sus salarios. La reacci\u00f3n fue inmediata: el conductor Guillermo Andino intent\u00f3 cortar la transmisi\u00f3n, que fue reemplazada sin explicaci\u00f3n por material grabado. Desde entonces, el programa qued\u00f3 en suspenso y no hubo una sola palabra oficial sobre su continuidad.<br><br>\u201cEl ataque no es solo a Cristina Kirchner: es a la libertad, al periodismo y a la democracia\u201d, advirtieron los trabajadores. \u201cDefendemos los medios p\u00fablicos como un derecho humano a una comunicaci\u00f3n plural, diversa y federal\u201d, remarcaron.<br><br>En un pa\u00eds donde cada d\u00eda se achica m\u00e1s la frontera entre la censura y el miedo, el silencio ya no es una omisi\u00f3n: es una imposici\u00f3n. Y en la TV P\u00fablica, lo que no se dice, se reprime.<br><br>Fuente:<\/p>\n\n\n\n<ul class=\"wp-block-list\">\n<li>https:\/\/gestionsindical.com\/censura-tv-publica-milei-nos-impiden-hablar-proscripcion-cristina-kirchner\/<\/li>\n<\/ul>\n","protected":false},"excerpt":{"rendered":"<p>Trabajadores del canal estatal denuncian que el Gobierno de Javier Milei impone un cerrojo informativo que impide el debate plural y silencia las voces cr\u00edticas sobre el fallo judicial contra la expresidenta. El personal de la TV P\u00fablica, junto al Sindicato de Prensa de Buenos Aires (SiPreBA), emiti\u00f3 un comunicado donde expone una preocupante pr\u00e1ctica&#8230;<\/p>\n","protected":false},"author":1,"featured_media":5273,"comment_status":"open","ping_status":"open","sticky":false,"template":"","format":"standard","meta":{"_monsterinsights_skip_tracking":false,"_monsterinsights_sitenote_active":false,"_monsterinsights_sitenote_note":"","_monsterinsights_sitenote_category":0,"footnotes":"","jetpack_publicize_message":"","jetpack_publicize_feature_enabled":true,"jetpack_social_post_already_shared":true,"jetpack_social_options":{"image_generator_settings":{"template":"highway","default_image_id":0,"font":"","enabled":false},"version":2}},"categories":[2],"tags":[],"class_list":["post-5271","post","type-post","status-publish","format-standard","has-post-thumbnail","hentry","category-politica"],"jetpack_publicize_connections":[],"_links":{"self":[{"href":"https:\/\/www.enorsai.com\/noticias\/wp-json\/wp\/v2\/posts\/5271","targetHints":{"allow":["GET"]}}],"collection":[{"href":"https:\/\/www.enorsai.com\/noticias\/wp-json\/wp\/v2\/posts"}],"about":[{"href":"https:\/\/www.enorsai.com\/noticias\/wp-json\/wp\/v2\/types\/post"}],"author":[{"embeddable":true,"href":"https:\/\/www.enorsai.com\/noticias\/wp-json\/wp\/v2\/users\/1"}],"replies":[{"embeddable":true,"href":"https:\/\/www.enorsai.com\/noticias\/wp-json\/wp\/v2\/comments?post=5271"}],"version-history":[{"count":2,"href":"https:\/\/www.enorsai.com\/noticias\/wp-json\/wp\/v2\/posts\/5271\/revisions"}],"predecessor-version":[{"id":5274,"href":"https:\/\/www.enorsai.com\/noticias\/wp-json\/wp\/v2\/posts\/5271\/revisions\/5274"}],"wp:featuredmedia":[{"embeddable":true,"href":"https:\/\/www.enorsai.com\/noticias\/wp-json\/wp\/v2\/media\/5273"}],"wp:attachment":[{"href":"https:\/\/www.enorsai.com\/noticias\/wp-json\/wp\/v2\/media?parent=5271"}],"wp:term":[{"taxonomy":"category","embeddable":true,"href":"https:\/\/www.enorsai.com\/noticias\/wp-json\/wp\/v2\/categories?post=5271"},{"taxonomy":"post_tag","embeddable":true,"href":"https:\/\/www.enorsai.com\/noticias\/wp-json\/wp\/v2\/tags?post=5271"}],"curies":[{"name":"wp","href":"https:\/\/api.w.org\/{rel}","templated":true}]}}