{"id":5269,"date":"2025-06-16T21:41:59","date_gmt":"2025-06-17T00:41:59","guid":{"rendered":"http:\/\/www.enorsai.com\/noticias\/politica\/cristina-salio-al-balcon-abrazo-a-los-organismos-de-derechos-humanos-y-encendio-la-militancia-vamos-a-volver\/"},"modified":"2025-06-16T21:41:59","modified_gmt":"2025-06-17T00:41:59","slug":"cristina-salio-al-balcon-abrazo-a-los-organismos-de-derechos-humanos-y-encendio-la-militancia-vamos-a-volver","status":"publish","type":"post","link":"https:\/\/www.enorsai.com\/noticias\/politica\/cristina-salio-al-balcon-abrazo-a-los-organismos-de-derechos-humanos-y-encendio-la-militancia-vamos-a-volver\/","title":{"rendered":"Cristina sali\u00f3 al balc\u00f3n, abraz\u00f3 a los organismos de derechos humanos y encendi\u00f3 la militancia: \u201c\u00a1Vamos a volver!\u201d"},"content":{"rendered":"\n<p>En la antesala de su presentaci\u00f3n en Comodoro Py, la expresidenta se mostr\u00f3 rodeada de referentes hist\u00f3ricos de los DD.HH. y miles de militantes que la respaldan tras el fallo de la Corte Suprema. C\u00e1nticos, emoci\u00f3n y una consigna que retumba: \u201cVamos con ella\u201d.<br><br>Con la sentencia de inhabilitaci\u00f3n pol\u00edtica ya confirmada, Cristina Fern\u00e1ndez de Kirchner eligi\u00f3 responder con militancia, abrazos y canciones. Desde el balc\u00f3n de su casa en Constituci\u00f3n, salud\u00f3 a la multitud, se reuni\u00f3 con Taty Almeida, Vera Jarach y otros referentes de derechos humanos, y convoc\u00f3, sin decirlo expl\u00edcitamente, a una marcha que ya promete ser hist\u00f3rica.<br><br>A dos d\u00edas de su obligada presentaci\u00f3n en Comodoro Py por la causa Vialidad, Cristina Fern\u00e1ndez de Kirchner volvi\u00f3 a dar una se\u00f1al pol\u00edtica poderosa, y no lo hizo en un acto formal ni en un set televisivo, sino desde el lugar m\u00e1s simb\u00f3lico que hoy habita: su casa en el barrio porte\u00f1o de Constituci\u00f3n.<\/p>\n\n\n\n<figure class=\"wp-block-embed is-type-rich is-provider-twitter wp-block-embed-twitter\"><div class=\"wp-block-embed__wrapper\">\n<blockquote class=\"twitter-tweet\" data-width=\"550\" data-dnt=\"true\"><p lang=\"es\" dir=\"ltr\">VAMOS A VOLVER \ud83c\udfb6\ud83c\udfb6 lo canta Cristina lo llora la mafia<a href=\"https:\/\/twitter.com\/hashtag\/CristinaLibre?src=hash&amp;ref_src=twsrc%5Etfw\">#CristinaLibre<\/a><a href=\"https:\/\/twitter.com\/hashtag\/ArgentinaConCristina?src=hash&amp;ref_src=twsrc%5Etfw\">#ArgentinaConCristina<\/a> <a href=\"https:\/\/t.co\/oeIYKWBmMT\">pic.twitter.com\/oeIYKWBmMT<\/a><\/p>&mdash; Soledad Gimenez (@gisoleok) <a href=\"https:\/\/twitter.com\/gisoleok\/status\/1934715679669952733?ref_src=twsrc%5Etfw\">June 16, 2025<\/a><\/blockquote><script async src=\"https:\/\/platform.twitter.com\/widgets.js\" charset=\"utf-8\"><\/script>\n<\/div><\/figure>\n\n\n\n<p><br><br>Durante la tarde del lunes, la expresidenta sali\u00f3 al balc\u00f3n para saludar y cantar con una multitud militante que se agolp\u00f3 en las calles tras el fallo de la Corte Suprema que confirm\u00f3 su condena a seis a\u00f1os de prisi\u00f3n e inhabilitaci\u00f3n perpetua para ejercer cargos p\u00fablicos. No fue un gesto aislado: fue una escena cargada de contenido pol\u00edtico y emocional, en la que reson\u00f3 con fuerza el grito un\u00e1nime de \u201c\u00a1Vamos a volver!\u201d.<br><br>En el interior del domicilio de la calle San Jos\u00e9 se gest\u00f3 otro momento de alto valor simb\u00f3lico. Cristina recibi\u00f3 a representantes hist\u00f3ricos de los organismos de derechos humanos, entre ellos, Taty Almeida, de Madres de Plaza de Mayo L\u00ednea Fundadora, quien al salir de la reuni\u00f3n fue contundente: \u201c\u00bfVan por Cristina? Vamos con ella. Estamos con ella\u201d. La acompa\u00f1aban Vera Jarach y el exsecretario de Derechos Humanos Horacio Pietragalla Corti, entre otros referentes.<br><br>Desde abajo, el pueblo no s\u00f3lo core\u00f3 por Cristina. Tambi\u00e9n ovacion\u00f3 a las Madres con un canto que atraviesa generaciones: \u201c\u00a1Madres de la Plaza, el pueblo las abraza!\u201d. Hubo pa\u00f1uelos blancos, l\u00e1grimas y una consigna com\u00fan: la defensa de la democracia frente a lo que muchos ya consideran una nueva forma de proscripci\u00f3n pol\u00edtica.<br><br>Las im\u00e1genes de Cristina saludando desde distintos balcones, lanzando besos, haciendo gestos de agradecimiento y alentando a entonar c\u00e1nticos no s\u00f3lo tuvieron un tono afectivo: fueron una arenga militante en plena escalada judicial y pol\u00edtica. La frase \u201cVamos a volver\u201d, que grit\u00f3 con fuerza, fue replicada por toda la multitud, reeditando una escena de comuni\u00f3n con su base que recuerda a los d\u00edas m\u00e1s intensos del kirchnerismo.<br><br>Todo ocurre en la antesala de su presentaci\u00f3n ante el Tribunal Oral Federal N\u00ba2, prevista para este mi\u00e9rcoles por la ma\u00f1ana. El tribunal ya solicit\u00f3 al Gobierno nacional y de la Ciudad que refuerce las medidas de seguridad para la jornada, que promete una movilizaci\u00f3n masiva de organizaciones sociales, gremiales, estudiantiles y pol\u00edticas vinculadas al campo nacional y popular.<br><br>La vigilia frente a su casa no se detiene. Desde hace d\u00edas, el barrio de Constituci\u00f3n se convirti\u00f3 en el epicentro de una resistencia activa, con bombos, pancartas, c\u00e1nticos y banderas. La represi\u00f3n del domingo por la madrugada por parte de la polic\u00eda porte\u00f1a no hizo m\u00e1s que avivar el fuego de la militancia que hoy responde con mayor presencia y decisi\u00f3n.<br><br>Cristina no est\u00e1 sola. Lo dej\u00f3 en claro el fervor popular que la acompa\u00f1a, y tambi\u00e9n lo dejaron claro las Madres y organismos de derechos humanos que no dudaron en mostrarse a su lado. Lo que est\u00e1 en juego va m\u00e1s all\u00e1 de un nombre: se trata de la continuidad de un proyecto pol\u00edtico y la defensa de los valores democr\u00e1ticos que tantas veces fueron vulnerados en la historia argentina.<br><br>Con su aparici\u00f3n, con sus gestos y con sus palabras, Cristina volvi\u00f3 a encender la mecha de una militancia que no se resigna, que resiste en las calles y que parece dispuesta a escribir un nuevo cap\u00edtulo en esta historia que el poder judicial, en su faceta m\u00e1s opaca, intenta clausurar.<br><br>Fuente:<\/p>\n\n\n\n<ul class=\"wp-block-list\">\n<li>https:\/\/www.tiempoar.com.ar\/ta_article\/cristina-salio-nuevamente-al-balcon-y-arengo-a-la-militancia-vamos-a-volver\/<\/li>\n<\/ul>\n","protected":false},"excerpt":{"rendered":"<p>En la antesala de su presentaci\u00f3n en Comodoro Py, la expresidenta se mostr\u00f3 rodeada de referentes hist\u00f3ricos de los DD.HH. y miles de militantes que la respaldan tras el fallo de la Corte Suprema. C\u00e1nticos, emoci\u00f3n y una consigna que retumba: \u201cVamos con ella\u201d. Con la sentencia de inhabilitaci\u00f3n pol\u00edtica ya confirmada, Cristina Fern\u00e1ndez de&#8230;<\/p>\n","protected":false},"author":1,"featured_media":5268,"comment_status":"open","ping_status":"open","sticky":false,"template":"","format":"standard","meta":{"_monsterinsights_skip_tracking":false,"_monsterinsights_sitenote_active":false,"_monsterinsights_sitenote_note":"","_monsterinsights_sitenote_category":0,"footnotes":"","jetpack_publicize_message":"","jetpack_publicize_feature_enabled":true,"jetpack_social_post_already_shared":true,"jetpack_social_options":{"image_generator_settings":{"template":"highway","default_image_id":0,"font":"","enabled":false},"version":2}},"categories":[2],"tags":[],"class_list":["post-5269","post","type-post","status-publish","format-standard","has-post-thumbnail","hentry","category-politica"],"jetpack_publicize_connections":[],"_links":{"self":[{"href":"https:\/\/www.enorsai.com\/noticias\/wp-json\/wp\/v2\/posts\/5269","targetHints":{"allow":["GET"]}}],"collection":[{"href":"https:\/\/www.enorsai.com\/noticias\/wp-json\/wp\/v2\/posts"}],"about":[{"href":"https:\/\/www.enorsai.com\/noticias\/wp-json\/wp\/v2\/types\/post"}],"author":[{"embeddable":true,"href":"https:\/\/www.enorsai.com\/noticias\/wp-json\/wp\/v2\/users\/1"}],"replies":[{"embeddable":true,"href":"https:\/\/www.enorsai.com\/noticias\/wp-json\/wp\/v2\/comments?post=5269"}],"version-history":[{"count":0,"href":"https:\/\/www.enorsai.com\/noticias\/wp-json\/wp\/v2\/posts\/5269\/revisions"}],"wp:featuredmedia":[{"embeddable":true,"href":"https:\/\/www.enorsai.com\/noticias\/wp-json\/wp\/v2\/media\/5268"}],"wp:attachment":[{"href":"https:\/\/www.enorsai.com\/noticias\/wp-json\/wp\/v2\/media?parent=5269"}],"wp:term":[{"taxonomy":"category","embeddable":true,"href":"https:\/\/www.enorsai.com\/noticias\/wp-json\/wp\/v2\/categories?post=5269"},{"taxonomy":"post_tag","embeddable":true,"href":"https:\/\/www.enorsai.com\/noticias\/wp-json\/wp\/v2\/tags?post=5269"}],"curies":[{"name":"wp","href":"https:\/\/api.w.org\/{rel}","templated":true}]}}