{"id":5267,"date":"2025-06-16T18:49:43","date_gmt":"2025-06-16T21:49:43","guid":{"rendered":"http:\/\/www.enorsai.com\/noticias\/politica\/ramos-padilla-advirtio-si-humillan-a-cristina-la-euforia-puede-transformarse-en-bronca\/"},"modified":"2025-06-16T18:49:43","modified_gmt":"2025-06-16T21:49:43","slug":"ramos-padilla-advirtio-si-humillan-a-cristina-la-euforia-puede-transformarse-en-bronca","status":"publish","type":"post","link":"https:\/\/www.enorsai.com\/noticias\/politica\/ramos-padilla-advirtio-si-humillan-a-cristina-la-euforia-puede-transformarse-en-bronca\/","title":{"rendered":"Ramos Padilla advirti\u00f3: \u201cSi humillan a Cristina, la euforia puede transformarse en bronca\u201d"},"content":{"rendered":"\n<p>A d\u00edas de la movilizaci\u00f3n popular a Comodoro Py en respaldo a Cristina Kirchner, el juez Juan Mar\u00eda Ramos Padilla lanz\u00f3 una dura advertencia contra posibles provocaciones del Poder Judicial y el Ministerio de Seguridad.<br><br>El titular del Tribunal Oral en lo Criminal y Correccional N\u00b0 29 alert\u00f3 que cualquier intento de humillar a la expresidenta podr\u00eda tener un efecto contrario al buscado por sus detractores. \u201cSi se les ocurre hacer una estupidez, toda esta euforia se puede transformar en bronca\u201d, sentenci\u00f3. Tambi\u00e9n critic\u00f3 duramente a Patricia Bullrich y denunci\u00f3 la intenci\u00f3n de martirizar a Cristina.<br><br>En v\u00edsperas de una nueva jornada de movilizaci\u00f3n popular bajo la consigna \u201cArgentina con Cristina\u201d, que acompa\u00f1ar\u00e1 a la expresidenta a Comodoro Py, el juez Juan Mar\u00eda Ramos Padilla rompi\u00f3 el silencio con declaraciones que no pasaron desapercibidas. En di\u00e1logo con AM 750, advirti\u00f3 sobre posibles excesos judiciales y policiales que podr\u00edan derivar en un escenario de tensi\u00f3n social.<br><br>\u201cSi se les ocurre hacer una estupidez, toda esta euforia se puede transformar en bronca y estos idiotas no lo entienden porque los jueces no salen de su despacho\u201d, dispar\u00f3 el magistrado, se\u00f1alando directamente al entorno de poder que promueve la proscripci\u00f3n de Cristina Fern\u00e1ndez de Kirchner.<br><br>El presidente del Tribunal Oral en lo Criminal y Correccional N\u00b0 29 apunt\u00f3 especialmente contra la ministra de Seguridad, Patricia Bullrich, al asegurar que \u201cno puede estar a cargo de la seguridad de Cristina\u201d, recordando que fue la \u00fanica funcionaria que no repudi\u00f3 el intento de magnicidio contra la vicepresidenta y la responsabiliz\u00f3 por antecedentes de violencia institucional.<br><br>\u201cBullrich tiene muertos en los hombros, casi mata a un fot\u00f3grafo, y todos los mi\u00e9rcoles nos muestra c\u00f3mo hay que reprimir jubilados para tenernos en l\u00ednea\u201d, sostuvo Ramos Padilla.<br><br>La convocatoria a las puertas de Comodoro Py tiene como objetivo rechazar la proscripci\u00f3n de Cristina y reclamar que se le otorgue la prisi\u00f3n domiciliaria, un derecho garantizado por ley y que hoy est\u00e1 en manos del juez Jorge Gorini.<br><br>Sin embargo, los rumores sobre una posible imagen de Cristina esposada, similar a lo que se hizo en el pasado con Amado Boudou, encendieron las alarmas. \u201cNo deber\u00edan generar ning\u00fan acto de humillaci\u00f3n ni repetir las perversidades que hace Bullrich porque eso va en contra de la Constituci\u00f3n\u201d, remarc\u00f3.<br><br>Adem\u00e1s, Ramos Padilla cuestion\u00f3 duramente el aislamiento de los jueces federales: \u201cTienen muy poca calle y no conocen a su pueblo. En la pandemia, cuando estaba prohibido trabajar, te daban tareas comunitarias. Estas cosas pasan en Tribunales porque no sacan la cabeza por la ventana\u201d.<br><br>La advertencia se suma a un clima de fuerte tensi\u00f3n institucional. Mientras el pueblo se organiza para defender a quien fuera dos veces presidenta y actual titular del Partido Justicialista, los sectores del macrismo presionan para endurecer las condiciones judiciales contra Cristina.<br><br>La marcha, convocada para este mi\u00e9rcoles, promete ser masiva. No solo es una expresi\u00f3n de respaldo a Cristina, sino tambi\u00e9n un mensaje contundente al poder judicial y al gobierno nacional, que sigue insistiendo en una narrativa de venganza, proscripci\u00f3n y disciplinamiento.<br><br>El escenario est\u00e1 planteado: la calle dir\u00e1 una vez m\u00e1s si tolera o no los atropellos contra una de las figuras pol\u00edticas m\u00e1s importantes de la historia reciente. Y como bien anticip\u00f3 Ramos Padilla, la bronca no est\u00e1 lejos si la dignidad del pueblo vuelve a ser pisoteada.<br><br>Fuente:<\/p>\n\n\n\n<ul class=\"wp-block-list\">\n<li>https:\/\/www.pagina12.com.ar\/834506-advertencia-del-juez-ramos-padilla-la-euforia-se-puede-trans<\/li>\n<\/ul>\n","protected":false},"excerpt":{"rendered":"<p>A d\u00edas de la movilizaci\u00f3n popular a Comodoro Py en respaldo a Cristina Kirchner, el juez Juan Mar\u00eda Ramos Padilla lanz\u00f3 una dura advertencia contra posibles provocaciones del Poder Judicial y el Ministerio de Seguridad. El titular del Tribunal Oral en lo Criminal y Correccional N\u00b0 29 alert\u00f3 que cualquier intento de humillar a la&#8230;<\/p>\n","protected":false},"author":1,"featured_media":5266,"comment_status":"open","ping_status":"open","sticky":false,"template":"","format":"standard","meta":{"_monsterinsights_skip_tracking":false,"_monsterinsights_sitenote_active":false,"_monsterinsights_sitenote_note":"","_monsterinsights_sitenote_category":0,"footnotes":"","jetpack_publicize_message":"","jetpack_publicize_feature_enabled":true,"jetpack_social_post_already_shared":true,"jetpack_social_options":{"image_generator_settings":{"template":"highway","default_image_id":0,"font":"","enabled":false},"version":2}},"categories":[2],"tags":[],"class_list":["post-5267","post","type-post","status-publish","format-standard","has-post-thumbnail","hentry","category-politica"],"jetpack_publicize_connections":[],"_links":{"self":[{"href":"https:\/\/www.enorsai.com\/noticias\/wp-json\/wp\/v2\/posts\/5267","targetHints":{"allow":["GET"]}}],"collection":[{"href":"https:\/\/www.enorsai.com\/noticias\/wp-json\/wp\/v2\/posts"}],"about":[{"href":"https:\/\/www.enorsai.com\/noticias\/wp-json\/wp\/v2\/types\/post"}],"author":[{"embeddable":true,"href":"https:\/\/www.enorsai.com\/noticias\/wp-json\/wp\/v2\/users\/1"}],"replies":[{"embeddable":true,"href":"https:\/\/www.enorsai.com\/noticias\/wp-json\/wp\/v2\/comments?post=5267"}],"version-history":[{"count":0,"href":"https:\/\/www.enorsai.com\/noticias\/wp-json\/wp\/v2\/posts\/5267\/revisions"}],"wp:featuredmedia":[{"embeddable":true,"href":"https:\/\/www.enorsai.com\/noticias\/wp-json\/wp\/v2\/media\/5266"}],"wp:attachment":[{"href":"https:\/\/www.enorsai.com\/noticias\/wp-json\/wp\/v2\/media?parent=5267"}],"wp:term":[{"taxonomy":"category","embeddable":true,"href":"https:\/\/www.enorsai.com\/noticias\/wp-json\/wp\/v2\/categories?post=5267"},{"taxonomy":"post_tag","embeddable":true,"href":"https:\/\/www.enorsai.com\/noticias\/wp-json\/wp\/v2\/tags?post=5267"}],"curies":[{"name":"wp","href":"https:\/\/api.w.org\/{rel}","templated":true}]}}