{"id":5258,"date":"2025-06-16T14:54:45","date_gmt":"2025-06-16T17:54:45","guid":{"rendered":"https:\/\/www.enorsai.com\/noticias\/?p=5258"},"modified":"2025-06-16T14:54:45","modified_gmt":"2025-06-16T17:54:45","slug":"argentina-con-cristina-la-movilizacion-que-representa-el-choque-entre-un-pueblo-que-no-olvida-y-el-aparato-judicial-del-poder-economico","status":"publish","type":"post","link":"https:\/\/www.enorsai.com\/noticias\/politica\/argentina-con-cristina-la-movilizacion-que-representa-el-choque-entre-un-pueblo-que-no-olvida-y-el-aparato-judicial-del-poder-economico\/","title":{"rendered":"\u201cArgentina con Cristina\u201d: La movilizaci\u00f3n que representa el choque entre un pueblo que no olvida y el aparato judicial del poder econ\u00f3mico"},"content":{"rendered":"\n<p><strong><em>La movilizaci\u00f3n convocada para este mi\u00e9rcoles en respaldo a Cristina Fern\u00e1ndez de Kirchner expone mucho m\u00e1s que una manifestaci\u00f3n pol\u00edtica: representa el choque frontal entre un pueblo que no olvida y un aparato judicial funcional al poder econ\u00f3mico y a un gobierno que desprecia la democracia.<\/em><\/strong><\/p>\n\n\n\n<p>Con una sentencia confirmada por la Corte Suprema y a la espera de que se determine si cumplir\u00e1 su condena en prisi\u00f3n domiciliaria o en una c\u00e1rcel com\u00fan, la expresidenta ser\u00e1 acompa\u00f1ada por una marcha que promete ser multitudinaria. Sindicatos, movimientos sociales y gobernadores peronistas se alinean en una causa que trasciende lo individual: la defensa de la democracia frente a la maquinaria de proscripci\u00f3n orquestada por el macrismo, la Casa Rosada y sus socios judiciales.<\/p>\n\n\n\n<p>Hay momentos en los que la historia se resume en una calle. En una consigna. En una figura que despierta pasiones, miedos, odios, esperanzas. Cristina Fern\u00e1ndez de Kirchner volver\u00e1 este mi\u00e9rcoles a Comodoro Py, ese s\u00edmbolo grotesco de la justicia argentina, acompa\u00f1ada por una marea de pueblo que se niega a ser espectadora de su proscripci\u00f3n.<\/p>\n\n\n\n<p>La cita no es menor. A las 10 de la ma\u00f1ana del 18 de junio, desde San Jos\u00e9 y San Juan, punto de residencia de la exmandataria en el barrio porte\u00f1o de Constituci\u00f3n, partir\u00e1 una marcha que ya no responde solamente a la urgencia de una causa judicial ama\u00f1ada. Lo que est\u00e1 en juego es mucho m\u00e1s profundo: es el sentido mismo de la democracia.<\/p>\n\n\n\n<p>La militancia no marcha solo por Cristina. Marcha con ella, en defensa de un proyecto de pa\u00eds que, con errores y contradicciones, fue capaz de poner al pueblo en el centro de la pol\u00edtica. Y lo hace enfrentando a un poder judicial que no puede explicar por qu\u00e9 condena sin pruebas a una expresidenta mientras absuelve a saqueadores seriales del patrimonio nacional. Porque no se trata de justicia. Se trata de disciplinamiento.<\/p>\n\n\n\n<p>El Partido Justicialista convoc\u00f3 a esta movilizaci\u00f3n hist\u00f3rica, que cuenta con el respaldo de sindicatos como la CTA Aut\u00f3noma, ATE, La Bancaria y el poderoso gremio de Camioneros. Pablo Moyano fue claro tras reunirse con Cristina: \u201cHay que dejarse de joder y unirse\u201d. Y no es solo una frase: es la consigna que atraviesa esta hora dram\u00e1tica. Porque lo que se avecina no es s\u00f3lo el cumplimiento de una pena absurda, sino la consolidaci\u00f3n de una estrategia de exclusi\u00f3n pol\u00edtica impulsada por la derecha m\u00e1s reaccionaria.<\/p>\n\n\n\n<p>La causa Vialidad, que comenz\u00f3 como un circo medi\u00e1tico y termin\u00f3 en una condena sin pruebas concretas, fue ratificada por la Corte Suprema, ese \u00f3rgano que perdi\u00f3 todo atisbo de imparcialidad cuando fue colonizado por el macrismo con nombramientos ilegales como los de Rosatti y Rosenkrantz. Ahora, la decisi\u00f3n final est\u00e1 en manos del Tribunal Oral Federal 2, que deber\u00e1 definir si Cristina cumple su condena en arresto domiciliario o es enviada a una c\u00e1rcel com\u00fan.<\/p>\n\n\n\n<p>La defensa de la expresidenta argumenta que no s\u00f3lo su edad y su rol hist\u00f3rico ameritan la prisi\u00f3n domiciliaria, sino que su integridad f\u00edsica corre peligro. No se trata de especulaci\u00f3n: Cristina fue v\u00edctima de un intento de magnicidio en 2022. Mientras los autores materiales est\u00e1n siendo juzgados, los intelectuales gozan de libertad y v\u00ednculos con figuras del actual gobierno. Gerardo Milman, por ejemplo, fue apuntado en la investigaci\u00f3n y responde a Patricia Bullrich, actual ministra de Seguridad y responsable del Servicio Penitenciario Federal. \u00bfPuede alguien creer que una c\u00e1rcel com\u00fan garantizar\u00eda su seguridad?<\/p>\n\n\n\n<p>El propio TOF2 recibi\u00f3 informes que certifican que su domicilio en Constituci\u00f3n es \u201capto\u201d para el cumplimiento de la condena. Sin embargo, las presiones no cesan. Los fiscales Diego Luciani y Sergio Mola, voceros judiciales del macrismo, insisten con la c\u00e1rcel com\u00fan. Desde la Casa Rosada, Guillermo Francos, jefe de Gabinete de Javier Milei, ya dej\u00f3 en claro su molestia: \u201cUna cosa es que le den arresto domiciliario, otra es que se asome al balc\u00f3n\u201d.<\/p>\n\n\n\n<p>No es casual que ese balc\u00f3n se haya convertido en el epicentro simb\u00f3lico de esta resistencia. Como Gaspar Campos en los a\u00f1os del exilio peronista, la esquina de San Jos\u00e9 y Humberto Primo es hoy el altar de una militancia que no se resigna. Durante d\u00edas, la vigilia no se interrumpi\u00f3. Ni siquiera cuando la Polic\u00eda de la Ciudad, siempre presta al capricho del poder, irrumpi\u00f3 con violencia para desalojarla. Volvieron. Porque lo que est\u00e1 en juego no es solo el futuro de una dirigente: es el derecho del pueblo a elegir.<\/p>\n\n\n\n<p>La consigna \u201cArgentina con Cristina\u201d se multiplica en carteles, banderas, redes y gargantas. En las provincias y en los barrios, en las f\u00e1bricas y las universidades, la convocatoria crece y se nacionaliza. El objetivo: garantizar que Cristina vuelva a su casa. Pero tambi\u00e9n dejar claro que la proscripci\u00f3n no pasar\u00e1 sin resistencia.<\/p>\n\n\n\n<p>Mientras tanto, en la sede del PJ de la calle Matheu, el peronismo todo \u2013o casi todo\u2013 se re\u00fane para delinear estrategias. Sergio Massa, Juan Grabois, Guillermo Moreno, gobernadores, intendentes, todos confluyen en una misma urgencia: la unidad como condici\u00f3n de supervivencia. No hay lugar para tibios ni para mezquindades. La embestida es tan feroz que no deja espacio para las dudas. O se est\u00e1 del lado de la democracia, o se est\u00e1 del lado del partido judicial.<\/p>\n\n\n\n<p>ATE convoc\u00f3 a un paro general de 24 horas. La CTA Aut\u00f3noma anunci\u00f3 \u201cabandono de tareas\u201d. La Bancaria prepara cese de actividades. Los movimientos sociales organizan columnas que se sumar\u00e1n desde distintos puntos del pa\u00eds. No es s\u00f3lo una marcha: es una rebeli\u00f3n pac\u00edfica contra una estructura judicial colonizada por los intereses del poder econ\u00f3mico y los resabios de la dictadura.<\/p>\n\n\n\n<p>Desde el Ministerio de Seguridad se relevaron c\u00e1rceles federales e incluso se baraj\u00f3 el uso del Edificio Centinela de Gendarmer\u00eda. \u00bfQu\u00e9 clase de Rep\u00fablica encierra a quien construy\u00f3 universidades, aument\u00f3 los salarios, defendi\u00f3 la soberan\u00eda y combati\u00f3 el hambre, mientras premia con fueros y blindaje medi\u00e1tico a los responsables del endeudamiento y el saqueo?<\/p>\n\n\n\n<p>El mi\u00e9rcoles ser\u00e1 un parteaguas. Si Cristina es llevada a prisi\u00f3n com\u00fan, ser\u00e1 la se\u00f1al definitiva de que el Estado de Derecho ha sido reemplazado por un r\u00e9gimen de venganza. Si se le concede la domiciliaria, no ser\u00e1 una concesi\u00f3n de justicia, sino una victoria de la movilizaci\u00f3n popular. Pero en cualquier caso, lo que se mide es la temperatura de un pueblo que comienza a despertar.<\/p>\n\n\n\n<p>\u201cVienen por ella, vamos con ella\u201d, dice la consigna. Pero en realidad, vienen por todos. Por la memoria, por los derechos, por el salario, por la dignidad. La respuesta est\u00e1 en la calle. Ah\u00ed donde la democracia late con fuerza cuando el Palacio la traiciona. Este 18 de junio no ser\u00e1 un simple tr\u00e1mite judicial. Ser\u00e1 una declaraci\u00f3n de principios.<\/p>\n\n\n\n<p>Porque la historia \u2013como tantas veces en Argentina\u2013 no se escribe en los despachos. Se grita en la calle. Y esta vez, la calle es con Cristina.<\/p>\n\n\n\n<p>Fuente:<\/p>\n\n\n\n<ul class=\"wp-block-list\">\n<li><a href=\"https:\/\/www.pagina12.com.ar\/834459-argentina-con-cristina-la-movilizacion-para-acompanar-a-la-e\">https:\/\/www.pagina12.com.ar\/834459-argentina-con-cristina-la-movilizacion-para-acompanar-a-la-e<\/a><\/li>\n\n\n\n<li><a href=\"https:\/\/www.tiempoar.com.ar\/ta_article\/argentina-cristina-peronismo-comodoro-py\/\">https:\/\/www.tiempoar.com.ar\/ta_article\/argentina-cristina-peronismo-comodoro-py\/<\/a><\/li>\n\n\n\n<li><a href=\"https:\/\/www.politicargentina.com\/notas\/202506\/66435-argentina-con-cristina-la-marcha-que-la-acompanara-a-comodoro-py-ya-tiene-horario-y-punto-de-encuentro.html\">https:\/\/www.politicargentina.com\/notas\/202506\/66435-argentina-con-cristina-la-marcha-que-la-acompanara-a-comodoro-py-ya-tiene-horario-y-punto-de-encuentro.html<\/a><\/li>\n<\/ul>\n","protected":false},"excerpt":{"rendered":"<p>La marcha \u00abArgentina con Cristina\u00bb es mucho m\u00e1s que un acompa\u00f1amiento: es una respuesta popular frente a la proscripci\u00f3n de una figura central del movimiento nacional. En un pa\u00eds donde la Justicia act\u00faa como brazo del poder econ\u00f3mico, la calle vuelve a ser refugio y resistencia del campo popular.<\/p>\n","protected":false},"author":1,"featured_media":5260,"comment_status":"open","ping_status":"open","sticky":false,"template":"","format":"standard","meta":{"_monsterinsights_skip_tracking":false,"_monsterinsights_sitenote_active":false,"_monsterinsights_sitenote_note":"","_monsterinsights_sitenote_category":0,"footnotes":"","jetpack_publicize_message":"\ud83d\udce3 Este mi\u00e9rcoles el pueblo vuelve a las calles: no es solo por Cristina, es por la democracia, la memoria y contra una Justicia servil al poder. La historia no se escribe en los despachos: se defiende en la calle.","jetpack_publicize_feature_enabled":true,"jetpack_social_post_already_shared":true,"jetpack_social_options":{"image_generator_settings":{"template":"highway","default_image_id":0,"enabled":false},"version":2}},"categories":[2],"tags":[1633,87,209,70,1601,974,363,1392,137,1140],"class_list":["post-5258","post","type-post","status-publish","format-standard","has-post-thumbnail","hentry","category-politica","tag-comodoropy","tag-cristina","tag-democracia","tag-justicia","tag-militancia","tag-movilizacion","tag-peronismo","tag-proscripcion","tag-resistencia","tag-vialidad"],"jetpack_publicize_connections":[],"_links":{"self":[{"href":"https:\/\/www.enorsai.com\/noticias\/wp-json\/wp\/v2\/posts\/5258","targetHints":{"allow":["GET"]}}],"collection":[{"href":"https:\/\/www.enorsai.com\/noticias\/wp-json\/wp\/v2\/posts"}],"about":[{"href":"https:\/\/www.enorsai.com\/noticias\/wp-json\/wp\/v2\/types\/post"}],"author":[{"embeddable":true,"href":"https:\/\/www.enorsai.com\/noticias\/wp-json\/wp\/v2\/users\/1"}],"replies":[{"embeddable":true,"href":"https:\/\/www.enorsai.com\/noticias\/wp-json\/wp\/v2\/comments?post=5258"}],"version-history":[{"count":3,"href":"https:\/\/www.enorsai.com\/noticias\/wp-json\/wp\/v2\/posts\/5258\/revisions"}],"predecessor-version":[{"id":5263,"href":"https:\/\/www.enorsai.com\/noticias\/wp-json\/wp\/v2\/posts\/5258\/revisions\/5263"}],"wp:featuredmedia":[{"embeddable":true,"href":"https:\/\/www.enorsai.com\/noticias\/wp-json\/wp\/v2\/media\/5260"}],"wp:attachment":[{"href":"https:\/\/www.enorsai.com\/noticias\/wp-json\/wp\/v2\/media?parent=5258"}],"wp:term":[{"taxonomy":"category","embeddable":true,"href":"https:\/\/www.enorsai.com\/noticias\/wp-json\/wp\/v2\/categories?post=5258"},{"taxonomy":"post_tag","embeddable":true,"href":"https:\/\/www.enorsai.com\/noticias\/wp-json\/wp\/v2\/tags?post=5258"}],"curies":[{"name":"wp","href":"https:\/\/api.w.org\/{rel}","templated":true}]}}