{"id":5255,"date":"2025-06-16T10:54:27","date_gmt":"2025-06-16T13:54:27","guid":{"rendered":"https:\/\/www.enorsai.com\/noticias\/?p=5255"},"modified":"2025-06-16T10:57:27","modified_gmt":"2025-06-16T13:57:27","slug":"la-proscripcion-avanza-cinco-estudiantes-detenidos-por-hacer-pintadas-en-parana","status":"publish","type":"post","link":"https:\/\/www.enorsai.com\/noticias\/politica\/la-proscripcion-avanza-cinco-estudiantes-detenidos-por-hacer-pintadas-en-parana\/","title":{"rendered":"La proscripci\u00f3n avanza: Cinco estudiantes detenidos por hacer pintadas en Paran\u00e1"},"content":{"rendered":"\n<p>La Polic\u00eda de Entre R\u00edos detuvo a j\u00f3venes por realizar una consigna pol\u00edtica en apoyo a Cristina Fern\u00e1ndez. Desde el movimiento estudiantil denuncian persecuci\u00f3n, abuso de autoridad y una escalada represiva impulsada por el ministro Roncaglia en sinton\u00eda con la l\u00f3gica del gobierno nacional.<br><br>Los estudiantes fueron interceptados tras dejar un mensaje pol\u00edtico en un cartel callejero. Desde la universidad p\u00fablica, referentes del sector repudian el accionar policial, se\u00f1alan un intento de disciplinamiento de la juventud organizada y llaman a movilizarse en defensa de la libertad de expresi\u00f3n. El gobierno provincial de Rogelio Frigerio, alineado con Javier Milei, es apuntado como responsable pol\u00edtico del operativo.<br><br><br>Un mensaje pintado, una reacci\u00f3n desmedida<br><br>En una escena que recuerda a las peores pr\u00e1cticas de criminalizaci\u00f3n de la protesta, cinco estudiantes fueron detenidos este viernes en la ciudad de Paran\u00e1 por realizar pintadas callejeras con referencias a la expresidenta Cristina Fern\u00e1ndez de Kirchner. Lejos de tratarse de un hecho de vandalismo com\u00fan, lo que emergi\u00f3 tras el despliegue policial fue un operativo con connotaciones pol\u00edticas, que termin\u00f3 con los j\u00f3venes esposados, demorados durante horas y con su veh\u00edculo secuestrado.<br><br>El hecho ocurri\u00f3 en la esquina de Rondeau y Almirante Brown, donde un cartel fue intervenido con consignas pol\u00edticas. La reacci\u00f3n fue inmediata: tras una llamada al 911, la Polic\u00eda activ\u00f3 el sistema de videovigilancia y localiz\u00f3 un Toyota Corolla bord\u00f3 en el que se movilizaban los estudiantes. A instancias del fiscal Cristian Giunta, los cinco j\u00f3venes fueron demorados y requisados. En el auto encontraron aerosoles, suficiente argumento para que el caso se transforme en una detenci\u00f3n con despliegue medi\u00e1tico y exposici\u00f3n p\u00fablica.<\/p>\n\n\n\n<p><br><br>Repudio desde el movimiento estudiantil<br><br>Desde la Facultad de Trabajo Social de la Universidad Nacional de Entre R\u00edos, la presidenta del centro de estudiantes, Sol Guir\u00edn Chapitel, expres\u00f3 un firme rechazo al accionar policial y calific\u00f3 la detenci\u00f3n como un acto de \u201camedrentamiento a la democracia\u201d. En sus declaraciones, sostuvo: \u201cSon compa\u00f1eros del espacio Nacional y Popular que realizaron expresiones pol\u00edticas. Fue terrible la detenci\u00f3n y el circo que mont\u00f3 la Polic\u00eda. \u00bfCu\u00e1l fue la necesidad de exhibirlos esposados?\u201d.<br><br>Guir\u00edn Chapitel denunci\u00f3 tambi\u00e9n que la Polic\u00eda actu\u00f3 con una l\u00f3gica de escarmiento: \u201cHay un mensaje pol\u00edtico del ministro de Seguridad, N\u00e9stor Roncaglia, hacia quienes quieren expresarse pol\u00edticamente\u201d. La madre de uno de los j\u00f3venes confirm\u00f3 adem\u00e1s que los estudiantes pasaron la noche entera en comisar\u00edas, sin acceso a sus derechos b\u00e1sicos, lo que refuerza la sospecha de una medida disciplinadora m\u00e1s que judicial.<\/p>\n\n\n\n<p><br><br>Una polic\u00eda provincial que responde al discurso del odio<br><br>La presidenta del centro estudiantil tambi\u00e9n vincul\u00f3 lo sucedido con el contexto pol\u00edtico nacional: \u201cEl gobernador Rogelio Frigerio aplica pol\u00edticas de ajuste similares a las del presidente Javier Milei. No sorprende que esto provenga de la Polic\u00eda provincial\u201d. Y agreg\u00f3 que los dichos recientes del presidente Milei, como \u201cya no se puede vivir con los zurdos\u201d, habilitan un marco de persecuci\u00f3n ideol\u00f3gica hacia sectores militantes y juveniles.<br><br>Lejos de un caso aislado, lo que sucede en Entre R\u00edos se enmarca en una pol\u00edtica represiva m\u00e1s amplia que, bajo la excusa del orden, busca silenciar voces disidentes, sobre todo de estudiantes, docentes y trabajadores que se organizan para denunciar los ajustes y recortes en \u00e1reas sensibles como educaci\u00f3n, salud y derechos sociales.<\/p>\n\n\n\n<p><br><br>Una asamblea para responder con organizaci\u00f3n<br><br>Como respuesta a lo sucedido, diferentes sectores convocaron a una asamblea interclaustros, interfacultades e intersectorial para este viernes a las 14 horas. El encuentro tiene como objetivo central defender la libertad de expresi\u00f3n y repudiar la represi\u00f3n policial. Participar\u00e1n trabajadores en conflicto, como los empleados del IOSPER, con miras a avanzar en un plan de lucha com\u00fan contra las pol\u00edticas represivas y de ajuste.<br><br>La movilizaci\u00f3n es tambi\u00e9n una advertencia al gobierno provincial y nacional: no se tolerar\u00e1 la criminalizaci\u00f3n de la juventud organizada ni la utilizaci\u00f3n de las fuerzas de seguridad como herramientas de persecuci\u00f3n pol\u00edtica.<br><br><br>El caso de los estudiantes detenidos por una pintada en Paran\u00e1 no puede ser le\u00eddo como un hecho menor. En un contexto nacional atravesado por discursos de odio, recortes y censura, la respuesta policial ante una expresi\u00f3n pol\u00edtica juvenil refleja un modelo autoritario que se despliega con fuerza desde el Estado. Frente a eso, la respuesta debe ser m\u00e1s democracia, m\u00e1s organizaci\u00f3n y m\u00e1s movilizaci\u00f3n.<br><br>Fuente:<\/p>\n\n\n\n<p>https:\/\/www.diarioelargentino.com\/amp\/estudiantes-fueron-detenidos-por-pintadas-en-parana-fue-un-amedrentamiento-a-la-democracia.htm<\/p>\n","protected":false},"excerpt":{"rendered":"<p>La Polic\u00eda de Entre R\u00edos detuvo a j\u00f3venes por realizar una consigna pol\u00edtica en apoyo a Cristina Fern\u00e1ndez. Desde el movimiento estudiantil denuncian persecuci\u00f3n, abuso de autoridad y una escalada represiva impulsada por el ministro Roncaglia en sinton\u00eda con la l\u00f3gica del gobierno nacional. Los estudiantes fueron interceptados tras dejar un mensaje pol\u00edtico en un&#8230;<\/p>\n","protected":false},"author":1,"featured_media":5256,"comment_status":"open","ping_status":"open","sticky":false,"template":"","format":"standard","meta":{"_monsterinsights_skip_tracking":false,"_monsterinsights_sitenote_active":false,"_monsterinsights_sitenote_note":"","_monsterinsights_sitenote_category":0,"footnotes":"","jetpack_publicize_message":"","jetpack_publicize_feature_enabled":true,"jetpack_social_post_already_shared":true,"jetpack_social_options":{"image_generator_settings":{"template":"highway","default_image_id":0,"font":"","enabled":false},"version":2}},"categories":[2],"tags":[],"class_list":["post-5255","post","type-post","status-publish","format-standard","has-post-thumbnail","hentry","category-politica"],"jetpack_publicize_connections":[],"_links":{"self":[{"href":"https:\/\/www.enorsai.com\/noticias\/wp-json\/wp\/v2\/posts\/5255","targetHints":{"allow":["GET"]}}],"collection":[{"href":"https:\/\/www.enorsai.com\/noticias\/wp-json\/wp\/v2\/posts"}],"about":[{"href":"https:\/\/www.enorsai.com\/noticias\/wp-json\/wp\/v2\/types\/post"}],"author":[{"embeddable":true,"href":"https:\/\/www.enorsai.com\/noticias\/wp-json\/wp\/v2\/users\/1"}],"replies":[{"embeddable":true,"href":"https:\/\/www.enorsai.com\/noticias\/wp-json\/wp\/v2\/comments?post=5255"}],"version-history":[{"count":1,"href":"https:\/\/www.enorsai.com\/noticias\/wp-json\/wp\/v2\/posts\/5255\/revisions"}],"predecessor-version":[{"id":5257,"href":"https:\/\/www.enorsai.com\/noticias\/wp-json\/wp\/v2\/posts\/5255\/revisions\/5257"}],"wp:featuredmedia":[{"embeddable":true,"href":"https:\/\/www.enorsai.com\/noticias\/wp-json\/wp\/v2\/media\/5256"}],"wp:attachment":[{"href":"https:\/\/www.enorsai.com\/noticias\/wp-json\/wp\/v2\/media?parent=5255"}],"wp:term":[{"taxonomy":"category","embeddable":true,"href":"https:\/\/www.enorsai.com\/noticias\/wp-json\/wp\/v2\/categories?post=5255"},{"taxonomy":"post_tag","embeddable":true,"href":"https:\/\/www.enorsai.com\/noticias\/wp-json\/wp\/v2\/tags?post=5255"}],"curies":[{"name":"wp","href":"https:\/\/api.w.org\/{rel}","templated":true}]}}