{"id":524,"date":"2025-02-02T11:20:40","date_gmt":"2025-02-02T14:20:40","guid":{"rendered":"https:\/\/www.enorsai.com\/noticias\/?p=524"},"modified":"2025-02-02T11:21:40","modified_gmt":"2025-02-02T14:21:40","slug":"el-presidente-beligerante-hasta-donde-puede-llegar-la-guerra-de-milei-contra-su-pueblo","status":"publish","type":"post","link":"https:\/\/www.enorsai.com\/noticias\/sociedad\/el-presidente-beligerante-hasta-donde-puede-llegar-la-guerra-de-milei-contra-su-pueblo\/","title":{"rendered":"El presidente beligerante: hasta d\u00f3nde puede llegar la guerra de Milei contra su pueblo"},"content":{"rendered":"\n<p>Mientras el descontento social crece y las calles se llenan de protestas, el presidente persiste en una estrategia de enfrentamiento permanente.<\/p>\n\n\n\n<p><strong>La marcha multitudinaria en contra de su gobierno, el despido de Marra a manos de Karina Milei y la erosi\u00f3n de su imagen p\u00fablica revelan que la beligerancia como m\u00e9todo pol\u00edtico tiene l\u00edmites. \u00bfHasta cu\u00e1ndo podr\u00e1 sostener esta din\u00e1mica sin consecuencias?<\/strong><\/p>\n\n\n\n<p>El presidente Javier Milei parece haber encontrado en la confrontaci\u00f3n su raz\u00f3n de ser. As\u00ed lo describe Federico Gonz\u00e1lez, analista pol\u00edtico, quien en una entrevista en \u00abUn D\u00eda de Estos\u00bb por Radio Rivadavia defini\u00f3 al mandatario como un \u201cbeligerante por naturaleza\u201d. No se trata de una estrategia pensada, sino de una pulsi\u00f3n: pelear por pelear, provocar por provocar. Como si su \u00fanica herramienta fuera el martillo de la disputa, y la realidad, un tablero repleto de clavos listos para ser golpeados.<\/p>\n\n\n\n<p><a href=\"https:\/\/www.enorsai.com\/noticias\/sociedad\/mendoza-se-sumo-al-grito-nacional-la-marcha-del-orgullo-y-el-antifascismo-que-desafio-al-discurso-de-odio\/\">Mendoza se Sum\u00f3 al Grito Nacional: La Marcha del Orgullo y el Antifascismo que Desafi\u00f3 al Discurso de Odio<\/a><\/p>\n\n\n\n<p>La \u00faltima gran batalla del libertario se libr\u00f3 contra la ciudadan\u00eda misma. La manifestaci\u00f3n de m\u00e1s de 100.000 personas en su contra, movilizadas por sus pol\u00edticas de ajuste y desguace del Estado, no fue un accidente. Fue una consecuencia directa de su estilo de gobierno. Desde su llegada al poder, Milei ha desatado guerras contra los jubilados, a quienes no ha dudado en despreciar como \u00abviejos meados\u00bb; contra los estudiantes universitarios, a quienes busc\u00f3 ahogar financieramente; y contra la oposici\u00f3n pol\u00edtica, a la que trata como enemigos en lugar de adversarios democr\u00e1ticos.<\/p>\n\n\n\n<p><a href=\"https:\/\/www.enorsai.com\/noticias\/sociedad\/cordoba-se-pinto-de-orgullo-y-resistencia-la-marcha-que-desafio-al-discurso-de-odio\/\">C\u00f3rdoba se Pint\u00f3 de Orgullo y Resistencia: La Marcha que Desafi\u00f3 al Discurso de Odio<\/a><\/p>\n\n\n\n<figure class=\"wp-block-image size-full\"><img decoding=\"async\" src=\"https:\/\/www.enorsai.com\/noticias\/wp-content\/uploads\/2025\/02\/marchaantifascista2.png\" alt=\"\" class=\"wp-image-529\"\/><\/figure>\n\n\n\n<p>El analista advierte que, si bien las encuestas a\u00fan muestran cierto apoyo, este comienza a erosionarse. \u201cAntes ten\u00eda 58% de imagen positiva, ahora tiene 50%, quiz\u00e1s menos\u201d, se\u00f1ala Gonz\u00e1lez, recordando que la pol\u00edtica no siempre se mide en n\u00fameros, sino en el impacto que generan sus decisiones.<\/p>\n\n\n\n<p>Pero la beligerancia de Milei no se limita al plano social. Tambi\u00e9n se proyecta hacia su propio espacio pol\u00edtico. El despido de Ramiro Marra, un aliado clave dentro de La Libertad Avanza, no fue una decisi\u00f3n personal del presidente, sino de su hermana y mano derecha, Karina Milei. \u201cKarina no es solo \u2018el jefe\u2019, es el Gran Hermano\u201d, afirma Gonz\u00e1lez, en referencia al control absoluto que ejerce sobre la estructura de poder de su hermano. Con una precisi\u00f3n quir\u00fargica, la secretaria general de la Presidencia ejecuta a quienes considera traidores o elementos inconvenientes dentro del armado libertario. Marra fue solo el \u00faltimo de una larga lista de purgas internas.<\/p>\n\n\n\n<p><a href=\"https:\/\/www.enorsai.com\/noticias\/sociedad\/la-marcha-federal-del-orgullo-y-el-antifascismo-un-grito-colectivo-contra-el-autoritarismo-de-milei\/\">La Marcha Federal del Orgullo y el Antifascismo: Un Grito Colectivo Contra el Autoritarismo de Milei<\/a><\/p>\n\n\n\n<p>Entretanto, en la vereda opuesta del oficialismo, la pol\u00edtica sigue movi\u00e9ndose. En el peronismo, Axel Kicillof se fortalece y \u201cdescuenta la ventaja\u201d que Cristina Fern\u00e1ndez de Kirchner alguna vez tuvo sobre \u00e9l, seg\u00fan Gonz\u00e1lez. En la derecha, Mauricio Macri ha quedado reducido a la irrelevancia. Su coqueteo con Milei se ha convertido en una humillaci\u00f3n p\u00fablica: mendiga un poder que ya no posee. \u201cEl PRO pas\u00f3 de moda\u201d, sentencia el analista. Macri hablaba de su \u2018segundo tiempo\u2019, pero lo que vive es el tiempo de descuento de su carrera pol\u00edtica.<\/p>\n\n\n\n<p><a href=\"https:\/\/www.enorsai.com\/noticias\/politica\/el-gobierno-de-ataca-a-las-obras-sociales-quiere-pasar-forzosamente-trabajadores-a-prepagas\/\"><strong>El gobierno de ataca a las obras sociales: Quiere pasar forzosamente trabajadores a prepagas<\/strong><\/a><\/p>\n\n\n\n<p>La pregunta inevitable es: \u00bfhasta cu\u00e1ndo podr\u00e1 Milei sostener esta din\u00e1mica de conflicto constante? La historia demuestra que los gobiernos que gobiernan contra la sociedad, que desprecian la gesti\u00f3n y priorizan la pelea, terminan chocando con su propio l\u00edmite. El problema para Milei es que la paciencia de la ciudadan\u00eda no es infinita, y la ca\u00edda de imagen que hoy parece leve puede convertirse en el principio de su declive definitivo.<\/p>\n\n\n\n<p><\/p>\n","protected":false},"excerpt":{"rendered":"<p>Mientras el descontento social crece y las calles se llenan de protestas, el presidente persiste en una estrategia de enfrentamiento permanente. La marcha multitudinaria en contra de su gobierno, el despido de Marra a manos de Karina Milei y la erosi\u00f3n de su imagen p\u00fablica revelan que la beligerancia como m\u00e9todo pol\u00edtico tiene l\u00edmites. \u00bfHasta&#8230;<\/p>\n","protected":false},"author":4,"featured_media":528,"comment_status":"open","ping_status":"open","sticky":false,"template":"","format":"standard","meta":{"_monsterinsights_skip_tracking":false,"_monsterinsights_sitenote_active":false,"_monsterinsights_sitenote_note":"","_monsterinsights_sitenote_category":0,"footnotes":"","jetpack_publicize_message":"","jetpack_publicize_feature_enabled":true,"jetpack_social_post_already_shared":true,"jetpack_social_options":{"image_generator_settings":{"template":"highway","default_image_id":0,"font":"","enabled":false},"version":2}},"categories":[4],"tags":[149,148,151,152,150],"class_list":["post-524","post","type-post","status-publish","format-standard","has-post-thumbnail","hentry","category-sociedad","tag-gobierno-de-milei-crisis","tag-javier-milei-conflicto","tag-karina-milei-poder","tag-mauricio-macri-declive","tag-protestas-contra-milei"],"jetpack_publicize_connections":[],"_links":{"self":[{"href":"https:\/\/www.enorsai.com\/noticias\/wp-json\/wp\/v2\/posts\/524","targetHints":{"allow":["GET"]}}],"collection":[{"href":"https:\/\/www.enorsai.com\/noticias\/wp-json\/wp\/v2\/posts"}],"about":[{"href":"https:\/\/www.enorsai.com\/noticias\/wp-json\/wp\/v2\/types\/post"}],"author":[{"embeddable":true,"href":"https:\/\/www.enorsai.com\/noticias\/wp-json\/wp\/v2\/users\/4"}],"replies":[{"embeddable":true,"href":"https:\/\/www.enorsai.com\/noticias\/wp-json\/wp\/v2\/comments?post=524"}],"version-history":[{"count":2,"href":"https:\/\/www.enorsai.com\/noticias\/wp-json\/wp\/v2\/posts\/524\/revisions"}],"predecessor-version":[{"id":531,"href":"https:\/\/www.enorsai.com\/noticias\/wp-json\/wp\/v2\/posts\/524\/revisions\/531"}],"wp:featuredmedia":[{"embeddable":true,"href":"https:\/\/www.enorsai.com\/noticias\/wp-json\/wp\/v2\/media\/528"}],"wp:attachment":[{"href":"https:\/\/www.enorsai.com\/noticias\/wp-json\/wp\/v2\/media?parent=524"}],"wp:term":[{"taxonomy":"category","embeddable":true,"href":"https:\/\/www.enorsai.com\/noticias\/wp-json\/wp\/v2\/categories?post=524"},{"taxonomy":"post_tag","embeddable":true,"href":"https:\/\/www.enorsai.com\/noticias\/wp-json\/wp\/v2\/tags?post=524"}],"curies":[{"name":"wp","href":"https:\/\/api.w.org\/{rel}","templated":true}]}}