{"id":5239,"date":"2025-06-16T08:41:27","date_gmt":"2025-06-16T11:41:27","guid":{"rendered":"https:\/\/www.enorsai.com\/noticias\/?p=5239"},"modified":"2025-06-16T08:41:27","modified_gmt":"2025-06-16T11:41:27","slug":"el-bombardeo-a-plaza-de-mayo-el-atentado-terrorista-mas-grande-que-sufrio-la-argentina","status":"publish","type":"post","link":"https:\/\/www.enorsai.com\/noticias\/sociedad\/el-bombardeo-a-plaza-de-mayo-el-atentado-terrorista-mas-grande-que-sufrio-la-argentina\/","title":{"rendered":"El bombardeo a Plaza de Mayo: El atentado terrorista m\u00e1s grande que sufri\u00f3 la Argentina"},"content":{"rendered":"\n<p><strong><em>Civiles asesinados desde el cielo, ni\u00f1os quemados por bombas argentinas, un Estado paralizado por la cobard\u00eda y una \u00e9lite que a\u00fan hoy justifica la infamia. El bombardeo a Plaza de Mayo fue mucho m\u00e1s que un intento fallido de golpe: fue una advertencia brutal al pueblo trabajador. La Historia oficial lo sepult\u00f3 entre l\u00edneas, pero la deuda con la memoria persiste. \u00bfHasta cu\u00e1ndo se negar\u00e1 esta masacre fundacional de nuestra violencia pol\u00edtica contempor\u00e1nea?<\/em><\/strong><\/p>\n\n\n\n<p>Aquel jueves 16 de junio de 1955, Buenos Aires amanec\u00eda como cualquier otro d\u00eda. Sin embargo, hacia el mediod\u00eda, la ciudad se convertir\u00eda en el escenario del ataque m\u00e1s cruel y despiadado que haya sufrido su poblaci\u00f3n civil. A plena luz del d\u00eda, y sin que mediara guerra alguna, aviones de la Marina argentina bombardearon la Casa Rosada, el Ministerio de Guerra, la CGT, y principalmente, la Plaza de Mayo. El saldo fue devastador: m\u00e1s de 300 muertos \u2014en su mayor\u00eda civiles\u2014 y m\u00e1s de 1000 heridos. Pero lo m\u00e1s escandaloso es lo que ocurri\u00f3 despu\u00e9s: silencio, impunidad y negacionismo.<\/p>\n\n\n\n<p>La historia oficial lo menciona de soslayo. Las instituciones democr\u00e1ticas lo ignoran. Y la educaci\u00f3n p\u00fablica lo relega, cuando lo aborda, a una nota al pie. Setenta a\u00f1os despu\u00e9s, el bombardeo sigue siendo una herida abierta y deliberadamente olvidada. Una masacre fundacional que incomoda, molesta, porque desarma el relato heroico de los \u201clibertadores\u201d de la Revoluci\u00f3n de 1955. Una masacre que no puede explicarse sin nombrar el odio visceral hacia el peronismo y hacia los sectores populares que encarnaban, y a\u00fan encarnan, la posibilidad de una Argentina plebeya y real.<\/p>\n\n\n\n<p>Juan Domingo Per\u00f3n supo temprano que algo se cocinaba. Lo alertaron el jefe de la SIDE, J\u00e1uregui, y luego el general Lucero. El desfile a\u00e9reo previsto para ese mediod\u00eda no era inocente. Bajo el disfraz de un acto patri\u00f3tico, los aviones estaban cargados de bombas. Bombas argentinas, dirigidas contra argentinos. En la jerga t\u00e9cnica: terrorismo de Estado. En la memoria de quienes sobrevivieron: una traici\u00f3n sin nombre.<\/p>\n\n\n\n<p>Los agresores fueron parte de la Aviaci\u00f3n Naval, con sus Avro Lincoln y Catalinas decorados con cruces y la leyenda \u201cCristo vence\u201d. Una farsa piadosa que buscaba envolver de moral religiosa una operaci\u00f3n de exterminio. El objetivo, seg\u00fan dijeron, era matar a Per\u00f3n. Pero las bombas cayeron sobre la multitud. Trolebuses repletos, ni\u00f1os de escuela, empleados p\u00fablicos, familias enteras. Un \u201cda\u00f1o colateral\u201d perfectamente calculado.<\/p>\n\n\n\n<p>La CGT llam\u00f3 a defender a Per\u00f3n. \u00c9l intent\u00f3 frenar la movilizaci\u00f3n, consciente de que los golpistas no tendr\u00edan escr\u00fapulos en disparar sobre la gente. Pero ya era tarde. A la tarde, nuevas oleadas de aviones arrojaron m\u00e1s de nueve toneladas de explosivos sobre la Plaza. En los techos, a\u00fan hay cicatrices del crimen. En la conciencia colectiva, a\u00fan no hay justicia.<\/p>\n\n\n\n<p>Pablo \u201cEl Profe\u201d Borda, joven historiador y divulgador, lo dice sin rodeos: \u201cNunca antes en la historia de la humanidad las Fuerzas Armadas de un pa\u00eds hab\u00edan bombardeado a su propia poblaci\u00f3n sin el inicio de una guerra civil\u201d. Lo que ocurri\u00f3 en Buenos Aires fue un acto de terrorismo de Estado, una masacre pol\u00edtica planeada no solo para derrocar a un presidente, sino para escarmentar a un pueblo.<\/p>\n\n\n\n<p>Y sin embargo, la democracia no ha sido capaz de construir una memoria que est\u00e9 a la altura del hecho. No hay estaciones de subte que lo recuerden. No hay feriados. No hay grandes monumentos. Hay apenas una baldosa, algunas placas, y la memoria militante de quienes a\u00fan luchan por decir lo obvio: que las bombas no fueron culpa del pueblo.<\/p>\n\n\n\n<p>El colmo de la desfachatez fue un volante que circul\u00f3 en esos d\u00edas, firmado por los autores del crimen: \u201cResponsabilidad de Per\u00f3n y la CGT en la matanza de Plaza de Mayo\u201d. Los asesinos, con la impunidad de los cobardes, culparon a sus v\u00edctimas. El argumento: Per\u00f3n sab\u00eda y no evacu\u00f3. La CGT moviliz\u00f3. Ergo, los culpables eran los muertos.<\/p>\n\n\n\n<p>Pero lo m\u00e1s indignante no es solo el hecho ni la l\u00f3gica perversa con la que se justific\u00f3. Lo verdaderamente insoportable es que esa l\u00ednea de pensamiento sigue vigente. No hay un consenso democr\u00e1tico de condena, como bien se\u00f1ala Borda. El bombardeo qued\u00f3 relegado al \u00e1mbito del peronismo, como si sus v\u00edctimas hubieran sido todas fan\u00e1ticos. Como si no hubieran sido ciudadanos, trabajadores, personas de a pie. El trauma fue tan brutal que se volvi\u00f3 \u201cinc\u00f3modo de mirar\u201d, dice el Profe. Y es cierto: incomoda porque muestra hasta qu\u00e9 punto el odio de clase puede justificar lo injustificable.<\/p>\n\n\n\n<p>Hoy, bajo un gobierno como el de Javier Milei, que constantemente repite categor\u00edas peligrosas como \u201cargentinos de bien\u201d versus \u201cargentinos de mal\u201d, la lecci\u00f3n del 16 de junio cobra un dramatismo particular. Cuando desde la m\u00e1s alta investidura del pa\u00eds se naturaliza la violencia verbal, se reivindican dictaduras y se desprecia la vida del otro por pensar distinto, no estamos tan lejos de aquella l\u00f3gica exterminadora.<\/p>\n\n\n\n<p>Milei no tira bombas, pero lanza decretos que vac\u00edan al Estado, elimina organismos de derechos humanos, persigue docentes, demoniza pobres y criminaliza a los que protestan. Es una violencia con otros m\u00e9todos, pero que responde a la misma matriz: la eliminaci\u00f3n simb\u00f3lica del enemigo pol\u00edtico. Una forma moderna de bombardear la democracia desde adentro.<\/p>\n\n\n\n<p>La Plaza de Mayo no olvida. La historia tampoco. Pero la democracia le debe a esa fecha algo m\u00e1s que silencio. Le debe memoria activa, justicia hist\u00f3rica, reparaci\u00f3n simb\u00f3lica y material. Y sobre todo, una ense\u00f1anza clara: los derechos no se bombardean. Se construyen, se ampl\u00edan, se defienden. Y se recuerdan.<\/p>\n\n\n\n<p>Mientras no haya un consenso democr\u00e1tico para condenar el bombardeo de 1955, seguiremos siendo una sociedad a la que le tiemblan las piernas para mirar de frente su peor espejo. Porque la verdadera libertad no se construye sobre cad\u00e1veres, ni sobre el olvido. Se construye con memoria, con verdad y con justicia. Y esa deuda est\u00e1 lejos de saldarse.<\/p>\n\n\n\n<p>Fuente:<\/p>\n\n\n\n<ul class=\"wp-block-list\">\n<li><a href=\"https:\/\/elhistoriador.com.ar\/el-bombardeo-a-plaza-de-mayo-y-casa-de-gobierno\/\">https:\/\/elhistoriador.com.ar\/el-bombardeo-a-plaza-de-mayo-y-casa-de-gobierno\/<\/a><\/li>\n\n\n\n<li><a href=\"https:\/\/www.tiempoar.com.ar\/ta_article\/pablo-el-profe-borda-no-hay-un-consenso-democratico-de-condena-al-bombardeo-a-la-plaza-de-mayo\/\">https:\/\/www.tiempoar.com.ar\/ta_article\/pablo-el-profe-borda-no-hay-un-consenso-democratico-de-condena-al-bombardeo-a-la-plaza-de-mayo\/<\/a><\/li>\n<\/ul>\n\n\n\n<p><\/p>\n\n\n\n<p><\/p>\n\n\n\n<p><\/p>\n","protected":false},"excerpt":{"rendered":"<p>El 16 de junio de 1955, la Marina bombarde\u00f3 la Plaza de Mayo, dejando m\u00e1s de 300 muertos. A 70 a\u00f1os, sigue sin existir una condena democr\u00e1tica un\u00e1nime. El silencio institucional revela cu\u00e1nto persiste el odio de clase. Recordar este crimen es urgente para frenar nuevas formas de violencia estatal.<\/p>\n","protected":false},"author":11,"featured_media":5240,"comment_status":"open","ping_status":"open","sticky":false,"template":"","format":"standard","meta":{"_monsterinsights_skip_tracking":false,"_monsterinsights_sitenote_active":false,"_monsterinsights_sitenote_note":"","_monsterinsights_sitenote_category":0,"footnotes":"","jetpack_publicize_message":"\ud83d\udea8 El 16 de junio de 1955, la Argentina bombarde\u00f3 a su propio pueblo. 300 muertos. Cero justicia. A 70 a\u00f1os, seguimos sin monumentos ni memoria oficial. \u00bfHasta cu\u00e1ndo vamos a esconder esta masacre? ","jetpack_publicize_feature_enabled":true,"jetpack_social_post_already_shared":false,"jetpack_social_options":{"image_generator_settings":{"template":"highway","default_image_id":0,"enabled":false},"version":2}},"categories":[4],"tags":[1638,209,207,99,98,97,363,800,292,711],"class_list":["post-5239","post","type-post","status-publish","format-standard","has-post-thumbnail","hentry","category-sociedad","tag-bombardeo","tag-democracia","tag-dictadura","tag-historia","tag-impunidad","tag-memoria","tag-peronismo","tag-terrorismo","tag-trabajadores","tag-violencia"],"jetpack_publicize_connections":[],"_links":{"self":[{"href":"https:\/\/www.enorsai.com\/noticias\/wp-json\/wp\/v2\/posts\/5239","targetHints":{"allow":["GET"]}}],"collection":[{"href":"https:\/\/www.enorsai.com\/noticias\/wp-json\/wp\/v2\/posts"}],"about":[{"href":"https:\/\/www.enorsai.com\/noticias\/wp-json\/wp\/v2\/types\/post"}],"author":[{"embeddable":true,"href":"https:\/\/www.enorsai.com\/noticias\/wp-json\/wp\/v2\/users\/11"}],"replies":[{"embeddable":true,"href":"https:\/\/www.enorsai.com\/noticias\/wp-json\/wp\/v2\/comments?post=5239"}],"version-history":[{"count":1,"href":"https:\/\/www.enorsai.com\/noticias\/wp-json\/wp\/v2\/posts\/5239\/revisions"}],"predecessor-version":[{"id":5241,"href":"https:\/\/www.enorsai.com\/noticias\/wp-json\/wp\/v2\/posts\/5239\/revisions\/5241"}],"wp:featuredmedia":[{"embeddable":true,"href":"https:\/\/www.enorsai.com\/noticias\/wp-json\/wp\/v2\/media\/5240"}],"wp:attachment":[{"href":"https:\/\/www.enorsai.com\/noticias\/wp-json\/wp\/v2\/media?parent=5239"}],"wp:term":[{"taxonomy":"category","embeddable":true,"href":"https:\/\/www.enorsai.com\/noticias\/wp-json\/wp\/v2\/categories?post=5239"},{"taxonomy":"post_tag","embeddable":true,"href":"https:\/\/www.enorsai.com\/noticias\/wp-json\/wp\/v2\/tags?post=5239"}],"curies":[{"name":"wp","href":"https:\/\/api.w.org\/{rel}","templated":true}]}}