{"id":5236,"date":"2025-06-16T08:27:20","date_gmt":"2025-06-16T11:27:20","guid":{"rendered":"https:\/\/www.enorsai.com\/noticias\/?p=5236"},"modified":"2025-06-16T08:27:20","modified_gmt":"2025-06-16T11:27:20","slug":"leopoldo-moreau-la-historia-de-las-proscripciones-demuestra-que-hay-consecuencias-muy-graves","status":"publish","type":"post","link":"https:\/\/www.enorsai.com\/noticias\/politica\/leopoldo-moreau-la-historia-de-las-proscripciones-demuestra-que-hay-consecuencias-muy-graves\/","title":{"rendered":"Leopoldo Moreau: \u00abLa historia de las proscripciones demuestra que hay consecuencias muy graves\u00bb"},"content":{"rendered":"\n<p><strong><em>El diputado nacional carg\u00f3 con dureza contra los jueces de la Corte Suprema y denunci\u00f3 un intento de proscripci\u00f3n pol\u00edtica<\/em><\/strong><\/p>\n\n\n\n<p><strong>Leopoldo Moreau, referente de Uni\u00f3n por la Patria, denunci\u00f3 la persecuci\u00f3n judicial contra Cristina Fern\u00e1ndez de Kirchner como una nueva forma de golpe institucional. En declaraciones a AM530, apunt\u00f3 directamente contra la Corte Suprema y advirti\u00f3 que \u201cla historia de las proscripciones demuestra que hay consecuencias muy graves\u201d.<\/strong><\/p>\n\n\n\n<p>En di\u00e1logo con la periodista Andrea Rec\u00fapero en AM530, Somos Radio, Moreau no se guard\u00f3 nada: calific\u00f3 a la Corte Suprema como un \u201ctr\u00edo mafioso\u201d y a sus integrantes como \u201ctres fulleros\u201d, denunciando que act\u00faan bajo una l\u00f3gica vengativa y servil a los intereses del Grupo Clar\u00edn. En ese sentido, afirm\u00f3 que \u201clos jueces no ten\u00edan contrato con una productora, pero ten\u00edan contrato con Clar\u00edn\u201d, en referencia a la connivencia medi\u00e1tico-judicial que sustenta el lawfare.<\/p>\n\n\n\n<p>Para Moreau, la sentencia no se trata de un acto judicial, sino de una operaci\u00f3n pol\u00edtica disfrazada de legalidad, comparable \u2014seg\u00fan sus palabras\u2014 con los \u201cbandos\u201d que emit\u00edan los reg\u00edmenes militares:<\/p>\n\n\n\n<blockquote class=\"wp-block-quote is-layout-flow wp-block-quote-is-layout-flow\">\n<p>\u201cNo es una sentencia judicial, es un bando parecido a los militares que imparten una sentencia injusta\u201d<\/p>\n<\/blockquote>\n\n\n\n<p>Desde esta mirada, el objetivo no es otro que acallar la voz de Cristina, silenciarla, aislarla, impedir su participaci\u00f3n pol\u00edtica, incluso desde el llano.<\/p>\n\n\n\n<blockquote class=\"wp-block-quote is-layout-flow wp-block-quote-is-layout-flow\">\n<p>\u201cQuieren que su voz no se escuche. Le tienen miedo al cari\u00f1o que tiene Cristina con la gente\u201d, denunci\u00f3.<\/p>\n<\/blockquote>\n\n\n\n<p>El diputado fue m\u00e1s all\u00e1 y apunt\u00f3 contra Ricardo Lorenzetti, uno de los miembros de la Corte, a quien acus\u00f3 de actuar por revancha personal:<\/p>\n\n\n\n<blockquote class=\"wp-block-quote is-layout-flow wp-block-quote-is-layout-flow\">\n<p>\u201cLorenzetti se est\u00e1 vengando de Cristina. Nos mand\u00f3 infinidad de mensajes luego del fallo de la Corte Suprema a las Juntas\u201d, desliz\u00f3 Moreau.<\/p>\n<\/blockquote>\n\n\n\n<p>Tild\u00f3 a todo el proceso como una parodia judicial:<\/p>\n\n\n\n<blockquote class=\"wp-block-quote is-layout-flow wp-block-quote-is-layout-flow\">\n<p>\u201cEsta tragedia est\u00e1 en el tr\u00edo mafioso de una Corte Suprema que coron\u00f3 un proceso irregular de persecuci\u00f3n. Fue todo una parodia\u201d.<\/p>\n<\/blockquote>\n\n\n\n<p>Asimismo, denunci\u00f3 la incoherencia de un fallo que pretende ser ejemplar sin respetar ni siquiera los m\u00ednimos est\u00e1ndares constitucionales:<\/p>\n\n\n\n<blockquote class=\"wp-block-quote is-layout-flow wp-block-quote-is-layout-flow\">\n<p>\u201cEste fallo sali\u00f3 como no sali\u00f3 ficha limpia\u201d, ironiz\u00f3.<\/p>\n<\/blockquote>\n\n\n\n<p>Moreau apel\u00f3 al sentido hist\u00f3rico y advirti\u00f3 sobre las consecuencias nefastas de las proscripciones en el pasado argentino:<\/p>\n\n\n\n<blockquote class=\"wp-block-quote is-layout-flow wp-block-quote-is-layout-flow\">\n<p>\u201cLa historia de las proscripciones demuestra que hay consecuencias muy graves\u201d<br>\u201cEstamos con una alegr\u00eda irresponsable\u201d, alert\u00f3, haciendo referencia al clima de impunidad institucional en sectores del poder que celebran el silenciamiento pol\u00edtico de la l\u00edder m\u00e1s representativa del pa\u00eds.<\/p>\n<\/blockquote>\n\n\n\n<p>Compar\u00f3 el caso con el de Lula da Silva en Brasil, quien fue encarcelado mediante un proceso judicial manipulado que luego fue declarado nulo por la Corte Suprema brasile\u00f1a tras el reclamo ante la ONU.<\/p>\n\n\n\n<blockquote class=\"wp-block-quote is-layout-flow wp-block-quote-is-layout-flow\">\n<p>\u201cLula hizo reclamo directamente a la ONU, de all\u00ed surgi\u00f3 una decisi\u00f3n que declar\u00f3 la nulidad del juicio\u201d.<\/p>\n<\/blockquote>\n\n\n\n<p>Lejos de la resignaci\u00f3n, Moreau anunci\u00f3 que el bloque de Uni\u00f3n por la Patria no piensa naturalizar esta detenci\u00f3n pol\u00edtica y anticip\u00f3 una ofensiva en todos los frentes democr\u00e1ticos posibles:<\/p>\n\n\n\n<blockquote class=\"wp-block-quote is-layout-flow wp-block-quote-is-layout-flow\">\n<p>\u201cVamos a dar batalla en todos lados: en Diputados, en el Senado, en la calle, en las universidades\u201d.<br>\u201cNo vamos a naturalizar esta detenci\u00f3n arbitraria de CFK\u201d.<\/p>\n<\/blockquote>\n\n\n\n<p>De cara a la movilizaci\u00f3n popular prevista para el pr\u00f3ximo mi\u00e9rcoles, el diputado fue categ\u00f3rico:<\/p>\n\n\n\n<blockquote class=\"wp-block-quote is-layout-flow wp-block-quote-is-layout-flow\">\n<p>\u201cPuede ser un d\u00eda hist\u00f3rico\u201d.<\/p>\n<\/blockquote>\n\n\n\n<p>En tiempos donde la persecuci\u00f3n judicial se disfraza de institucionalidad, resulta fundamental alzar la voz frente a cada atropello. Lo que est\u00e1 en juego no es solo la libertad simb\u00f3lica o pol\u00edtica de Cristina Fern\u00e1ndez de Kirchner: es el derecho del pueblo a elegir sin interferencias, sin operaciones, sin proscripciones.<\/p>\n\n\n\n<p>Porque como bien dijo Moreau: <strong>no est\u00e1 presa una dirigente; est\u00e1 presa la Patria<\/strong>.<br>Y si est\u00e1 presa la Patria, la democracia no puede dormir.<\/p>\n","protected":false},"excerpt":{"rendered":"<p>El diputado nacional carg\u00f3 con dureza contra los jueces de la Corte Suprema y denunci\u00f3 un intento de proscripci\u00f3n pol\u00edtica Leopoldo Moreau, referente de Uni\u00f3n por la Patria, denunci\u00f3 la persecuci\u00f3n judicial contra Cristina Fern\u00e1ndez de Kirchner como una nueva forma de golpe institucional. En declaraciones a AM530, apunt\u00f3 directamente contra la Corte Suprema y&#8230;<\/p>\n","protected":false},"author":1,"featured_media":5237,"comment_status":"open","ping_status":"open","sticky":false,"template":"","format":"standard","meta":{"_monsterinsights_skip_tracking":false,"_monsterinsights_sitenote_active":false,"_monsterinsights_sitenote_note":"","_monsterinsights_sitenote_category":0,"footnotes":"","jetpack_publicize_message":"","jetpack_publicize_feature_enabled":true,"jetpack_social_post_already_shared":true,"jetpack_social_options":{"image_generator_settings":{"template":"highway","default_image_id":0,"font":"","enabled":false},"version":2}},"categories":[2],"tags":[],"class_list":["post-5236","post","type-post","status-publish","format-standard","has-post-thumbnail","hentry","category-politica"],"jetpack_publicize_connections":[],"_links":{"self":[{"href":"https:\/\/www.enorsai.com\/noticias\/wp-json\/wp\/v2\/posts\/5236","targetHints":{"allow":["GET"]}}],"collection":[{"href":"https:\/\/www.enorsai.com\/noticias\/wp-json\/wp\/v2\/posts"}],"about":[{"href":"https:\/\/www.enorsai.com\/noticias\/wp-json\/wp\/v2\/types\/post"}],"author":[{"embeddable":true,"href":"https:\/\/www.enorsai.com\/noticias\/wp-json\/wp\/v2\/users\/1"}],"replies":[{"embeddable":true,"href":"https:\/\/www.enorsai.com\/noticias\/wp-json\/wp\/v2\/comments?post=5236"}],"version-history":[{"count":1,"href":"https:\/\/www.enorsai.com\/noticias\/wp-json\/wp\/v2\/posts\/5236\/revisions"}],"predecessor-version":[{"id":5238,"href":"https:\/\/www.enorsai.com\/noticias\/wp-json\/wp\/v2\/posts\/5236\/revisions\/5238"}],"wp:featuredmedia":[{"embeddable":true,"href":"https:\/\/www.enorsai.com\/noticias\/wp-json\/wp\/v2\/media\/5237"}],"wp:attachment":[{"href":"https:\/\/www.enorsai.com\/noticias\/wp-json\/wp\/v2\/media?parent=5236"}],"wp:term":[{"taxonomy":"category","embeddable":true,"href":"https:\/\/www.enorsai.com\/noticias\/wp-json\/wp\/v2\/categories?post=5236"},{"taxonomy":"post_tag","embeddable":true,"href":"https:\/\/www.enorsai.com\/noticias\/wp-json\/wp\/v2\/tags?post=5236"}],"curies":[{"name":"wp","href":"https:\/\/api.w.org\/{rel}","templated":true}]}}