{"id":5228,"date":"2025-06-16T08:17:44","date_gmt":"2025-06-16T11:17:44","guid":{"rendered":"https:\/\/www.enorsai.com\/noticias\/?p=5228"},"modified":"2025-06-16T08:21:46","modified_gmt":"2025-06-16T11:21:46","slug":"rosenkrantz-el-juez-de-la-corte-suprema-que-mostro-el-rostro-ideologico-del-poder-judicial-no-puede-haber-un-derecho-detras-de-cada-necesidad","status":"publish","type":"post","link":"https:\/\/www.enorsai.com\/noticias\/politica\/rosenkrantz-el-juez-de-la-corte-suprema-que-mostro-el-rostro-ideologico-del-poder-judicial-no-puede-haber-un-derecho-detras-de-cada-necesidad\/","title":{"rendered":"Rosenkrantz, el juez de la Corte que mostr\u00f3 el rostro ideol\u00f3gico del Poder Judicial: \u201cno puede haber un derecho detr\u00e1s de cada necesidad\u201d"},"content":{"rendered":"\n<p><em>Cuando la toga se convierte en dogma: la peligrosa sentencia de contra la justicia social<\/em>. <strong>Carlos Rosenkrantz afirm\u00f3 esto durante un foro internacional. Su frase, profundamente contraria al principio de justicia social, pone en evidencia la matriz ideol\u00f3gica que gu\u00eda a sectores del m\u00e1ximo tribunal argentino.<\/strong><\/p>\n\n\n\n<p>En un escenario acad\u00e9mico internacional, el juez de la Corte Suprema de Justicia de la Naci\u00f3n <strong>Carlos Rosenkrantz<\/strong> dej\u00f3 al descubierto, sin pudor, el andamiaje conceptual que gu\u00eda sus decisiones como magistrado: una visi\u00f3n meritocr\u00e1tica, restrictiva de derechos y profundamente funcional a los intereses del poder econ\u00f3mico.<\/p>\n\n\n\n<p>Durante su exposici\u00f3n en el foro <em>\u201cJusticia, Derecho y Populismo en Latinoam\u00e9rica\u201d<\/em>, realizado en la Universidad de Chile el 26 de mayo de 2022, Rosenkrantz lanz\u00f3 una frase que bien podr\u00eda quedar estampada en el frontispicio del neoliberalismo jur\u00eddico argentino:<\/p>\n\n\n\n<p><\/p>\n\n\n\n<blockquote class=\"wp-block-quote is-layout-flow wp-block-quote-is-layout-flow\">\n<p><strong>\u201cNo puede haber un derecho detr\u00e1s de cada necesidad\u201d<\/strong><\/p>\n<\/blockquote>\n\n\n\n<p>Esta declaraci\u00f3n no es una mera opini\u00f3n acad\u00e9mica. Es una advertencia. Una toma de posici\u00f3n ideol\u00f3gica que <strong>niega de plano la tradici\u00f3n latinoamericana de ampliaci\u00f3n de derechos como respuesta a la desigualdad estructural<\/strong>. Una frase que repudia, adem\u00e1s, una de las m\u00e1s significativas banderas del peronismo: \u201cdonde hay una necesidad, nace un derecho\u201d, expresi\u00f3n de Eva Per\u00f3n que consagr\u00f3 el derecho a la dignidad como base del contrato social.<\/p>\n\n\n\n<p><\/p>\n\n\n\n<h3 class=\"wp-block-heading\">La necesidad como amenaza: el razonamiento del poder<\/h3>\n\n\n\n<p>En su alocuci\u00f3n, Rosenkrantz intent\u00f3 justificar su sentencia con el argumento econ\u00f3mico de la \u201cescasez\u201d:<\/p>\n\n\n\n<blockquote class=\"wp-block-quote is-layout-flow wp-block-quote-is-layout-flow\">\n<p>\u201cNo hay suficientes recursos para satisfacer todas las necesidades. Discutir\u00edamos pol\u00edtica y moral si no existiera escasez\u201d<\/p>\n<\/blockquote>\n\n\n\n<p>En otras palabras, <strong>el juez de la Corte Suprema argentina propone un modelo de justicia donde los derechos deben ser racionados como mercanc\u00eda<\/strong>, y donde las necesidades humanas \u2014hambre, salud, vivienda, educaci\u00f3n, trabajo digno\u2014 son vistos como lujos opcionales que deben ser medidos seg\u00fan las reglas del mercado. No hay en sus palabras ninguna menci\u00f3n al rol redistributivo del Estado, ni a la funci\u00f3n constitucional de garantizar igualdad real de oportunidades, especialmente para los sectores hist\u00f3ricamente postergados.<\/p>\n\n\n\n<p>La afirmaci\u00f3n de Rosenkrantz no es ingenua ni descontextualizada. Llega en un momento donde el gobierno de Javier Milei, con quien comparte afinidades ideol\u00f3gicas evidentes, <strong>desmantela pol\u00edticas p\u00fablicas, desfinancia la educaci\u00f3n, vac\u00eda el sistema de salud y promueve una l\u00f3gica de \u201cs\u00e1lvese quien pueda\u201d<\/strong>. En ese marco, estas declaraciones act\u00faan como <strong>legitimaci\u00f3n jur\u00eddica del ajuste<\/strong> y consolidan un modelo de pa\u00eds donde los derechos se subordinan a la rentabilidad.<\/p>\n\n\n\n<figure class=\"wp-block-embed is-type-rich is-provider-twitter wp-block-embed-twitter\"><div class=\"wp-block-embed__wrapper\">\n<blockquote class=\"twitter-tweet\" data-width=\"550\" data-dnt=\"true\"><p lang=\"es\" dir=\"ltr\">&quot;En este bar se juntan los mafiosos que metieron presa a Cristina&quot;<br><br>Aparecieron folletos con las caras de Horacio Rosatti y Carlos Rosenkrantz en La Biela, el tradicional caf\u00e9 de Recoleta donde se juntaban los jueces de la Corte Suprema. <a href=\"https:\/\/t.co\/WSIXQTQfAh\">pic.twitter.com\/WSIXQTQfAh<\/a><\/p>&mdash; Corta (@somoscorta) <a href=\"https:\/\/twitter.com\/somoscorta\/status\/1933916989392609644?ref_src=twsrc%5Etfw\">June 14, 2025<\/a><\/blockquote><script async src=\"https:\/\/platform.twitter.com\/widgets.js\" charset=\"utf-8\"><\/script>\n<\/div><\/figure>\n\n\n\n<h3 class=\"wp-block-heading\">Corte suprema, desigualdad suprema<\/h3>\n\n\n\n<p>No es la primera vez que Rosenkrantz deja en claro que su concepci\u00f3n de justicia est\u00e1 alejada de cualquier sensibilidad social. Ya en su asunci\u00f3n como presidente de la Corte en 2018, dijo que <strong>\u201cno toda injusticia es relevante para el derecho\u201d<\/strong>, una frase que exhibe un elitismo jur\u00eddico profundamente peligroso. Para \u00e9l, <strong>el derecho no debe reparar injusticias estructurales, sino limitarse a garantizar la estabilidad del orden existente<\/strong> \u2014aunque ese orden reproduzca exclusi\u00f3n, hambre y violencia institucional.<\/p>\n\n\n\n<p>Es indispensable preguntarse entonces: <strong>\u00bfqu\u00e9 clase de justicia puede impartir un juez que considera que las necesidades no deben traducirse en derechos?<\/strong><br>Y m\u00e1s a\u00fan: <strong>\u00bfqui\u00e9nes se benefician cuando el Poder Judicial abdica de su deber de proteger a los m\u00e1s vulnerables?<\/strong><\/p>\n\n\n\n<p><\/p>\n\n\n\n<h3 class=\"wp-block-heading\">Reacciones y repudios<\/h3>\n\n\n\n<p>La frase gener\u00f3 un inmediato repudio social y pol\u00edtico. El gobernador Axel Kicillof fue contundente al recordar que <strong>\u201cdonde hay una necesidad, nace un derecho\u201d no es un eslogan, sino una consigna fundacional de la Argentina justa y solidaria.<\/strong> El dirigente social Juan Grabois, por su parte, denunci\u00f3 lo que llam\u00f3 \u201cuna Corte porte\u00f1ada de cuatro marionetas del poder\u201d, en alusi\u00f3n a la falta de representatividad social del m\u00e1ximo tribunal.<\/p>\n\n\n\n<p>Los cuestionamientos no se limitan al contenido de sus declaraciones, sino tambi\u00e9n a <strong>la forma en que Rosenkrantz lleg\u00f3 a la Corte<\/strong>, propuesto por Mauricio Macri mediante un pol\u00e9mico decreto y siempre alineado con los intereses del gran empresariado, de donde \u00e9l mismo proviene (fue abogado del Grupo Clar\u00edn, entre otros). Su paso por la Corte parece cada vez m\u00e1s un ejercicio de blindaje de privilegios que una defensa de derechos constitucionales.<\/p>\n\n\n\n<p><\/p>\n\n\n\n<h3 class=\"wp-block-heading\">Justicia social o derecho de mercado<\/h3>\n\n\n\n<p>Rosenkrantz representa <strong>la punta de lanza de un pensamiento jur\u00eddico que pretende convertir los derechos en bienes escasos, y al ciudadano en consumidor de garant\u00edas m\u00ednimas seg\u00fan su poder adquisitivo.<\/strong> Frente a eso, urge reivindicar el sentido humanista, solidario y profundamente igualitario del derecho como instrumento de transformaci\u00f3n social.<\/p>\n\n\n\n<p>La frase del juez no es un desliz ret\u00f3rico. Es una declaraci\u00f3n de guerra a los sectores populares. Porque si las necesidades no generan derechos, entonces <strong>la pobreza no merece soluci\u00f3n, la salud no merece atenci\u00f3n, y el hambre no merece respuesta.<\/strong><\/p>\n\n\n\n<p>Por eso, frente a los jueces del privilegio, se impone levantar m\u00e1s fuerte que nunca la consigna del pueblo:<br><strong>\u00a1Donde hay una necesidad, debe nacer un derecho!<\/strong><\/p>\n","protected":false},"excerpt":{"rendered":"<p>Cuando la toga se convierte en dogma: la peligrosa sentencia de contra la justicia social. Carlos Rosenkrantz afirm\u00f3 esto durante un foro internacional. Su frase, profundamente contraria al principio de justicia social, pone en evidencia la matriz ideol\u00f3gica que gu\u00eda a sectores del m\u00e1ximo tribunal argentino. En un escenario acad\u00e9mico internacional, el juez de la&#8230;<\/p>\n","protected":false},"author":9,"featured_media":5232,"comment_status":"open","ping_status":"open","sticky":false,"template":"","format":"standard","meta":{"_monsterinsights_skip_tracking":false,"_monsterinsights_sitenote_active":false,"_monsterinsights_sitenote_note":"","_monsterinsights_sitenote_category":0,"footnotes":"","jetpack_publicize_message":"","jetpack_publicize_feature_enabled":true,"jetpack_social_post_already_shared":true,"jetpack_social_options":{"image_generator_settings":{"template":"highway","default_image_id":0,"font":"","enabled":false},"version":2}},"categories":[2],"tags":[],"class_list":["post-5228","post","type-post","status-publish","format-standard","has-post-thumbnail","hentry","category-politica"],"jetpack_publicize_connections":[],"_links":{"self":[{"href":"https:\/\/www.enorsai.com\/noticias\/wp-json\/wp\/v2\/posts\/5228","targetHints":{"allow":["GET"]}}],"collection":[{"href":"https:\/\/www.enorsai.com\/noticias\/wp-json\/wp\/v2\/posts"}],"about":[{"href":"https:\/\/www.enorsai.com\/noticias\/wp-json\/wp\/v2\/types\/post"}],"author":[{"embeddable":true,"href":"https:\/\/www.enorsai.com\/noticias\/wp-json\/wp\/v2\/users\/9"}],"replies":[{"embeddable":true,"href":"https:\/\/www.enorsai.com\/noticias\/wp-json\/wp\/v2\/comments?post=5228"}],"version-history":[{"count":2,"href":"https:\/\/www.enorsai.com\/noticias\/wp-json\/wp\/v2\/posts\/5228\/revisions"}],"predecessor-version":[{"id":5235,"href":"https:\/\/www.enorsai.com\/noticias\/wp-json\/wp\/v2\/posts\/5228\/revisions\/5235"}],"wp:featuredmedia":[{"embeddable":true,"href":"https:\/\/www.enorsai.com\/noticias\/wp-json\/wp\/v2\/media\/5232"}],"wp:attachment":[{"href":"https:\/\/www.enorsai.com\/noticias\/wp-json\/wp\/v2\/media?parent=5228"}],"wp:term":[{"taxonomy":"category","embeddable":true,"href":"https:\/\/www.enorsai.com\/noticias\/wp-json\/wp\/v2\/categories?post=5228"},{"taxonomy":"post_tag","embeddable":true,"href":"https:\/\/www.enorsai.com\/noticias\/wp-json\/wp\/v2\/tags?post=5228"}],"curies":[{"name":"wp","href":"https:\/\/api.w.org\/{rel}","templated":true}]}}