{"id":5221,"date":"2025-06-16T07:51:56","date_gmt":"2025-06-16T10:51:56","guid":{"rendered":"https:\/\/www.enorsai.com\/noticias\/?p=5221"},"modified":"2025-06-16T07:51:56","modified_gmt":"2025-06-16T10:51:56","slug":"dia-del-padre-libertario-ni-las-promociones-masivas-ni-los-descuentos-pudieron-con-la-caida-de-la-ventas","status":"publish","type":"post","link":"https:\/\/www.enorsai.com\/noticias\/sociedad\/dia-del-padre-libertario-ni-las-promociones-masivas-ni-los-descuentos-pudieron-con-la-caida-de-la-ventas\/","title":{"rendered":"D\u00eda del Padre libertario: Ni las promociones masivas ni los descuentos pudieron con la ca\u00edda de la ventas"},"content":{"rendered":"\n<p><strong><em>D\u00eda del Padre en la era Milei: una celebraci\u00f3n desinflada por la recesi\u00f3n y el consumo en retirada. Las ventas minoristas en el D\u00eda del Padre cayeron un 1,7% en t\u00e9rminos reales respecto a 2024, marcando el tercer a\u00f1o consecutivo en baja. El contexto econ\u00f3mico, signado por la p\u00e9rdida de poder adquisitivo, la precarizaci\u00f3n laboral y el endeudamiento, eclips\u00f3 las expectativas comerciales. A pesar del esfuerzo del sector por ofrecer promociones, la gente opt\u00f3 por regalos m\u00e1s baratos o directamente se abstuvo de comprar. Los n\u00fameros exponen una verdad inc\u00f3moda para el gobierno: el modelo de Milei no reactiva, sino que retrae.<\/em><\/strong><\/p>\n\n\n\n<p>Ni la afeitadora de oferta, ni las zapatillas con tres cuotas sin inter\u00e9s, ni el perfume con rebaja si se pagaba en efectivo. Nada alcanz\u00f3. El D\u00eda del Padre 2025 fue, para miles de comercios argentinos, otra oportunidad perdida. Una fecha emblem\u00e1tica, hist\u00f3ricamente clave para impulsar las ventas minoristas, termin\u00f3 sepultada por una econom\u00eda cada vez m\u00e1s alejada de las necesidades de la gente. El diagn\u00f3stico, lejos de ser alarmista, es num\u00e9rico y brutal: las ventas cayeron 1,7% en comparaci\u00f3n con el ya magro desempe\u00f1o de 2024. Lo que deber\u00eda haber sido un alivio para comerciantes agobiados por la crisis, se convirti\u00f3 en otra se\u00f1al de alerta roja.<\/p>\n\n\n\n<figure class=\"wp-block-image size-full\"><img loading=\"lazy\" decoding=\"async\" width=\"706\" height=\"147\" src=\"https:\/\/www.enorsai.com\/noticias\/wp-content\/uploads\/2025\/06\/image-3.png\" alt=\"\" class=\"wp-image-5222\" srcset=\"https:\/\/www.enorsai.com\/noticias\/wp-content\/uploads\/2025\/06\/image-3.png 706w, https:\/\/www.enorsai.com\/noticias\/wp-content\/uploads\/2025\/06\/image-3-300x62.png 300w\" sizes=\"auto, (max-width: 706px) 100vw, 706px\" \/><\/figure>\n\n\n\n<p>Seg\u00fan el relevamiento de la Confederaci\u00f3n Argentina de la Mediana Empresa (CAME), este retroceso marca el tercer a\u00f1o consecutivo de ca\u00edda en las ventas del D\u00eda del Padre. A la baja actual se suma el -10,2% de 2024 y el -1,2% de 2023. Estamos frente a un ciclo sistem\u00e1tico de contracci\u00f3n, que no puede explicarse s\u00f3lo por el \u00abfin de semana largo\u00bb o las inclemencias del clima. Lo que hay detr\u00e1s es una pol\u00edtica econ\u00f3mica deliberada que estrangula el mercado interno, pulveriza los ingresos y empuja a los argentinos a consumir lo m\u00ednimo indispensable.<\/p>\n\n\n\n<p>La foto de esta jornada especial deja en claro una postal que se repite: comercios vac\u00edos, promociones que ya no seducen, financiamiento que no mueve la aguja y consumidores que, entre pagar la boleta de luz o comprar un regalo, eligen sobrevivir. El ticket promedio fue de $41.302, un aumento nominal que, al ajustarlo por inflaci\u00f3n, revela una ca\u00edda del 8,9% en t\u00e9rminos reales. Es decir, la gente gasta m\u00e1s dinero pero puede comprar mucho menos.<\/p>\n\n\n\n<figure class=\"wp-block-image size-full\"><img loading=\"lazy\" decoding=\"async\" width=\"706\" height=\"352\" src=\"https:\/\/www.enorsai.com\/noticias\/wp-content\/uploads\/2025\/06\/image-4.png\" alt=\"\" class=\"wp-image-5223\" srcset=\"https:\/\/www.enorsai.com\/noticias\/wp-content\/uploads\/2025\/06\/image-4.png 706w, https:\/\/www.enorsai.com\/noticias\/wp-content\/uploads\/2025\/06\/image-4-300x150.png 300w\" sizes=\"auto, (max-width: 706px) 100vw, 706px\" \/><\/figure>\n\n\n\n<p>En este escenario, la estrategia de las tiendas fue una coreograf\u00eda desesperada de descuentos, cuotas, combos y \u00abregalitos\u00bb extra, sin lograr revertir la tendencia. M\u00e1s del 90% de los comercios aplicaron promociones, pero el resultado fue tibio: apenas un 11% dijo que la fecha ayud\u00f3 a repuntar ventas. El resto, resignado, admiti\u00f3 que el D\u00eda del Padre fue \u201cuna semana m\u00e1s\u201d, como si celebrar a los padres hubiera dejado de importar.<\/p>\n\n\n\n<p>Los rubros que hist\u00f3ricamente traccionaban esta fecha \u2014como Indumentaria y Librer\u00edas\u2014 fueron los m\u00e1s golpeados, con desplomes del 12% y 8,6% respectivamente. Ni las camisas \u201c2&#215;1\u201d ni los libros con descuentos salvaron al sector. En el caso de la ropa, los comerciantes apuntan a una p\u00e9rdida total de rentabilidad: el precio se ajust\u00f3 tanto para tentar a un cliente renuente que la ganancia qued\u00f3 en cero. La literatura, por su parte, pag\u00f3 el costo de competir con gigantes digitales que ofrecen mejores condiciones, en un mercado cada vez m\u00e1s hostil para el comercio de cercan\u00eda.<\/p>\n\n\n\n<figure class=\"wp-block-image size-full\"><img loading=\"lazy\" decoding=\"async\" width=\"706\" height=\"347\" src=\"https:\/\/www.enorsai.com\/noticias\/wp-content\/uploads\/2025\/06\/image-5.png\" alt=\"\" class=\"wp-image-5224\" srcset=\"https:\/\/www.enorsai.com\/noticias\/wp-content\/uploads\/2025\/06\/image-5.png 706w, https:\/\/www.enorsai.com\/noticias\/wp-content\/uploads\/2025\/06\/image-5-300x147.png 300w\" sizes=\"auto, (max-width: 706px) 100vw, 706px\" \/><\/figure>\n\n\n\n<p>Por otra parte, rubros como Electrodom\u00e9sticos, Celulares y Perfumer\u00eda lograron alguna mejora leve, pero anclada m\u00e1s en promociones agresivas que en una demanda genuina. La \u201ctrampa\u201d es evidente: sin las cuotas o los descuentos, no hay consumo. Y aun con esas herramientas, el volumen vendido sigue siendo bajo. Los m\u00e1rgenes, afirman los comerciantes, est\u00e1n cada vez m\u00e1s ajustados, y la \u00fanica forma de sobrevivir es bajando expectativas.<\/p>\n\n\n\n<p>Una constante que se repiti\u00f3 en todos los rubros fue la elecci\u00f3n de productos m\u00e1s baratos: pantuflas en lugar de zapatos, afeitadoras de segunda l\u00ednea en lugar de m\u00e1quinas de alta gama, perfumes econ\u00f3micos por sobre las marcas premium. Lo que antes era un mimo hoy es una resignaci\u00f3n. El regalo dej\u00f3 de ser una muestra de cari\u00f1o para convertirse en una carga financiera.<\/p>\n\n\n\n<figure class=\"wp-block-image size-full\"><img loading=\"lazy\" decoding=\"async\" width=\"706\" height=\"372\" src=\"https:\/\/www.enorsai.com\/noticias\/wp-content\/uploads\/2025\/06\/image-6.png\" alt=\"\" class=\"wp-image-5225\" srcset=\"https:\/\/www.enorsai.com\/noticias\/wp-content\/uploads\/2025\/06\/image-6.png 706w, https:\/\/www.enorsai.com\/noticias\/wp-content\/uploads\/2025\/06\/image-6-300x158.png 300w\" sizes=\"auto, (max-width: 706px) 100vw, 706px\" \/><\/figure>\n\n\n\n<p>Tambi\u00e9n hubo un aumento de las compras online con retiro en local, un intento por ahorrar el costo de env\u00edo y acceder a precios m\u00e1s competitivos. Sin embargo, esta modalidad tambi\u00e9n expone a los peque\u00f1os comercios a una competencia feroz con plataformas que pueden absorber mejor los descuentos. La paradoja del modelo Milei es evidente: promueve la libertad de mercado, pero en los hechos concentra la venta en unos pocos jugadores, liquidando al comercio de barrio.<\/p>\n\n\n\n<p>A todo esto se sum\u00f3 el efecto del feriado largo: con menos circulaci\u00f3n en las ciudades, muchas familias priorizaron una escapada o directamente no celebraron. La falta de movimiento en los centros comerciales fue la estocada final para una jornada que ya ven\u00eda herida de muerte por la recesi\u00f3n.<\/p>\n\n\n\n<p>Pero ser\u00eda un error mirar esto como un fen\u00f3meno aislado. Lo que ocurri\u00f3 este D\u00eda del Padre es apenas un s\u00edntoma de una enfermedad m\u00e1s profunda: un modelo econ\u00f3mico que prioriza la especulaci\u00f3n financiera por sobre el desarrollo productivo, que lic\u00faa jubilaciones, reduce salarios, recorta subsidios, y luego se sorprende porque nadie compra.<\/p>\n\n\n\n<p>La falta de sensibilidad social del gobierno de Javier Milei qued\u00f3 expuesta una vez m\u00e1s. Mientras el Presidente hace giras por Europa y presume ante empresarios globales un supuesto \u201cmilagro econ\u00f3mico argentino\u201d, las familias locales hacen malabares para subsistir. Los datos de CAME no son s\u00f3lo cifras comerciales: son una radiograf\u00eda del malestar social, de una clase media que ya no lo es, y de un entramado productivo que se desmorona sin respuestas ni contenci\u00f3n.<\/p>\n\n\n\n<p>Hay que decirlo con todas las letras: un pa\u00eds donde regalarle algo a tu padre se convierte en un lujo es un pa\u00eds que est\u00e1 en problemas. Y esos problemas no se resuelven con marketing, ni con cadenas de tuits, ni con diagn\u00f3sticos cargados de ideolog\u00eda libertaria. Se resuelven con pol\u00edticas p\u00fablicas que devuelvan poder adquisitivo, que reactiven el mercado interno, que protejan el empleo y que entiendan que sin consumo no hay crecimiento.<\/p>\n\n\n\n<p>Hasta tanto eso ocurra, fechas como el D\u00eda del Padre seguir\u00e1n siendo s\u00f3lo eso: una fecha en el calendario, con locales vac\u00edos y padres recibiendo abrazos en lugar de regalos. Porque el amor no cuesta nada, pero la dignidad de poder elegir s\u00ed. Y eso, en la Argentina de Milei, parece ser un privilegio para pocos.<\/p>\n\n\n\n<p>Fuente:<\/p>\n\n\n\n<ul class=\"wp-block-list\">\n<li><a href=\"https:\/\/www.redcame.org.ar\/prensa\/14252\/dia-del-padre-2025-las-ventas-cayeron-17-anual\">https:\/\/www.redcame.org.ar\/prensa\/14252\/dia-del-padre-2025-las-ventas-cayeron-17-anual<\/a><\/li>\n<\/ul>\n","protected":false},"excerpt":{"rendered":"<p>El D\u00eda del Padre 2025 reflej\u00f3 el deterioro del consumo bajo el gobierno de Milei: las ventas cayeron 1,7% interanual, marcando otro a\u00f1o en baja. Promociones y descuentos no alcanzaron. La crisis golpea fuerte al bolsillo y revela el fracaso de un modelo que desmantela el mercado interno sin ofrecer alternativas.<\/p>\n","protected":false},"author":12,"featured_media":5226,"comment_status":"open","ping_status":"open","sticky":false,"template":"","format":"standard","meta":{"_monsterinsights_skip_tracking":false,"_monsterinsights_sitenote_active":false,"_monsterinsights_sitenote_note":"","_monsterinsights_sitenote_category":0,"footnotes":"","jetpack_publicize_message":"\ud83d\udcc9\ud83d\udc94 El D\u00eda del Padre 2025 expuso lo que el gobierno no quiere admitir: el modelo libertario nos deja sin consumo, sin comercio y sin esperanza. Caen las ventas, cae el poder adquisitivo y crece la bronca. ","jetpack_publicize_feature_enabled":true,"jetpack_social_post_already_shared":false,"jetpack_social_options":{"image_generator_settings":{"template":"highway","default_image_id":0,"enabled":false},"version":2}},"categories":[4],"tags":[58,1636,1635,43,1637,227,45,475,101,1634],"class_list":["post-5221","post","type-post","status-publish","format-standard","has-post-thumbnail","hentry","category-sociedad","tag-ajuste","tag-comercios","tag-consumo","tag-crisis","tag-diadelpadre","tag-inflacion","tag-milei","tag-pobreza","tag-recesion","tag-ventas"],"jetpack_publicize_connections":[],"_links":{"self":[{"href":"https:\/\/www.enorsai.com\/noticias\/wp-json\/wp\/v2\/posts\/5221","targetHints":{"allow":["GET"]}}],"collection":[{"href":"https:\/\/www.enorsai.com\/noticias\/wp-json\/wp\/v2\/posts"}],"about":[{"href":"https:\/\/www.enorsai.com\/noticias\/wp-json\/wp\/v2\/types\/post"}],"author":[{"embeddable":true,"href":"https:\/\/www.enorsai.com\/noticias\/wp-json\/wp\/v2\/users\/12"}],"replies":[{"embeddable":true,"href":"https:\/\/www.enorsai.com\/noticias\/wp-json\/wp\/v2\/comments?post=5221"}],"version-history":[{"count":1,"href":"https:\/\/www.enorsai.com\/noticias\/wp-json\/wp\/v2\/posts\/5221\/revisions"}],"predecessor-version":[{"id":5227,"href":"https:\/\/www.enorsai.com\/noticias\/wp-json\/wp\/v2\/posts\/5221\/revisions\/5227"}],"wp:featuredmedia":[{"embeddable":true,"href":"https:\/\/www.enorsai.com\/noticias\/wp-json\/wp\/v2\/media\/5226"}],"wp:attachment":[{"href":"https:\/\/www.enorsai.com\/noticias\/wp-json\/wp\/v2\/media?parent=5221"}],"wp:term":[{"taxonomy":"category","embeddable":true,"href":"https:\/\/www.enorsai.com\/noticias\/wp-json\/wp\/v2\/categories?post=5221"},{"taxonomy":"post_tag","embeddable":true,"href":"https:\/\/www.enorsai.com\/noticias\/wp-json\/wp\/v2\/tags?post=5221"}],"curies":[{"name":"wp","href":"https:\/\/api.w.org\/{rel}","templated":true}]}}