{"id":5218,"date":"2025-06-15T22:59:00","date_gmt":"2025-06-16T01:59:00","guid":{"rendered":"https:\/\/www.enorsai.com\/noticias\/politica\/temor-en-la-casa-rosada-ante-la-movilizacion-del-miercoles-francos-pide-que-no-vaya-a-tribunales\/"},"modified":"2025-06-15T23:03:07","modified_gmt":"2025-06-16T02:03:07","slug":"temor-en-la-casa-rosada-ante-la-movilizacion-del-miercoles-francos-pide-que-no-vaya-a-tribunales","status":"publish","type":"post","link":"https:\/\/www.enorsai.com\/noticias\/politica\/temor-en-la-casa-rosada-ante-la-movilizacion-del-miercoles-francos-pide-que-no-vaya-a-tribunales\/","title":{"rendered":"Temor en la Casa Rosada ante la movilizaci\u00f3n del mi\u00e9rcoles: Francos pide que no vaya a Tribunales"},"content":{"rendered":"\n<p>Con tono supuestamente moderado, Guillermo Francos blanque\u00f3 el verdadero temor del oficialismo: que la masiva movilizaci\u00f3n convocada por el peronismo visibilice el repudio popular al fallo contra Cristina Kirchner. El Ejecutivo intenta evitar a toda costa que la expresidenta se presente en Tribunales.<br \/><br \/>El Gobierno de Javier Milei volvi\u00f3 a mostrar se\u00f1ales de nerviosismo ante el impacto pol\u00edtico que podr\u00eda tener la movilizaci\u00f3n convocada por el peronismo para acompa\u00f1ar a Cristina Fern\u00e1ndez de Kirchner este mi\u00e9rcoles. En una entrevista televisiva, el jefe de Gabinete, Guillermo Francos, reclam\u00f3 p\u00fablicamente que la exmandataria sea notificada del fallo judicial \u201cen su domicilio\u201d, en un intento por desactivar la presencia popular frente a los tribunales.<br \/><br \/>\u201cMe parecer\u00eda absolutamente l\u00f3gico que no tenga que concurrir\u201d, dijo Francos en declaraciones a A24, argumentando que la medida buscar\u00eda generar \u201cla menor convulsi\u00f3n posible\u201d. Pero detr\u00e1s de esa frase se esconde el verdadero objetivo del oficialismo: evitar que la calle vuelva a convertirse en escenario del descontento con el rumbo del gobierno y de solidaridad con la figura de Cristina.<br \/><br \/>La Casa Rosada teme que la convocatoria del mi\u00e9rcoles, que promete ser masiva, reactive la m\u00edstica de resistencia popular y rompa la narrativa de aislamiento del kirchnerismo. Por eso, Francos apunt\u00f3 directamente contra la marcha, a la que calific\u00f3 como algo \u201cno positivo\u201d y generador de \u201ctensi\u00f3n, cortes y movilizaci\u00f3n de fuerzas federales\u201d.<br \/><br \/>En un tono que busc\u00f3 mostrarse distante pero termin\u00f3 siendo revelador, el funcionario insisti\u00f3 en que \u201cel Gobierno est\u00e1 al margen\u201d del proceso judicial, aunque dedic\u00f3 varios minutos a opinar sobre c\u00f3mo deber\u00eda notificarse a Cristina, qu\u00e9 impacto podr\u00eda tener la marcha, c\u00f3mo evitar incidentes y qu\u00e9 espera el oficialismo de la Justicia. La supuesta \u201cno injerencia\u201d termin\u00f3 convertida en una presi\u00f3n expl\u00edcita para que el Poder Judicial colabore en calmar las aguas pol\u00edticas.<br \/><br \/>Francos incluso vaticin\u00f3 que las movilizaciones de apoyo en Constituci\u00f3n \u201cdurar\u00e1n algunos d\u00edas y luego ir\u00e1n menguando\u201d, minimizando con ansiedad un fen\u00f3meno que crece a medida que se acerca el d\u00eda de la notificaci\u00f3n. Su intento de bajar el tono a la protesta contrasta con el operativo oficial para desacreditarla y con los rumores de despliegue policial ya en marcha.<br \/><br \/>Consciente del valor simb\u00f3lico de la figura de la expresidenta, el jefe de Gabinete desliz\u00f3 que hay que tener \u201cuna consideraci\u00f3n especial\u201d con su situaci\u00f3n, pero inmediatamente aclar\u00f3 que \u201cla Justicia decidir\u00e1 sobre el lugar y condiciones de detenci\u00f3n\u201d. Mientras tanto, el Gobierno aprovecha cada micr\u00f3fono para marcar posici\u00f3n y condicionar esa decisi\u00f3n, evidenciando su temor a una escena que lo desborde.<br \/><br \/>Finalmente, Francos volvi\u00f3 a utilizar el argumento oficialista preferido: que la condena a Cristina desmiente las acusaciones de un supuesto \u201cpacto de impunidad\u201d. \u201cCon esto se demuestra que estaban equivocados\u201d, dijo. Pero el operativo para evitar que la expresidenta se muestre de pie, acompa\u00f1ada y en la calle, demuestra m\u00e1s bien que el oficialismo sigue viendo en ella una amenaza pol\u00edtica que todav\u00eda moviliza multitudes.<br \/><br \/>A medida que se acerca el mi\u00e9rcoles, crece la tensi\u00f3n. La desesperaci\u00f3n del Gobierno por frenar la marcha, disfrazada de apelaci\u00f3n institucional, deja al descubierto una realidad inc\u00f3moda: Cristina Kirchner sigue siendo una figura capaz de interpelar el poder, incluso desde el banquillo judicial. Y eso, a Milei, lo inquieta.<br \/><br \/>Fuente:<\/p>\n\n\n\n<ul class=\"wp-block-list\">\n<li>https:\/\/noticiasargentinas.com\/politica\/guillermo-francos-considero&#8211;logico&#8211;que-cristina-kirchner-se-notifique-de-la-condena-en-su-domicilio_a684f6aaae7853c6877ac3027<\/li>\n<\/ul>\n\n\n\n<p>Imagen de portada generada con Inteligencia Artificial <\/p>\n","protected":false},"excerpt":{"rendered":"<p>Con tono supuestamente moderado, Guillermo Francos blanque\u00f3 el verdadero temor del oficialismo: que la masiva movilizaci\u00f3n convocada por el peronismo visibilice el repudio popular al fallo contra Cristina Kirchner. El Ejecutivo intenta evitar a toda costa que la expresidenta se presente en Tribunales. El Gobierno de Javier Milei volvi\u00f3 a mostrar se\u00f1ales de nerviosismo ante&#8230;<\/p>\n","protected":false},"author":1,"featured_media":5217,"comment_status":"open","ping_status":"open","sticky":false,"template":"","format":"standard","meta":{"_monsterinsights_skip_tracking":false,"_monsterinsights_sitenote_active":false,"_monsterinsights_sitenote_note":"","_monsterinsights_sitenote_category":0,"footnotes":"","jetpack_publicize_message":"","jetpack_publicize_feature_enabled":true,"jetpack_social_post_already_shared":true,"jetpack_social_options":{"image_generator_settings":{"template":"highway","default_image_id":0,"font":"","enabled":false},"version":2}},"categories":[2],"tags":[],"class_list":["post-5218","post","type-post","status-publish","format-standard","has-post-thumbnail","hentry","category-politica"],"jetpack_publicize_connections":[],"_links":{"self":[{"href":"https:\/\/www.enorsai.com\/noticias\/wp-json\/wp\/v2\/posts\/5218","targetHints":{"allow":["GET"]}}],"collection":[{"href":"https:\/\/www.enorsai.com\/noticias\/wp-json\/wp\/v2\/posts"}],"about":[{"href":"https:\/\/www.enorsai.com\/noticias\/wp-json\/wp\/v2\/types\/post"}],"author":[{"embeddable":true,"href":"https:\/\/www.enorsai.com\/noticias\/wp-json\/wp\/v2\/users\/1"}],"replies":[{"embeddable":true,"href":"https:\/\/www.enorsai.com\/noticias\/wp-json\/wp\/v2\/comments?post=5218"}],"version-history":[{"count":1,"href":"https:\/\/www.enorsai.com\/noticias\/wp-json\/wp\/v2\/posts\/5218\/revisions"}],"predecessor-version":[{"id":5219,"href":"https:\/\/www.enorsai.com\/noticias\/wp-json\/wp\/v2\/posts\/5218\/revisions\/5219"}],"wp:featuredmedia":[{"embeddable":true,"href":"https:\/\/www.enorsai.com\/noticias\/wp-json\/wp\/v2\/media\/5217"}],"wp:attachment":[{"href":"https:\/\/www.enorsai.com\/noticias\/wp-json\/wp\/v2\/media?parent=5218"}],"wp:term":[{"taxonomy":"category","embeddable":true,"href":"https:\/\/www.enorsai.com\/noticias\/wp-json\/wp\/v2\/categories?post=5218"},{"taxonomy":"post_tag","embeddable":true,"href":"https:\/\/www.enorsai.com\/noticias\/wp-json\/wp\/v2\/tags?post=5218"}],"curies":[{"name":"wp","href":"https:\/\/api.w.org\/{rel}","templated":true}]}}