{"id":5216,"date":"2025-06-15T22:25:45","date_gmt":"2025-06-16T01:25:45","guid":{"rendered":"https:\/\/www.enorsai.com\/noticias\/politica\/desesperados-el-gobierno-presiona-al-poder-judicial-para-desactivar-la-movilizacion-masiva\/"},"modified":"2025-06-15T22:25:45","modified_gmt":"2025-06-16T01:25:45","slug":"desesperados-el-gobierno-presiona-al-poder-judicial-para-desactivar-la-movilizacion-masiva","status":"publish","type":"post","link":"https:\/\/www.enorsai.com\/noticias\/politica\/desesperados-el-gobierno-presiona-al-poder-judicial-para-desactivar-la-movilizacion-masiva\/","title":{"rendered":"\u00a1Desesperados! El gobierno presiona al Poder Judicial para desactivar la movilizaci\u00f3n masiva"},"content":{"rendered":"\n<p>Mientras el kirchnerismo se prepara para una de las concentraciones populares m\u00e1s grandes en defensa de Cristina Fern\u00e1ndez de Kirchner, el gobierno de Javier Milei entra en p\u00e1nico ante un escenario que no controla. Caputo y Amerio negocian desesperadamente con jueces y fiscales para evitar una postal explosiva frente a Comodoro Py.<br><br><br>M\u00e1xima tensi\u00f3n en el Gobierno: Cristina presa y un pueblo en las calles<br><br>En la antesala de una jornada que promete ser hist\u00f3rica, el gobierno de Javier Milei transita horas de angustia y tensi\u00f3n. El motivo es claro: este mi\u00e9rcoles, el kirchnerismo se movilizar\u00e1 en masa para acompa\u00f1ar a Cristina Fern\u00e1ndez de Kirchner a los tribunales de Comodoro Py, donde se definir\u00e1n las condiciones de su detenci\u00f3n tras la pol\u00e9mica condena judicial.<br><br>El temor en la Casa Rosada es evidente. \u201cEsto es un cisne negro, b\u00e1sicamente porque tenemos control cero de la situaci\u00f3n\u201d, confiesan con crudeza en los pasillos del poder. Lo que inicialmente fue subestimado por el oficialismo se ha convertido en un problema de primer orden: la p\u00e9rdida del control de la calle y de la agenda pol\u00edtica, dos aspectos que Milei ya no puede dominar.<br><br>La magnitud de la movilizaci\u00f3n prevista desvela al n\u00facleo duro del gobierno, que sabe que una postal de Comodoro Py desbordada de militancia puede convertirse en una imagen de \u00e9poca. Para evitarlo, Santiago Caputo \u2013el principal armador pol\u00edtico de Milei\u2013 y el viceministro de Justicia, Sebasti\u00e1n Amerio, se embarcaron en una ofensiva urgente: presionar al Poder Judicial para que Cristina reciba la prisi\u00f3n domiciliaria este mismo martes, y as\u00ed impedir que deba presentarse en persona el mi\u00e9rcoles.<br><br>El objetivo es tan evidente como desesperado: desactivar la movilizaci\u00f3n quit\u00e1ndole su raz\u00f3n de ser. Sin embargo, en el kirchnerismo no se hacen ilusiones. La senadora bonaerense Teresa Garc\u00eda, una de las m\u00e1s cercanas a la ex presidenta, fue categ\u00f3rica:<br><br>> \u201cLa marcha se hace igual. Est\u00e1 convocada desde la ma\u00f1ana. Sea en Comodoro Py o donde sea, vamos a estar con ella\u201d.<br><br><br><br>La pulseada judicial<br><br>La definici\u00f3n sobre la detenci\u00f3n de Cristina recae en el juez Jorge Gorini, presidente del tribunal oral que dict\u00f3 la condena. Si bien Gorini mantiene una relaci\u00f3n cordial con sus colegas Rodrigo Gim\u00e9nez Uriburu y Andr\u00e9s Basso, estos \u00faltimos no ocultan su animadversi\u00f3n con el kirchnerismo, a quien responsabilizan por presuntos seguimientos y amenazas durante el proceso judicial.<br><br>De hecho, seg\u00fan informaci\u00f3n exclusiva publicada por La Pol\u00edtica Online, Gim\u00e9nez Uriburu y Basso barajaban la posibilidad de negarle directamente el beneficio de la prisi\u00f3n domiciliaria a Cristina. La presi\u00f3n pol\u00edtica \u2013y social\u2013 parece haber modificado el panorama. Gorini, que ten\u00eda una licencia concedida, decidi\u00f3 suspenderla para mantenerse en el pa\u00eds e intentar contener los impulsos punitivistas de sus colegas y de un sector del Ministerio P\u00fablico Fiscal.<br><br>Desde el propio edificio de Comodoro Py emergen voces que advierten sobre la gravedad del momento. \u201cHay mucha preocupaci\u00f3n, varios jueces y fiscales est\u00e1n pidiendo que se dejen de joder y le den la domiciliaria r\u00e1pido a Cristina\u201d, afirm\u00f3 con crudeza un magistrado federal a LPO.<br><br>El fantasma de un operativo policial con Cristina esposada \u2013similar al que sufri\u00f3 Amado Boudou en pijama\u2013 sobrevuela los despachos oficiales. En Balcarce 50 saben que una imagen as\u00ed podr\u00eda desatar un incendio pol\u00edtico de proporciones incontrolables.<\/p>\n\n\n\n<p><br><br>Radicalizaci\u00f3n y movilizaci\u00f3n<br><br>La movilizaci\u00f3n prevista para el mi\u00e9rcoles no es improvisada ni casual. Surge en un contexto de creciente radicalizaci\u00f3n del kirchnerismo, empujada por una dirigencia que ya no cree en las garant\u00edas del sistema judicial. Figuras como Emilio P\u00e9rsico y La C\u00e1mpora confluyen con sectores de la izquierda en una articulaci\u00f3n cada vez m\u00e1s intensa, convencidos de que la \u00fanica defensa posible frente al lawfare es la ocupaci\u00f3n masiva del espacio p\u00fablico.<br><br>En este clima de efervescencia, la marcha por Cristina podr\u00eda transformarse en un punto de inflexi\u00f3n, no solo para el peronismo sino tambi\u00e9n para la gobernabilidad de Javier Milei. Lejos de tratarse de una reacci\u00f3n aislada, la convocatoria expresa el hartazgo de amplios sectores sociales frente a lo que consideran una persecuci\u00f3n pol\u00edtica grosera, con la complicidad de medios hegem\u00f3nicos como Clar\u00edn, La Naci\u00f3n y la AEA, que jugaron a fondo durante d\u00edas con la posibilidad del encarcelamiento.<br><\/p>\n\n\n\n<p><br>Un gobierno en retirada frente al poder popular<br><br>La pulseada que se juega esta semana va mucho m\u00e1s all\u00e1 de una cuesti\u00f3n judicial. Es una batalla pol\u00edtica, simb\u00f3lica y social que podr\u00eda marcar un antes y un despu\u00e9s en la escena argentina. El intento de Santiago Caputo de desarmar la movilizaci\u00f3n con una concesi\u00f3n judicial de \u00faltimo momento no hace m\u00e1s que confirmar lo que ya es evidente: el gobierno teme a la calle porque la ha perdido.<br><br>Y cuando un gobierno pierde la calle, empieza a perder el poder. La marcha por Cristina es, en ese sentido, una se\u00f1al de resistencia. Y tambi\u00e9n una advertencia.<\/p>\n\n\n\n<p>Fuente:<\/p>\n\n\n\n<ul class=\"wp-block-list\">\n<li>https:\/\/www.lapoliticaonline.com\/politica\/maxima-preocupacion-en-el-gobierno-por-la-masiva-marcha-del-miercoles\/<\/li>\n<\/ul>\n","protected":false},"excerpt":{"rendered":"<p>Mientras el kirchnerismo se prepara para una de las concentraciones populares m\u00e1s grandes en defensa de Cristina Fern\u00e1ndez de Kirchner, el gobierno de Javier Milei entra en p\u00e1nico ante un escenario que no controla. Caputo y Amerio negocian desesperadamente con jueces y fiscales para evitar una postal explosiva frente a Comodoro Py. M\u00e1xima tensi\u00f3n en&#8230;<\/p>\n","protected":false},"author":1,"featured_media":5215,"comment_status":"open","ping_status":"open","sticky":false,"template":"","format":"standard","meta":{"_monsterinsights_skip_tracking":false,"_monsterinsights_sitenote_active":false,"_monsterinsights_sitenote_note":"","_monsterinsights_sitenote_category":0,"footnotes":"","jetpack_publicize_message":"","jetpack_publicize_feature_enabled":true,"jetpack_social_post_already_shared":true,"jetpack_social_options":{"image_generator_settings":{"template":"highway","default_image_id":0,"font":"","enabled":false},"version":2}},"categories":[2],"tags":[],"class_list":["post-5216","post","type-post","status-publish","format-standard","has-post-thumbnail","hentry","category-politica"],"jetpack_publicize_connections":[],"_links":{"self":[{"href":"https:\/\/www.enorsai.com\/noticias\/wp-json\/wp\/v2\/posts\/5216","targetHints":{"allow":["GET"]}}],"collection":[{"href":"https:\/\/www.enorsai.com\/noticias\/wp-json\/wp\/v2\/posts"}],"about":[{"href":"https:\/\/www.enorsai.com\/noticias\/wp-json\/wp\/v2\/types\/post"}],"author":[{"embeddable":true,"href":"https:\/\/www.enorsai.com\/noticias\/wp-json\/wp\/v2\/users\/1"}],"replies":[{"embeddable":true,"href":"https:\/\/www.enorsai.com\/noticias\/wp-json\/wp\/v2\/comments?post=5216"}],"version-history":[{"count":0,"href":"https:\/\/www.enorsai.com\/noticias\/wp-json\/wp\/v2\/posts\/5216\/revisions"}],"wp:featuredmedia":[{"embeddable":true,"href":"https:\/\/www.enorsai.com\/noticias\/wp-json\/wp\/v2\/media\/5215"}],"wp:attachment":[{"href":"https:\/\/www.enorsai.com\/noticias\/wp-json\/wp\/v2\/media?parent=5216"}],"wp:term":[{"taxonomy":"category","embeddable":true,"href":"https:\/\/www.enorsai.com\/noticias\/wp-json\/wp\/v2\/categories?post=5216"},{"taxonomy":"post_tag","embeddable":true,"href":"https:\/\/www.enorsai.com\/noticias\/wp-json\/wp\/v2\/tags?post=5216"}],"curies":[{"name":"wp","href":"https:\/\/api.w.org\/{rel}","templated":true}]}}