{"id":5214,"date":"2025-06-15T19:10:31","date_gmt":"2025-06-15T22:10:31","guid":{"rendered":"https:\/\/www.enorsai.com\/noticias\/economia\/milei-en-madrid-prometio-un-milagro-economico-que-solo-existe-en-los-powerpoints-libertarios\/"},"modified":"2025-06-15T19:10:31","modified_gmt":"2025-06-15T22:10:31","slug":"milei-en-madrid-prometio-un-milagro-economico-que-solo-existe-en-los-powerpoints-libertarios","status":"publish","type":"post","link":"https:\/\/www.enorsai.com\/noticias\/economia\/milei-en-madrid-prometio-un-milagro-economico-que-solo-existe-en-los-powerpoints-libertarios\/","title":{"rendered":"Milei en Madrid prometi\u00f3 un \u201cmilagro econ\u00f3mico\u201d que solo existe en los PowerPoints libertarios"},"content":{"rendered":"\n<p>Javier Milei se reuni\u00f3 en Espa\u00f1a con un reducido grupo de empresarios para \u201cpresentar el rumbo econ\u00f3mico de la Argentina\u201d. Rodeado de su c\u00edrculo \u00edntimo, el presidente repiti\u00f3 su discurso de apertura de mercados y equilibrio fiscal, ignorando la creciente pobreza, el desempleo, la destrucci\u00f3n del salario y el vaciamiento del Estado. Detr\u00e1s del relato de las \u201cinversiones que vendr\u00e1n\u201d, se esconde un pa\u00eds que sangra.<br><br><br>El show contin\u00faa: Milei en modo vendedor ambulante de promesas<br><br>Este 14 de junio, desde Madrid, Javier Milei volvi\u00f3 a vestirse de CEO para presentar su pa\u00eds como un \u201cproducto atractivo\u201d ante empresarios de distintos sectores. Con su hermana Karina Milei, el canciller Gerardo Werthein y el embajador Wenceslao Bunge Saravia como s\u00e9quito, el presidente repiti\u00f3 sus dogmas neoliberales: ajuste, libre mercado, propiedad privada y apertura econ\u00f3mica. La reuni\u00f3n, cuidadosamente escenificada, funcion\u00f3 m\u00e1s como acto de marketing pol\u00edtico que como pol\u00edtica de Estado.<br><br>Lo que Milei present\u00f3 como una \u201cnueva era\u201d para la Argentina, basada en \u201cel respeto irrestricto por la propiedad privada\u201d y el \u201cequilibrio fiscal permanente\u201d, en los hechos est\u00e1 significando un empobrecimiento brutal para las mayor\u00edas: despidos masivos, licuaci\u00f3n de jubilaciones, par\u00e1lisis de la obra p\u00fablica, destrucci\u00f3n del sistema cient\u00edfico y educativo, y una ca\u00edda del poder adquisitivo sin precedentes.<\/p>\n\n\n\n<p><br><br>Una escenograf\u00eda para tapar la cat\u00e1strofe<br><br>Mientras el presidente ofrece discursos entusiastas a empresarios europeos, la Argentina vive su crisis m\u00e1s profunda en d\u00e9cadas. El tan mentado \u201csaneamiento de las cuentas p\u00fablicas\u201d se est\u00e1 logrando a costa de pulverizar los ingresos de trabajadores, jubilados, estudiantes y sectores vulnerables. No hay generaci\u00f3n de riqueza ni mejora estructural: hay saqueo del Estado y transferencia obscena de recursos hacia los sectores m\u00e1s concentrados.<br><br>El comunicado oficial habla de \u201cinter\u00e9s creciente\u201d de empresarios por invertir en el pa\u00eds. Pero hasta ahora, el \u00fanico inter\u00e9s real se ha traducido en compras de activos devaluados, especulaci\u00f3n financiera y fuga de capitales. No hay un solo indicador de reactivaci\u00f3n de la econom\u00eda real. La inversi\u00f3n productiva brilla por su ausencia, y la \u00fanica certeza es la profundizaci\u00f3n de un modelo extractivista y precarizador.<br><\/p>\n\n\n\n<p><br>Un rumbo econ\u00f3mico que no se negocia\u2026 aunque destroce vidas<br><br>Milei insiste en que \u201cel rumbo econ\u00f3mico no se negocia\u201d. En otras palabras: aunque la recesi\u00f3n se profundice, aunque los comedores populares no den abasto, aunque se hunda la salud p\u00fablica, aunque los cient\u00edficos emigren, aunque el desempleo crezca\u2026 nada lo har\u00e1 cambiar de direcci\u00f3n. Su gobierno no negocia, ni siquiera con la realidad.<br><br>El relato de \u201cdejar atr\u00e1s d\u00e9cadas de decadencia\u201d es una provocaci\u00f3n frente al pueblo que sufre. Porque el modelo que Milei implementa es el mismo que ya fracas\u00f3 en los a\u00f1os 90 y durante el macrismo: apertura indiscriminada, endeudamiento externo, ajuste fiscal y beneficios para unos pocos. La \u201cnueva era\u201d que proclama no es m\u00e1s que la restauraci\u00f3n brutal del viejo orden neoliberal.<\/p>\n\n\n\n<p><br><br>La distancia entre el Palacio y la calle<br><br>Mientras Milei se saca selfies con empresarios en hoteles cinco estrellas de Madrid, en Argentina los trabajadores informales no llegan a cubrir una canasta b\u00e1sica, los docentes exigen paritarias que no existen, las universidades p\u00fablicas marchan por su supervivencia y los hospitales denuncian falta de insumos. El presidente que prometi\u00f3 dinamitar la casta ha construido su propio castillo de privilegios, blindado y distante de la calle.<\/p>\n\n\n\n<p><br><br>Marketing, fe ciega y colapso social<br><br>La \u201cgira europea\u201d de Javier Milei es una puesta en escena. Una performance para convencer a un peque\u00f1o c\u00edrculo econ\u00f3mico de que Argentina es un terreno f\u00e9rtil para hacer negocios\u2026 aunque sea sobre los escombros de los derechos sociales. El verdadero pa\u00eds est\u00e1 muy lejos de esas reuniones de hotel: est\u00e1 en las calles donde la bronca crece, en los barrios donde falta comida, en los hogares donde se apagan los sue\u00f1os de miles de j\u00f3venes sin futuro.<br><br>El mundo, dice el comunicado, \u201cmira con atenci\u00f3n\u201d. Ojal\u00e1 tambi\u00e9n mire con compasi\u00f3n. Porque el experimento libertario ya dej\u00f3 de ser una promesa disruptiva y se convirti\u00f3 en una tragedia real. Y cada d\u00eda que pasa sin corregir el rumbo, la Argentina se hunde un poco m\u00e1s.<\/p>\n","protected":false},"excerpt":{"rendered":"<p>Javier Milei se reuni\u00f3 en Espa\u00f1a con un reducido grupo de empresarios para \u201cpresentar el rumbo econ\u00f3mico de la Argentina\u201d. Rodeado de su c\u00edrculo \u00edntimo, el presidente repiti\u00f3 su discurso de apertura de mercados y equilibrio fiscal, ignorando la creciente pobreza, el desempleo, la destrucci\u00f3n del salario y el vaciamiento del Estado. Detr\u00e1s del relato&#8230;<\/p>\n","protected":false},"author":1,"featured_media":5213,"comment_status":"open","ping_status":"open","sticky":false,"template":"","format":"standard","meta":{"_monsterinsights_skip_tracking":false,"_monsterinsights_sitenote_active":false,"_monsterinsights_sitenote_note":"","_monsterinsights_sitenote_category":0,"footnotes":"","jetpack_publicize_message":"","jetpack_publicize_feature_enabled":true,"jetpack_social_post_already_shared":true,"jetpack_social_options":{"image_generator_settings":{"template":"highway","default_image_id":0,"font":"","enabled":false},"version":2}},"categories":[3],"tags":[],"class_list":["post-5214","post","type-post","status-publish","format-standard","has-post-thumbnail","hentry","category-economia"],"jetpack_publicize_connections":[],"_links":{"self":[{"href":"https:\/\/www.enorsai.com\/noticias\/wp-json\/wp\/v2\/posts\/5214","targetHints":{"allow":["GET"]}}],"collection":[{"href":"https:\/\/www.enorsai.com\/noticias\/wp-json\/wp\/v2\/posts"}],"about":[{"href":"https:\/\/www.enorsai.com\/noticias\/wp-json\/wp\/v2\/types\/post"}],"author":[{"embeddable":true,"href":"https:\/\/www.enorsai.com\/noticias\/wp-json\/wp\/v2\/users\/1"}],"replies":[{"embeddable":true,"href":"https:\/\/www.enorsai.com\/noticias\/wp-json\/wp\/v2\/comments?post=5214"}],"version-history":[{"count":0,"href":"https:\/\/www.enorsai.com\/noticias\/wp-json\/wp\/v2\/posts\/5214\/revisions"}],"wp:featuredmedia":[{"embeddable":true,"href":"https:\/\/www.enorsai.com\/noticias\/wp-json\/wp\/v2\/media\/5213"}],"wp:attachment":[{"href":"https:\/\/www.enorsai.com\/noticias\/wp-json\/wp\/v2\/media?parent=5214"}],"wp:term":[{"taxonomy":"category","embeddable":true,"href":"https:\/\/www.enorsai.com\/noticias\/wp-json\/wp\/v2\/categories?post=5214"},{"taxonomy":"post_tag","embeddable":true,"href":"https:\/\/www.enorsai.com\/noticias\/wp-json\/wp\/v2\/tags?post=5214"}],"curies":[{"name":"wp","href":"https:\/\/api.w.org\/{rel}","templated":true}]}}