{"id":5205,"date":"2025-06-14T22:00:10","date_gmt":"2025-06-15T01:00:10","guid":{"rendered":"https:\/\/www.enorsai.com\/noticias\/politica\/asignaciones-sociales-para-ciudadanos-israelies-milei-oficializa-el-convenio-en-medio-del-brutal-ajuste\/"},"modified":"2026-02-04T18:40:56","modified_gmt":"2026-02-04T21:40:56","slug":"asignaciones-sociales-para-ciudadanos-israelies-milei-oficializa-el-convenio-en-medio-del-brutal-ajuste","status":"publish","type":"post","link":"https:\/\/www.enorsai.com\/noticias\/politica\/asignaciones-sociales-para-ciudadanos-israelies-milei-oficializa-el-convenio-en-medio-del-brutal-ajuste\/","title":{"rendered":"Asignaciones sociales para ciudadanos israel\u00edes: Milei oficializa el convenio en medio del brutal ajuste"},"content":{"rendered":"\n<p>Mientras se recortan jubilaciones y se congelan salarios p\u00fablicos, el Gobierno de Javier Milei habilita beneficios sociales para ciudadanos israel\u00edes residentes en Argentina. La medida fue publicada en el Bolet\u00edn Oficial y ya rige desde mayo de 2024.<\/p>\n\n\n\n<p><br>En plena crisis econ\u00f3mica y bajo un r\u00e9gimen de ajuste que afecta a los sectores m\u00e1s vulnerables, el Ejecutivo formaliz\u00f3 un convenio bilateral con Israel que otorga acceso al sistema previsional argentino a ciudadanos israel\u00edes. La noticia gener\u00f3 indignaci\u00f3n en redes sociales y alimenta las cr\u00edticas al modelo libertario por su doble vara en la distribuci\u00f3n del gasto p\u00fablico.<\/p>\n\n\n\n<p><strong>Asignaciones para extranjeros, ajuste para los argentinos<\/strong><\/p>\n\n\n\n<p>Mientras se profundiza el ajuste m\u00e1s brutal de las \u00faltimas d\u00e9cadas, el Gobierno de Javier Milei oficializ\u00f3 un convenio con el Estado de Israel que garantiza el acceso de ciudadanos israel\u00edes a los beneficios del sistema de seguridad social argentino. La medida, publicada en el Bolet\u00edn Oficial el mi\u00e9rcoles 12 de junio, entra en vigencia en un momento de recortes generalizados: los haberes jubilatorios est\u00e1n congelados, los salarios estatales pierden poder adquisitivo y hospitales de referencia como el Garrahan denuncian falta de fondos para funcionar.<\/p>\n\n\n\n<p>El acuerdo, que hab\u00eda sido firmado en febrero de 2024 pero se activa reci\u00e9n ahora con la publicaci\u00f3n del reglamento administrativo correspondiente, establece que cualquier ciudadano israel\u00ed que resida legalmente en Argentina podr\u00e1 acceder a jubilaciones, pensiones, asignaciones por maternidad, discapacidad y otras prestaciones contributivas del sistema previsional nacional.<\/p>\n\n\n\n<p>El texto se\u00f1ala que el tratado rige desde el 1\u00b0 de mayo de 2024, aunque su aplicaci\u00f3n concreta comienza con esta reciente formalizaci\u00f3n. Adem\u00e1s, el acuerdo contempla un esquema de reciprocidad: los ciudadanos argentinos que residan en Israel podr\u00e1n acceder en ese pa\u00eds a beneficios similares.<\/p>\n\n\n\n<figure class=\"wp-block-image size-large\"><img loading=\"lazy\" decoding=\"async\" width=\"211\" height=\"300\" src=\"https:\/\/www.enorsai.com\/noticias\/wp-content\/uploads\/2025\/06\/10001480792266895289606651049-211x300.jpg\" alt=\"\" class=\"wp-image-5204\" srcset=\"https:\/\/www.enorsai.com\/noticias\/wp-content\/uploads\/2025\/06\/10001480792266895289606651049-211x300.jpg 211w, https:\/\/www.enorsai.com\/noticias\/wp-content\/uploads\/2025\/06\/10001480792266895289606651049.jpg 540w\" sizes=\"auto, (max-width: 211px) 100vw, 211px\" \/><\/figure>\n\n\n\n<p><strong>Indignaci\u00f3n en redes y cr\u00edticas en aumento<\/strong><\/p>\n\n\n\n<p>La publicaci\u00f3n del acuerdo desat\u00f3 una ola de indignaci\u00f3n en redes sociales, donde muchos usuarios cuestionaron la contradicci\u00f3n entre los recortes al pueblo argentino y la expansi\u00f3n de beneficios para extranjeros. \u201cCongelan las jubilaciones, vetan aumentos para estatales, vac\u00edan el Garrahan, pero destinan recursos a sostener asignaciones sociales para ciudadanos de otro pa\u00eds\u201d, resumi\u00f3 un usuario en X (ex Twitter), sintetizando el malestar generalizado.<\/p>\n\n\n\n<p>La noticia se conoce en medio de un deterioro acelerado de las condiciones de vida: el poder adquisitivo de los jubilados ha ca\u00eddo estrepitosamente desde diciembre de 2023, la inflaci\u00f3n no cede y el Gobierno vet\u00f3 recientemente una ley que otorgaba aumentos autom\u00e1ticos a los haberes previsionales. En ese contexto, el convenio con Israel aparece como una muestra m\u00e1s del sesgo ideol\u00f3gico y geopol\u00edtico de la gesti\u00f3n de Milei, que prioriza los lazos internacionales antes que las necesidades b\u00e1sicas de su propio pueblo.<\/p>\n\n\n\n<p><strong>\u00bfCoherencia doctrinaria o contradicci\u00f3n ideol\u00f3gica?<\/strong><\/p>\n\n\n\n<p>El Gobierno libertario que promueve el achicamiento del Estado y el fin de los privilegios, lejos de reducir el gasto p\u00fablico en todos los frentes, parece administrarlo con criterios selectivos. El convenio con Israel revela una l\u00f3gica donde se eliminan derechos para los argentinos pero se sostienen beneficios para ciudadanos de otros pa\u00edses, siempre y cuando coincidan con los aliados estrat\u00e9gicos del oficialismo.<\/p>\n\n\n\n<p>La medida tambi\u00e9n puede leerse como un gesto pol\u00edtico hacia Tel Aviv, en sinton\u00eda con las manifestaciones p\u00fablicas de admiraci\u00f3n de Milei hacia el Estado de Israel y su pol\u00edtica exterior. Sin embargo, m\u00e1s all\u00e1 de los alineamientos diplom\u00e1ticos, la pregunta que resuena es: \u00bfpor qu\u00e9 en plena emergencia econ\u00f3mica y con un Estado que \u201cno hay plata\u201d para los argentinos, s\u00ed hay fondos para financiar prestaciones a ciudadanos extranjeros?<\/p>\n\n\n\n<p><strong>Conclusi\u00f3n: el ajuste como decisi\u00f3n pol\u00edtica<\/strong><\/p>\n\n\n\n<p>El convenio con Israel no es un hecho aislado, sino parte de una pol\u00edtica p\u00fablica que revela la verdadera escala de prioridades del Gobierno de La Libertad Avanza. Mientras se castiga a jubilados, trabajadores y ni\u00f1os argentinos, el Estado contin\u00faa operando con una l\u00f3gica de privilegios y beneficios para sectores determinados, aun cuando eso implique profundizar las desigualdades internas.<\/p>\n\n\n\n<p>En un pa\u00eds donde el 60% de los chicos es pobre y donde el sistema de salud y educaci\u00f3n p\u00fablica est\u00e1n al borde del colapso por falta de presupuesto, decisiones como esta alimentan una sensaci\u00f3n de injusticia y de traici\u00f3n al mandato de cuidar a quienes m\u00e1s lo necesitan. El ajuste, queda claro una vez m\u00e1s, no es t\u00e9cnico: es pol\u00edtico. Y tambi\u00e9n profundamente ideol\u00f3gico.<\/p>\n\n\n\n<p>Fuente:<\/p>\n\n\n\n<ul class=\"wp-block-list\">\n<li>https:\/\/www.facebook.com\/100064471491195\/posts\/pfbid04f1a7JVrdmA4TfhLPwjojiSstVdCdPbcoqpRWJi2ycz48fn3HFr7NwUCYD57J6ZQl\/<\/li>\n<\/ul>\n","protected":false},"excerpt":{"rendered":"<p>Mientras se recortan jubilaciones y se congelan salarios p\u00fablicos, el Gobierno de Javier Milei habilita beneficios sociales para ciudadanos israel\u00edes residentes en Argentina. La medida fue publicada en el Bolet\u00edn Oficial y ya rige desde mayo de 2024. En plena crisis econ\u00f3mica y bajo un r\u00e9gimen de ajuste que afecta a los sectores m\u00e1s vulnerables,&#8230;<\/p>\n","protected":false},"author":1,"featured_media":5203,"comment_status":"open","ping_status":"open","sticky":false,"template":"","format":"standard","meta":{"_monsterinsights_skip_tracking":false,"_monsterinsights_sitenote_active":false,"_monsterinsights_sitenote_note":"","_monsterinsights_sitenote_category":0,"footnotes":"","jetpack_publicize_message":"","jetpack_publicize_feature_enabled":true,"jetpack_social_post_already_shared":true,"jetpack_social_options":{"image_generator_settings":{"template":"highway","default_image_id":0,"font":"","enabled":false},"version":2}},"categories":[2],"tags":[],"class_list":["post-5205","post","type-post","status-publish","format-standard","has-post-thumbnail","hentry","category-politica"],"jetpack_publicize_connections":[],"_links":{"self":[{"href":"https:\/\/www.enorsai.com\/noticias\/wp-json\/wp\/v2\/posts\/5205","targetHints":{"allow":["GET"]}}],"collection":[{"href":"https:\/\/www.enorsai.com\/noticias\/wp-json\/wp\/v2\/posts"}],"about":[{"href":"https:\/\/www.enorsai.com\/noticias\/wp-json\/wp\/v2\/types\/post"}],"author":[{"embeddable":true,"href":"https:\/\/www.enorsai.com\/noticias\/wp-json\/wp\/v2\/users\/1"}],"replies":[{"embeddable":true,"href":"https:\/\/www.enorsai.com\/noticias\/wp-json\/wp\/v2\/comments?post=5205"}],"version-history":[{"count":2,"href":"https:\/\/www.enorsai.com\/noticias\/wp-json\/wp\/v2\/posts\/5205\/revisions"}],"predecessor-version":[{"id":5309,"href":"https:\/\/www.enorsai.com\/noticias\/wp-json\/wp\/v2\/posts\/5205\/revisions\/5309"}],"wp:featuredmedia":[{"embeddable":true,"href":"https:\/\/www.enorsai.com\/noticias\/wp-json\/wp\/v2\/media\/5203"}],"wp:attachment":[{"href":"https:\/\/www.enorsai.com\/noticias\/wp-json\/wp\/v2\/media?parent=5205"}],"wp:term":[{"taxonomy":"category","embeddable":true,"href":"https:\/\/www.enorsai.com\/noticias\/wp-json\/wp\/v2\/categories?post=5205"},{"taxonomy":"post_tag","embeddable":true,"href":"https:\/\/www.enorsai.com\/noticias\/wp-json\/wp\/v2\/tags?post=5205"}],"curies":[{"name":"wp","href":"https:\/\/api.w.org\/{rel}","templated":true}]}}