{"id":5196,"date":"2025-06-14T20:52:54","date_gmt":"2025-06-14T23:52:54","guid":{"rendered":"http:\/\/www.enorsai.com\/noticias\/?p=5196"},"modified":"2025-06-14T21:28:41","modified_gmt":"2025-06-15T00:28:41","slug":"grabois-ofelia-y-una-caravana-bajo-la-lluvia-la-militancia-copo-parque-lezama-y-saludaron-a-cfk-en-una-tarde-llena-de-epica-peronista","status":"publish","type":"post","link":"https:\/\/www.enorsai.com\/noticias\/politica\/grabois-ofelia-y-una-caravana-bajo-la-lluvia-la-militancia-copo-parque-lezama-y-saludaron-a-cfk-en-una-tarde-llena-de-epica-peronista\/","title":{"rendered":"Grabois, Ofelia y una caravana bajo la lluvia: la militancia cop\u00f3 Parque Lezama y saludaron a CFK en una tarde llena de \u00e9pica peronista"},"content":{"rendered":"\n<p>Desde la convocatoria en Parque Lezama hasta la llegada a la casa de Cristina Fern\u00e1ndez de Kirchner, la jornada del 14 de junio dej\u00f3 im\u00e1genes imborrables para el archivo emocional del movimiento popular. Con la presencia de Juan Grabois y Ofelia Fern\u00e1ndez, militantes de la agrupaci\u00f3n Argentina Humana se concentraron este s\u00e1bado en Parque Lezama para luego marchar en caravana hasta la casa de la ex presidenta. Cristina salud\u00f3 desde el balc\u00f3n, en un gesto que desat\u00f3 una ovaci\u00f3n bajo la persistente llovizna.<\/p>\n\n\n\n<p><\/p>\n\n\n\n<h3 class=\"wp-block-heading\"><strong>Una marea militante desbord\u00f3 Parque Lezama y Retiro: una jornada de unidad, identidad y futuro<\/strong><\/h3>\n\n\n\n<p>En medio de un contexto social y pol\u00edtico cargado de tensiones, ajuste y ofensiva judicial contra el movimiento popular, la militancia peronista volvi\u00f3 a las calles. Este <strong>s\u00e1bado 14 de junio de 2025<\/strong>, desde las <strong>15 horas<\/strong>, el <strong>Parque Lezama<\/strong> fue escenario de un emotivo encuentro convocado por la agrupaci\u00f3n <strong>Argentina Humana<\/strong>, encabezado por <strong>Juan Grabois<\/strong> y la legisladora porte\u00f1a <strong>Ofelia Fern\u00e1ndez<\/strong>.<\/p>\n\n\n\n<p>Pese a la lluvia y el fr\u00edo invernal, cientos de militantes colmaron el parque con banderas, bombos y m\u00edstica. El acto sirvi\u00f3 no solo como expresi\u00f3n de resistencia frente al gobierno neoliberal, sino tambi\u00e9n como espacio de reafirmaci\u00f3n pol\u00edtica, identidad colectiva y compromiso con la historia.<\/p>\n\n\n\n<p>En sus intervenciones, tanto Grabois como Fern\u00e1ndez hicieron \u00e9nfasis en <strong>la necesidad de reorganizar el campo popular desde abajo<\/strong>, reconectar con los sectores m\u00e1s humildes, y construir una nueva etapa de lucha que recupere el protagonismo de los j\u00f3venes, las mujeres y las organizaciones de base. En un discurso cargado de contenido social y con fuertes cr\u00edticas al modelo econ\u00f3mico vigente, Grabois remarc\u00f3: <em>\u201cNos quieren solos, divididos, resignados. Y ac\u00e1 estamos: juntos, organizados y decididos a pelearla. Porque con hambre no hay libertad, y sin justicia social no hay patria\u201d.<\/em><\/p>\n\n\n\n<p>Adem\u00e1s,\u00a0 agreg\u00f3 que \u00abhay que estar dispuestos a dar la vida por nuestra compa\u00f1era. Llueva o truene la consigna es LUCHAR, LUCHAR, LUCHAR Y NO LLORAR\u00bb<\/p>\n\n\n\n<p>Por su parte, Ofelia Fern\u00e1ndez convoc\u00f3 a <strong>\u00abno dejarse desalentar\u00bb<\/strong> y record\u00f3 que \u201cla historia del peronismo est\u00e1 tejida de estas tardes: de lluvia, de lucha y de amor\u201d.<\/p>\n\n\n\n<figure class=\"wp-block-video alignleft\"><video height=\"848\" style=\"aspect-ratio: 480 \/ 848;\" width=\"480\" controls src=\"https:\/\/www.enorsai.com\/noticias\/wp-content\/uploads\/2025\/06\/WhatsApp-Video-2025-06-14-at-17.19.40.mp4\"><\/video><\/figure>\n\n\n\n<h3 class=\"wp-block-heading\"><strong>De Lezama a Recoleta: la caravana del pueblo hacia su l\u00edder<\/strong><\/h3>\n\n\n\n<p>Luego del acto, los presentes partieron en <strong>caravana militante hacia la casa de Cristina Fern\u00e1ndez de Kirchner<\/strong>, ubicada <strong>en San Jos\u00e9 y Humberto Primo, en el barrio porte\u00f1o de Constituci\u00f3n.<\/strong> La escena evoc\u00f3 aquellas movilizaciones de 2022, cuando la militancia se congregaba para custodiar y abrazar a la vicepresidenta frente a los ataques judiciales y medi\u00e1ticos.<\/p>\n\n\n\n<p>Esta vez, no hubo amenazas ni operativo policial desmesurado: lo que hubo fue <strong>una demostraci\u00f3n de lealtad pol\u00edtica<\/strong> y de afecto genuino. Bajo paraguas, con camperas empapadas y cantos que no se apagaban, la multitud lleg\u00f3 hasta la residencia donde vive la ex presidenta.<\/p>\n\n\n\n<p>La postal que coron\u00f3 la jornada fue la <strong>salida de Cristina al balc\u00f3n<\/strong>, luego de que Juan Grabois ingresara a la casa y fuera recibido por ella. Minutos despu\u00e9s, <strong>la ex mandataria se asom\u00f3 al balc\u00f3n<\/strong>, levant\u00f3 la mano, sonri\u00f3, y salud\u00f3 a los presentes que respondieron con c\u00e1nticos, aplausos y l\u00e1grimas. Fue un instante breve, pero poderoso: una Cristina presente, cercana, viva en el coraz\u00f3n de su pueblo.<\/p>\n\n\n\n<figure class=\"wp-block-video alignright\"><video height=\"850\" style=\"aspect-ratio: 478 \/ 850;\" width=\"478\" controls src=\"https:\/\/www.enorsai.com\/noticias\/wp-content\/uploads\/2025\/06\/WhatsApp-Video-2025-06-14-at-20.41.29.mp4\"><\/video><\/figure>\n\n\n\n<h3 class=\"wp-block-heading\"><strong>Una \u00e9pica que no se rinde<\/strong><\/h3>\n\n\n\n<p>En tiempos de desencanto y agresiones institucionales, <strong>la militancia volvi\u00f3 a decir presente<\/strong>. Lo hizo bajo el agua, con el coraz\u00f3n en alto, abrazando su historia y proyectando un futuro distinto al que propone el ajuste y la exclusi\u00f3n.<\/p>\n\n\n\n<p>Esta jornada no fue simplemente una actividad pol\u00edtica: fue un acto de reafirmaci\u00f3n identitaria, un gesto de amor colectivo y una postal imborrable para los que siguen creyendo en que la pol\u00edtica, cuando es hecha desde el pueblo, puede cambiar la historia.<\/p>\n\n\n\n<p>Porque como dijo una vez Cristina, <strong>\u201cla Patria es el otro\u201d<\/strong>. Y el otro, hoy, estuvo en la calle.<\/p>\n","protected":false},"excerpt":{"rendered":"<p>Desde la convocatoria en Parque Lezama hasta la llegada a la casa de Cristina Fern\u00e1ndez de Kirchner, la jornada del 14 de junio dej\u00f3 im\u00e1genes imborrables para el archivo emocional del movimiento popular. Con la presencia de Juan Grabois y Ofelia Fern\u00e1ndez, militantes de la agrupaci\u00f3n Argentina Humana se concentraron este s\u00e1bado en Parque Lezama&#8230;<\/p>\n","protected":false},"author":1,"featured_media":5199,"comment_status":"open","ping_status":"open","sticky":false,"template":"","format":"standard","meta":{"_monsterinsights_skip_tracking":false,"_monsterinsights_sitenote_active":false,"_monsterinsights_sitenote_note":"","_monsterinsights_sitenote_category":0,"footnotes":"","jetpack_publicize_message":"","jetpack_publicize_feature_enabled":true,"jetpack_social_post_already_shared":true,"jetpack_social_options":{"image_generator_settings":{"template":"highway","default_image_id":0,"font":"","enabled":false},"version":2}},"categories":[2],"tags":[],"class_list":["post-5196","post","type-post","status-publish","format-standard","has-post-thumbnail","hentry","category-politica"],"jetpack_publicize_connections":[],"_links":{"self":[{"href":"https:\/\/www.enorsai.com\/noticias\/wp-json\/wp\/v2\/posts\/5196","targetHints":{"allow":["GET"]}}],"collection":[{"href":"https:\/\/www.enorsai.com\/noticias\/wp-json\/wp\/v2\/posts"}],"about":[{"href":"https:\/\/www.enorsai.com\/noticias\/wp-json\/wp\/v2\/types\/post"}],"author":[{"embeddable":true,"href":"https:\/\/www.enorsai.com\/noticias\/wp-json\/wp\/v2\/users\/1"}],"replies":[{"embeddable":true,"href":"https:\/\/www.enorsai.com\/noticias\/wp-json\/wp\/v2\/comments?post=5196"}],"version-history":[{"count":3,"href":"https:\/\/www.enorsai.com\/noticias\/wp-json\/wp\/v2\/posts\/5196\/revisions"}],"predecessor-version":[{"id":5202,"href":"https:\/\/www.enorsai.com\/noticias\/wp-json\/wp\/v2\/posts\/5196\/revisions\/5202"}],"wp:featuredmedia":[{"embeddable":true,"href":"https:\/\/www.enorsai.com\/noticias\/wp-json\/wp\/v2\/media\/5199"}],"wp:attachment":[{"href":"https:\/\/www.enorsai.com\/noticias\/wp-json\/wp\/v2\/media?parent=5196"}],"wp:term":[{"taxonomy":"category","embeddable":true,"href":"https:\/\/www.enorsai.com\/noticias\/wp-json\/wp\/v2\/categories?post=5196"},{"taxonomy":"post_tag","embeddable":true,"href":"https:\/\/www.enorsai.com\/noticias\/wp-json\/wp\/v2\/tags?post=5196"}],"curies":[{"name":"wp","href":"https:\/\/api.w.org\/{rel}","templated":true}]}}