{"id":5191,"date":"2025-06-14T19:09:17","date_gmt":"2025-06-14T22:09:17","guid":{"rendered":"http:\/\/www.enorsai.com\/noticias\/?p=5191"},"modified":"2025-06-14T19:15:28","modified_gmt":"2025-06-14T22:15:28","slug":"santa-fe-se-hipoteca-pullaro-y-el-endeudamiento-que-huele-a-remate","status":"publish","type":"post","link":"https:\/\/www.enorsai.com\/noticias\/politica\/santa-fe-se-hipoteca-pullaro-y-el-endeudamiento-que-huele-a-remate\/","title":{"rendered":"Santa Fe se hipoteca: Pullaro y el endeudamiento que huele a remate"},"content":{"rendered":"\n<p>Con una ajustada votaci\u00f3n legislativa, el gobernador Maximiliano Pullaro consigui\u00f3 luz verde para endeudar a la provincia por 1.150 millones de d\u00f3lares. En nombre de la \u201cobra p\u00fablica\u201d, se abre una puerta peligrosa a la l\u00f3gica de endeudamiento externo que ya ha fracasado antes.<\/p>\n\n\n\n<p><br>Mientras la provincia de Santa Fe enfrenta recortes de Naci\u00f3n y ca\u00edda de recaudaci\u00f3n, el gobierno de Maximiliano Pullaro decide lanzarse al abismo de Wall Street con un endeudamiento hist\u00f3rico. \u00bfSe invierte o se vende la provincia? La oposici\u00f3n denuncia falta de transparencia, improvisaci\u00f3n y riesgo de hipotecar el futuro santafesino.<\/p>\n\n\n\n<p>En una Argentina en crisis, endeudarse no es una decisi\u00f3n neutra. Es una jugada con consecuencias estructurales que trascienden a quienes firman los papeles. Y sin embargo, el gobernador de Santa Fe, Maximiliano Pullaro, decidi\u00f3 avanzar con una de las operaciones financieras m\u00e1s audaces \u2014y peligrosas\u2014 en la historia reciente de la provincia: endeudarse en 1.150 millones de d\u00f3lares, nada menos que en los mercados internacionales. Una cifra que pone a Santa Fe en el radar de Wall Street y, al mismo tiempo, en la cuerda floja del futuro.<\/p>\n\n\n\n<p>La Legislatura santafesina aprob\u00f3, con una mayor\u00eda ajustada y no sin pol\u00e9mica, el permiso para que Pullaro negocie este cr\u00e9dito con aroma a concesi\u00f3n encubierta. El Ejecutivo asegura que los fondos ser\u00e1n destinados a \u201cobra p\u00fablica\u201d, ese comod\u00edn discursivo que lo justifica todo. Sin embargo, la oposici\u00f3n denunci\u00f3 falta de planificaci\u00f3n, ausencia de detalles concretos y la utilizaci\u00f3n de la deuda como herramienta pol\u00edtica m\u00e1s que como soluci\u00f3n econ\u00f3mica.<\/p>\n\n\n\n<p>La pregunta que sobrevuela a toda esta movida es inquietante: \u00bfSanta Fe se pone en venta?<\/p>\n\n\n\n<h3 class=\"wp-block-heading\">El silencio ruidoso de los detalles<\/h3>\n\n\n\n<p>Omar Perotti, antecesor de Pullaro, lo dijo sin rodeos: \u201cNo hay plan, no hay cronograma, no hay transparencia\u201d. Sus palabras resonaron como un eco inc\u00f3modo en el recinto legislativo. \u201cSanta Fe no recauda d\u00f3lares, pero deber\u00e1 pagar en d\u00f3lares\u201d, advirti\u00f3 con l\u00f3gica aplastante, subrayando que la provincia est\u00e1 contrayendo una deuda impagable en la moneda que no genera.<\/p>\n\n\n\n<p>Y no est\u00e1 solo en su preocupaci\u00f3n. Desde su banca, Marcos Corach expuso que se est\u00e1 adquiriendo deuda con tasas superiores al 10% y sin una estructura clara de repago. \u201cEs un desprop\u00f3sito\u201d, sentenci\u00f3. No es solo una cuesti\u00f3n financiera: es un problema pol\u00edtico, institucional y \u00e9tico.<\/p>\n\n\n\n<p>Este no es un financiamiento basado en necesidades espec\u00edficas y bien evaluadas. Es una operaci\u00f3n armada con urgencia, aprovechando la ventana de disponibilidad financiera que, seg\u00fan argumenta el ministro de Econom\u00eda Pablo Olivares, se cerrar\u00eda con el verano boreal. Como si los intereses del pueblo santafesino estuvieran subordinados al calendario de vacaciones de Wall Street.<\/p>\n\n\n\n<h3 class=\"wp-block-heading\">Una maniobra de alto riesgo<\/h3>\n\n\n\n<p>Las cifras asustan. El endeudamiento autorizado es equivalente al 75% del presupuesto anual provincial. Nunca antes Santa Fe se hab\u00eda lanzado al mercado de capitales con semejante ambici\u00f3n. Para ponerlo en contexto, ni en los a\u00f1os m\u00e1s liberales del menemismo se dio un paso tan osado.<\/p>\n\n\n\n<p>Y sin embargo, aqu\u00ed estamos: con una provincia que ya tiene 500 millones en t\u00edtulos p\u00fablicos, otros 630 millones autorizados para infraestructura, y ahora suma 1.150 millones m\u00e1s. \u00bfD\u00f3nde est\u00e1 el l\u00edmite?<\/p>\n\n\n\n<p>Los defensores del proyecto dentro de la coalici\u00f3n oficialista intentaron calmar las aguas asegurando que se crear\u00e1 una comisi\u00f3n bicameral para monitorear la ejecuci\u00f3n del gasto. Pero incluso eso parece insuficiente. Joaqu\u00edn Blanco, legislador socialista, sali\u00f3 a justificar el endeudamiento con un reparto porcentual de los fondos que, lejos de clarificar, abre m\u00e1s interrogantes: \u00bfc\u00f3mo se controla que el 50% vaya efectivamente a infraestructura productiva? \u00bfQu\u00e9 significa en la pr\u00e1ctica que otro 25% se destine a seguridad? \u00bfD\u00f3nde est\u00e1n los proyectos, los pliegos, los tiempos?<\/p>\n\n\n\n<h3 class=\"wp-block-heading\">La l\u00f3gica del ajuste y la entrega<\/h3>\n\n\n\n<p>El contexto no es menor. Pullaro argumenta que esta operaci\u00f3n es una respuesta a la ca\u00edda de recaudaci\u00f3n y al brutal recorte de transferencias del gobierno nacional. En otras palabras, el ajuste brutal de Javier Milei fuerza a las provincias a mendigar recursos afuera, endeudarse con tasas de usura y, en \u00faltima instancia, ceder soberan\u00eda.<\/p>\n\n\n\n<p>No se trata de una provincia buscando inversiones productivas, sino de una provincia arrodillada ante el mercado porque la Naci\u00f3n le solt\u00f3 la mano. El argumento del gobierno provincial sobre la necesidad de obras para mejorar infraestructura es v\u00e1lido, s\u00ed. Pero tambi\u00e9n lo era hace un a\u00f1o. Y sin embargo, en aquel entonces el hoy gobernador Pullaro, desde su banca de diputado, exig\u00eda planes detallados a quienes pretend\u00edan endeudarse. Hoy, el libreto cambi\u00f3. La coherencia, no tanto.<\/p>\n\n\n\n<p>El gobierno libertario de Milei, que corta fondos pero exige eficiencia, empuja a las provincias a vender el alma al mejor postor. Santa Fe se convierte as\u00ed en la punta de lanza de un modelo donde el endeudamiento no es una excepci\u00f3n sino el camino natural para sostener pol\u00edticas p\u00fablicas en un contexto de desfinanciamiento. El discurso de la \u201ceficiencia fiscal\u201d se convierte en excusa para generar dependencia financiera del exterior.<\/p>\n\n\n\n<h3 class=\"wp-block-heading\">\u00bfObra p\u00fablica o trampa de deuda?<\/h3>\n\n\n\n<p>La promesa de \u201cobras p\u00fablicas\u201d suena bien. Gasoductos, rutas, energ\u00eda para polos industriales. Pero ya sabemos c\u00f3mo terminan muchas de estas historias: obras inconclusas, presupuestos que se evaporan, comisiones ocultas, repagos imposibles. El financiamiento externo en d\u00f3lares, aunque tenga \u201cmejores plazos\u201d, implica riesgos que no se compensan con buenas intenciones.<\/p>\n\n\n\n<p>Perotti lo dijo claro: \u201cLa Bolsa presta plata las 24 horas, los 365 d\u00edas del a\u00f1o. No insulten nuestra inteligencia\u201d. Nadie puede apurar decisiones estructurales por la cercan\u00eda de las vacaciones. Santa Fe no necesita cr\u00e9ditos expr\u00e9s, sino planificaci\u00f3n seria.<\/p>\n\n\n\n<p>Olivares habl\u00f3 de plazos de 7 a 10 a\u00f1os y \u201cmejores condiciones\u201d. Pero \u00bfqu\u00e9 pasar\u00e1 si hay nuevas devaluaciones? \u00bfY si la recaudaci\u00f3n cae a\u00fan m\u00e1s? \u00bfQui\u00e9n responder\u00e1 por los pagos si en 2027 gobierna otro? El endeudamiento es c\u00f3modo para quienes lo firman, pero es una carga pesada para quienes vendr\u00e1n.<\/p>\n\n\n\n<h3 class=\"wp-block-heading\">El precio de no resistir<\/h3>\n\n\n\n<p>Lo que sucede en Santa Fe puede ser el ensayo general del modelo Milei aplicado a las provincias. El retiro del Estado nacional obliga a los gobiernos locales a elegir: recortan, privatizan o se endeudan. Pullaro eligi\u00f3 endeudarse. Lo hizo r\u00e1pido, sin consensos s\u00f3lidos, y sin mostrar un plan realista.<\/p>\n\n\n\n<p>La pregunta que queda flotando es brutal pero necesaria: \u00bfcu\u00e1nto vale una provincia?<\/p>\n\n\n\n<p>Cuando los gobiernos recurren a pr\u00e9stamos millonarios en moneda extranjera sin una hoja de ruta clara, lo que ponen en juego no es solo dinero: es autonom\u00eda, es futuro, es dignidad. Hoy se habla de \u201cinfraestructura productiva\u201d. Ma\u00f1ana, de \u201creestructuraci\u00f3n de deuda\u201d. Ya hemos visto esta pel\u00edcula. Y siempre termina igual: con los mismos de siempre pagando la fiesta que nunca los invit\u00f3.<\/p>\n\n\n\n<p><\/p>\n","protected":false},"excerpt":{"rendered":"<p>Con una ajustada votaci\u00f3n legislativa, el gobernador Maximiliano Pullaro consigui\u00f3 luz verde para endeudar a la provincia por 1.150 millones de d\u00f3lares. En nombre de la \u201cobra p\u00fablica\u201d, se abre una puerta peligrosa a la l\u00f3gica de endeudamiento externo que ya ha fracasado antes. Mientras la provincia de Santa Fe enfrenta recortes de Naci\u00f3n y&#8230;<\/p>\n","protected":false},"author":1,"featured_media":5194,"comment_status":"open","ping_status":"open","sticky":false,"template":"","format":"standard","meta":{"_monsterinsights_skip_tracking":false,"_monsterinsights_sitenote_active":false,"_monsterinsights_sitenote_note":"","_monsterinsights_sitenote_category":0,"footnotes":"","jetpack_publicize_message":"","jetpack_publicize_feature_enabled":true,"jetpack_social_post_already_shared":true,"jetpack_social_options":{"image_generator_settings":{"template":"highway","default_image_id":0,"font":"","enabled":false},"version":2}},"categories":[2],"tags":[],"class_list":["post-5191","post","type-post","status-publish","format-standard","has-post-thumbnail","hentry","category-politica"],"jetpack_publicize_connections":[],"_links":{"self":[{"href":"https:\/\/www.enorsai.com\/noticias\/wp-json\/wp\/v2\/posts\/5191","targetHints":{"allow":["GET"]}}],"collection":[{"href":"https:\/\/www.enorsai.com\/noticias\/wp-json\/wp\/v2\/posts"}],"about":[{"href":"https:\/\/www.enorsai.com\/noticias\/wp-json\/wp\/v2\/types\/post"}],"author":[{"embeddable":true,"href":"https:\/\/www.enorsai.com\/noticias\/wp-json\/wp\/v2\/users\/1"}],"replies":[{"embeddable":true,"href":"https:\/\/www.enorsai.com\/noticias\/wp-json\/wp\/v2\/comments?post=5191"}],"version-history":[{"count":1,"href":"https:\/\/www.enorsai.com\/noticias\/wp-json\/wp\/v2\/posts\/5191\/revisions"}],"predecessor-version":[{"id":5195,"href":"https:\/\/www.enorsai.com\/noticias\/wp-json\/wp\/v2\/posts\/5191\/revisions\/5195"}],"wp:featuredmedia":[{"embeddable":true,"href":"https:\/\/www.enorsai.com\/noticias\/wp-json\/wp\/v2\/media\/5194"}],"wp:attachment":[{"href":"https:\/\/www.enorsai.com\/noticias\/wp-json\/wp\/v2\/media?parent=5191"}],"wp:term":[{"taxonomy":"category","embeddable":true,"href":"https:\/\/www.enorsai.com\/noticias\/wp-json\/wp\/v2\/categories?post=5191"},{"taxonomy":"post_tag","embeddable":true,"href":"https:\/\/www.enorsai.com\/noticias\/wp-json\/wp\/v2\/tags?post=5191"}],"curies":[{"name":"wp","href":"https:\/\/api.w.org\/{rel}","templated":true}]}}