{"id":5180,"date":"2025-06-13T13:40:29","date_gmt":"2025-06-13T16:40:29","guid":{"rendered":"https:\/\/www.enorsai.com\/noticias\/?p=5180"},"modified":"2025-06-13T14:56:32","modified_gmt":"2025-06-13T17:56:32","slug":"la-proscripcion-avanza-clausuraron-el-bar-un-cafe-con-peron-dejando-a-30-trabajadores-en-la-calle","status":"publish","type":"post","link":"https:\/\/www.enorsai.com\/noticias\/sociedad\/la-proscripcion-avanza-clausuraron-el-bar-un-cafe-con-peron-dejando-a-30-trabajadores-en-la-calle\/","title":{"rendered":"La proscripci\u00f3n Avanza: Clausuraron el bar Un Caf\u00e9 con Per\u00f3n dejando a 30 trabajadores en la calle"},"content":{"rendered":"\n<p><strong>En una nueva muestra del sesgo ideol\u00f3gico que atraviesa la gesti\u00f3n de Javier Milei, el Gobierno Nacional clausur\u00f3 este mi\u00e9rcoles el hist\u00f3rico Instituto Nacional Juan Domingo Per\u00f3n de Estudios e Investigaciones Hist\u00f3ricas sobre el Peronismo. <\/strong><\/p>\n\n\n\n<p>Como si no bastara con desmantelar un espacio clave para la memoria pol\u00edtica argentina, tambi\u00e9n cerr\u00f3 el bar cooperativo que funcionaba en el lugar, dejando en la calle a 30 trabajadores y trabajadoras. La medida no solo expone una l\u00f3gica de ajuste brutal, sino tambi\u00e9n una embestida simb\u00f3lica contra el legado peronista.<br><br>El operativo fue ejecutado por personal de la Agencia Gubernamental de Control (AGC), acompa\u00f1ados por efectivos de la Polic\u00eda de la Ciudad, en la tradicional esquina de Austria y Juncal, pleno barrio de Recoleta. A primera hora del d\u00eda, los empleados del caf\u00e9 cooperativo \u201cPer\u00f3n Per\u00f3n Caf\u00e9 Cultural\u201d encontraron las puertas cerradas con una faja oficial de clausura. El edificio, que desde 1994 funciona como sede del Instituto y centro de actividades culturales, qued\u00f3 bajo llave. Nadie fue notificado oficialmente. Nadie tuvo derecho a defenderse.<br><br>Clausura selectiva: una persecuci\u00f3n pol\u00edtica con forma de inspecci\u00f3n<br><br>Seg\u00fan el acta oficial, la clausura se basa en presuntas \u201cirregularidades administrativas\u201d que incluyen la falta de habilitaci\u00f3n y cuestiones de seguridad. Sin embargo, tanto empleados como referentes del Instituto se\u00f1alaron que se trata de una excusa para encubrir una decisi\u00f3n pol\u00edtica. \u201cHace meses que no nos reciben ni nos permiten renovar la documentaci\u00f3n, claramente quer\u00edan cerrar el lugar y buscaron el pretexto\u201d, afirm\u00f3 un ex trabajador de la cooperativa.<br><br>La clausura no solo afecta a los empleados del caf\u00e9, que sosten\u00edan una experiencia autogestiva con esp\u00edritu comunitario, sino tambi\u00e9n al personal del Instituto que ya hab\u00eda sido desmantelado meses atr\u00e1s, tras el recorte de fondos y la paralizaci\u00f3n de actividades. El edificio pertenece al Estado, pero su gesti\u00f3n estaba orientada por una comisi\u00f3n que inclu\u00eda representantes de distintas fuerzas pol\u00edticas, incluso sectores no peronistas. Hoy, la pluralidad fue reemplazada por el desalojo.<\/p>\n\n\n\n<figure class=\"wp-block-embed is-type-rich is-provider-twitter wp-block-embed-twitter\"><div class=\"wp-block-embed__wrapper\">\n<blockquote class=\"twitter-tweet\" data-width=\"550\" data-dnt=\"true\"><p lang=\"es\" dir=\"ltr\">\u2b55\ufe0f | \u00daLTIMO MOMENTO: A pesar de tener contrato hasta 2027 y no necesitar ni un peso del Estado, EL GOBIERNO CLAUSUR\u00d3 UN CAF\u00c9 CON PER\u00d3N.<br><br>\u203c\ufe0f Los liberales argentinos intentan borrar la memoria hist\u00f3rica del peronismo. ES UN ESC\u00c1NDALO.<br><br>\u274c LA INJUSTICIA AVANZA. <a href=\"https:\/\/t.co\/76bpr47YJV\">pic.twitter.com\/76bpr47YJV<\/a><\/p>&mdash; Diagonales (@diagonalesweb) <a href=\"https:\/\/twitter.com\/diagonalesweb\/status\/1933150725019718085?ref_src=twsrc%5Etfw\">June 12, 2025<\/a><\/blockquote><script async src=\"https:\/\/platform.twitter.com\/widgets.js\" charset=\"utf-8\"><\/script>\n<\/div><\/figure>\n\n\n\n<p><br><br>30 despedidos y una se\u00f1al al movimiento obrero<br><br>El cierre fulminante dej\u00f3 sin trabajo a 30 personas que formaban parte del bar cooperativo. \u201cNos enteramos por los medios que est\u00e1bamos clausurados. Nadie nos notific\u00f3 nada, fue todo muy violento\u201d, declar\u00f3 una de las trabajadoras despedidas. El caf\u00e9, que hab\u00eda ganado popularidad por su ambiente cultural y su men\u00fa con referencias al peronismo (desde una milanesa \u00abEvita\u00bb hasta tragos con nombres de dirigentes hist\u00f3ricos), era tambi\u00e9n un punto de encuentro para la militancia, artistas, turistas y vecinos del barrio.<br><br>La persecuci\u00f3n a los s\u00edmbolos del peronismo, lejos de limitarse a lo discursivo, se materializa ahora en decisiones concretas: cierre de institutos, despidos, desmontes de pol\u00edticas p\u00fablicas y un claro objetivo de borrar la identidad popular del espacio p\u00fablico. En este contexto, la clausura del bar no es un hecho aislado, sino parte de un plan sistem\u00e1tico que busca arrasar con todo lo que huela a justicia social, soberan\u00eda nacional o derechos laborales.<br><br>De la motosierra al museo: Milei va por todo<br><br>Desde su asunci\u00f3n, Javier Milei ha desplegado una narrativa de \u201cguerra contra el Estado\u201d, apuntando a los organismos p\u00fablicos como bastiones del gasto in\u00fatil. Pero detr\u00e1s de ese discurso economicista, lo que se esconde es una ofensiva ideol\u00f3gica de proporciones alarmantes. La clausura del Instituto Juan Domingo Per\u00f3n es un ataque directo al coraz\u00f3n simb\u00f3lico de una de las corrientes pol\u00edticas m\u00e1s importantes de la historia argentina. Ya no se trata solo de cerrar ministerios o ajustar presupuestos: se trata de borrar la memoria, la cultura y las ra\u00edces de un movimiento que encarna a millones de argentinos.<br><br>La decisi\u00f3n fue celebrada en redes sociales por sectores libertarios y del PRO, que la presentaron como un gesto de \u201climpieza institucional\u201d. En paralelo, dirigentes peronistas, sindicatos y organizaciones sociales denunciaron la medida como un acto de persecuci\u00f3n pol\u00edtica. \u201cClausurar el Instituto Per\u00f3n no es eficiencia, es odio de clase\u201d, expres\u00f3 un legislador de Uni\u00f3n por la Patria.<\/p>\n\n\n\n<figure class=\"wp-block-embed is-type-rich is-provider-twitter wp-block-embed-twitter\"><div class=\"wp-block-embed__wrapper\">\n<blockquote class=\"twitter-tweet\" data-width=\"550\" data-dnt=\"true\"><p lang=\"es\" dir=\"ltr\">Seguridad jur\u00eddica para pocos.<br><br>Dentro de la Ley Todo&#8230; menos un contrato de dos a\u00f1os que tienen los trabajadores de la cooperativa &quot;Un caf\u00e9 con Per\u00f3n&quot;. <a href=\"https:\/\/t.co\/YSnWm2KQ2S\">pic.twitter.com\/YSnWm2KQ2S<\/a><\/p>&mdash; Fabian Waldman \u2b50\ufe0f\u2b50\ufe0f\u2b50\ufe0f (@FabianWaldman) <a href=\"https:\/\/twitter.com\/FabianWaldman\/status\/1932078746690875472?ref_src=twsrc%5Etfw\">June 9, 2025<\/a><\/blockquote><script async src=\"https:\/\/platform.twitter.com\/widgets.js\" charset=\"utf-8\"><\/script>\n<\/div><\/figure>\n\n\n\n<p><br><br>Resistencia cultural y pol\u00edtica<br><br>Lejos de resignarse, los trabajadores y trabajadoras del caf\u00e9 cooperativo y ex miembros del Instituto ya organizan actividades de visibilizaci\u00f3n y reclamo. Se convocaron marchas, radios abiertas y festivales culturales para denunciar lo ocurrido y exigir la reapertura del espacio. Tambi\u00e9n se iniciaron acciones legales para impugnar la clausura y solicitar la reincorporaci\u00f3n de los despedidos.<br><br>En tiempos donde se celebran los recortes y se persigue la historia, defender cada trinchera cultural se vuelve un acto de resistencia. El cierre del Instituto Per\u00f3n y su caf\u00e9 no es solo un cap\u00edtulo m\u00e1s del ajuste: es una advertencia sobre el modelo de pa\u00eds que propone el actual gobierno. Uno sin memoria, sin trabajadores organizados, y sin espacios donde pensar y construir colectivamente.<br><br>Fuentes:<\/p>\n\n\n\n<ul class=\"wp-block-list\">\n<li>https:\/\/www.dataclave.com.ar\/poder\/clausuran-el-instituto-peron-y-despiden-a-30-empleados-del-bar-cooperativo-en-pleno-recoleta_a684afd830c406ff13a8d55e7<\/li>\n\n\n\n<li>https:\/\/www.pagina12.com.ar\/833400-tras-la-polemica-el-gobierno-clausuro-un-cafe-con-peron<\/li>\n\n\n\n<li>https:\/\/www.infobae.com\/politica\/2025\/06\/12\/clausuraron-el-restaurante-que-funcionaba-en-el-instituto-juan-domingo-peron-tras-el-cierre-del-organismo\/<\/li>\n<\/ul>\n","protected":false},"excerpt":{"rendered":"<p>En una nueva muestra del sesgo ideol\u00f3gico que atraviesa la gesti\u00f3n de Javier Milei, el Gobierno Nacional clausur\u00f3 este mi\u00e9rcoles el hist\u00f3rico Instituto Nacional Juan Domingo Per\u00f3n de Estudios e Investigaciones Hist\u00f3ricas sobre el Peronismo. Como si no bastara con desmantelar un espacio clave para la memoria pol\u00edtica argentina, tambi\u00e9n cerr\u00f3 el bar cooperativo que&#8230;<\/p>\n","protected":false},"author":1,"featured_media":5181,"comment_status":"open","ping_status":"open","sticky":false,"template":"","format":"standard","meta":{"_monsterinsights_skip_tracking":false,"_monsterinsights_sitenote_active":false,"_monsterinsights_sitenote_note":"","_monsterinsights_sitenote_category":0,"footnotes":"","jetpack_publicize_message":"","jetpack_publicize_feature_enabled":true,"jetpack_social_post_already_shared":true,"jetpack_social_options":{"image_generator_settings":{"template":"highway","default_image_id":0,"font":"","enabled":false},"version":2}},"categories":[4],"tags":[],"class_list":["post-5180","post","type-post","status-publish","format-standard","has-post-thumbnail","hentry","category-sociedad"],"jetpack_publicize_connections":[],"_links":{"self":[{"href":"https:\/\/www.enorsai.com\/noticias\/wp-json\/wp\/v2\/posts\/5180","targetHints":{"allow":["GET"]}}],"collection":[{"href":"https:\/\/www.enorsai.com\/noticias\/wp-json\/wp\/v2\/posts"}],"about":[{"href":"https:\/\/www.enorsai.com\/noticias\/wp-json\/wp\/v2\/types\/post"}],"author":[{"embeddable":true,"href":"https:\/\/www.enorsai.com\/noticias\/wp-json\/wp\/v2\/users\/1"}],"replies":[{"embeddable":true,"href":"https:\/\/www.enorsai.com\/noticias\/wp-json\/wp\/v2\/comments?post=5180"}],"version-history":[{"count":1,"href":"https:\/\/www.enorsai.com\/noticias\/wp-json\/wp\/v2\/posts\/5180\/revisions"}],"predecessor-version":[{"id":5182,"href":"https:\/\/www.enorsai.com\/noticias\/wp-json\/wp\/v2\/posts\/5180\/revisions\/5182"}],"wp:featuredmedia":[{"embeddable":true,"href":"https:\/\/www.enorsai.com\/noticias\/wp-json\/wp\/v2\/media\/5181"}],"wp:attachment":[{"href":"https:\/\/www.enorsai.com\/noticias\/wp-json\/wp\/v2\/media?parent=5180"}],"wp:term":[{"taxonomy":"category","embeddable":true,"href":"https:\/\/www.enorsai.com\/noticias\/wp-json\/wp\/v2\/categories?post=5180"},{"taxonomy":"post_tag","embeddable":true,"href":"https:\/\/www.enorsai.com\/noticias\/wp-json\/wp\/v2\/tags?post=5180"}],"curies":[{"name":"wp","href":"https:\/\/api.w.org\/{rel}","templated":true}]}}