{"id":5175,"date":"2025-06-13T12:51:41","date_gmt":"2025-06-13T15:51:41","guid":{"rendered":"http:\/\/www.enorsai.com\/noticias\/?p=5175"},"modified":"2025-06-13T12:51:41","modified_gmt":"2025-06-13T15:51:41","slug":"docentes-de-la-unsam-repudian-el-fallo-contra-cristina-kirchner-es-proscripcion-politica-y-una-amenaza-a-la-democracia","status":"publish","type":"post","link":"https:\/\/www.enorsai.com\/noticias\/uncategorized\/docentes-de-la-unsam-repudian-el-fallo-contra-cristina-kirchner-es-proscripcion-politica-y-una-amenaza-a-la-democracia\/","title":{"rendered":"Docentes de la UNSAM repudian el fallo contra Cristina Kirchner: \u201cEs proscripci\u00f3n pol\u00edtica y una amenaza a la democracia\u201d"},"content":{"rendered":"\n<p>Docentes de la Licenciatura en M\u00fasica Argentina de la Escuela de Arte y Patrimonio de la Universidad Nacional de San Mart\u00edn (UNSAM) manifestaron su \u201cprofunda preocupaci\u00f3n y rechazo\u201d ante la condena ratificada por la Corte Suprema contra la ex presidenta Cristina Fern\u00e1ndez de Kirchner. En un comunicado difundido este 10 de junio, se\u00f1alaron que el fallo judicial \u201cvulnera principios elementales del Estado de Derecho\u201d y constituye un acto de proscripci\u00f3n pol\u00edtica en plena antesala electoral.<\/p>\n\n\n\n<p>\u201cSe trata de un fallo que, lejos de aportar justicia, consolida un uso arbitrario del aparato judicial para intervenir en la din\u00e1mica pol\u00edtica y condicionar el voto popular\u201d, advirtieron los y las docentes, quienes no dudaron en calificar la sentencia como un caso de <em>lawfare<\/em> con profundas consecuencias para el sistema democr\u00e1tico.<\/p>\n\n\n\n<h3 class=\"wp-block-heading\"><strong>Una justicia instrumentalizada para disciplinar la pol\u00edtica<\/strong><\/h3>\n\n\n\n<p>El comunicado denuncia que la causa contra la ex mandataria \u201ccarece de pruebas concluyentes\u201d y estuvo plagada de \u201cirregularidades\u201d, lo que pone en duda la legitimidad del proceso y deja al descubierto una pr\u00e1ctica que ya se ha visto en otros pa\u00edses de Am\u00e9rica Latina: el uso del Poder Judicial como herramienta de disciplinamiento pol\u00edtico.<\/p>\n\n\n\n<p>\u201cTal como ocurri\u00f3 en otros pa\u00edses de la regi\u00f3n, asistimos en nuestro pa\u00eds a una alarmante instrumentalizaci\u00f3n del poder judicial, con consecuencias grav\u00edsimas para el funcionamiento de la institucionalidad democr\u00e1tica\u201d, advierten.<\/p>\n\n\n\n<p>La condena, seg\u00fan los docentes, no solo atenta contra los derechos pol\u00edticos de una dirigente en particular, sino que representa un retroceso institucional y un peligro latente para cualquier actor pol\u00edtico que no se alinee con los intereses del poder econ\u00f3mico concentrado.<\/p>\n\n\n\n<h3 class=\"wp-block-heading\"><strong>El rol de la universidad: formar ciudadan\u00eda cr\u00edtica y defender la justicia social<\/strong><\/h3>\n\n\n\n<p>En un contexto de creciente avance sobre los derechos, el rol de las universidades p\u00fablicas cobra mayor relevancia. En ese sentido, desde la Licenciatura en M\u00fasica Argentina de la UNSAM reivindican el compromiso de la educaci\u00f3n superior con la memoria hist\u00f3rica, la justicia social y los valores democr\u00e1ticos.<\/p>\n\n\n\n<p>\u201cComo integrantes de la comunidad universitaria, tenemos la responsabilidad de formar ciudadanos cr\u00edticos, de sostener la memoria hist\u00f3rica y de defender activamente los valores democr\u00e1ticos y la justicia social\u201d, sostienen.<\/p>\n\n\n\n<p>En ese marco, remarcan que el proyecto educativo que defienden no puede ser indiferente ante hechos de \u201cviolencia institucional\u201d como el que representa esta condena, con sus derivaciones y consecuencias perjudiciales para toda la ciudadan\u00eda.<\/p>\n\n\n\n<h3 class=\"wp-block-heading\"><strong>Un llamado a la reflexi\u00f3n y la movilizaci\u00f3n consciente<\/strong><\/h3>\n\n\n\n<p>El comunicado concluye con un llamado claro y urgente: a la reflexi\u00f3n colectiva, a la defensa activa de la democracia y a no ceder ante pr\u00e1cticas de persecuci\u00f3n pol\u00edtica que ya han demostrado su peligrosidad en la regi\u00f3n.<\/p>\n\n\n\n<p>\u201cFrente a este escenario, llamamos a la movilizaci\u00f3n pac\u00edfica y consciente, y a no ceder ante el avance de pr\u00e1cticas persecutorias que atentan contra los pilares de la democracia conquistada con lucha, compromiso y vidas\u201d, expresan.<\/p>\n\n\n\n<p>En tiempos de ofensiva judicial, ajuste econ\u00f3mico y represi\u00f3n social, las voces cr\u00edticas desde las universidades p\u00fablicas siguen levant\u00e1ndose para denunciar los atropellos institucionales y defender los principios democr\u00e1ticos que costaron d\u00e9cadas de construcci\u00f3n colectiva.<\/p>\n\n\n\n<p><strong>La Nota<\/strong><\/p>\n\n\n\n<figure class=\"wp-block-image size-large\"><img loading=\"lazy\" decoding=\"async\" width=\"704\" height=\"1024\" src=\"https:\/\/www.enorsai.com\/noticias\/wp-content\/uploads\/2025\/06\/UNSAn-704x1024.jpeg\" alt=\"\" class=\"wp-image-5176\" srcset=\"https:\/\/www.enorsai.com\/noticias\/wp-content\/uploads\/2025\/06\/UNSAn-704x1024.jpeg 704w, https:\/\/www.enorsai.com\/noticias\/wp-content\/uploads\/2025\/06\/UNSAn-206x300.jpeg 206w, https:\/\/www.enorsai.com\/noticias\/wp-content\/uploads\/2025\/06\/UNSAn-768x1117.jpeg 768w, https:\/\/www.enorsai.com\/noticias\/wp-content\/uploads\/2025\/06\/UNSAn-1056x1536.jpeg 1056w, https:\/\/www.enorsai.com\/noticias\/wp-content\/uploads\/2025\/06\/UNSAn.jpeg 1068w\" sizes=\"auto, (max-width: 704px) 100vw, 704px\" \/><\/figure>\n","protected":false},"excerpt":{"rendered":"<p>Docentes de la Licenciatura en M\u00fasica Argentina de la Escuela de Arte y Patrimonio de la Universidad Nacional de San Mart\u00edn (UNSAM) manifestaron su \u201cprofunda preocupaci\u00f3n y rechazo\u201d ante la condena ratificada por la Corte Suprema contra la ex presidenta Cristina Fern\u00e1ndez de Kirchner. En un comunicado difundido este 10 de junio, se\u00f1alaron que el&#8230;<\/p>\n","protected":false},"author":1,"featured_media":5177,"comment_status":"open","ping_status":"open","sticky":false,"template":"","format":"standard","meta":{"_monsterinsights_skip_tracking":false,"_monsterinsights_sitenote_active":false,"_monsterinsights_sitenote_note":"","_monsterinsights_sitenote_category":0,"footnotes":"","jetpack_publicize_message":"","jetpack_publicize_feature_enabled":true,"jetpack_social_post_already_shared":true,"jetpack_social_options":{"image_generator_settings":{"template":"highway","default_image_id":0,"font":"","enabled":false},"version":2}},"categories":[1],"tags":[],"class_list":["post-5175","post","type-post","status-publish","format-standard","has-post-thumbnail","hentry","category-uncategorized"],"jetpack_publicize_connections":[],"_links":{"self":[{"href":"https:\/\/www.enorsai.com\/noticias\/wp-json\/wp\/v2\/posts\/5175","targetHints":{"allow":["GET"]}}],"collection":[{"href":"https:\/\/www.enorsai.com\/noticias\/wp-json\/wp\/v2\/posts"}],"about":[{"href":"https:\/\/www.enorsai.com\/noticias\/wp-json\/wp\/v2\/types\/post"}],"author":[{"embeddable":true,"href":"https:\/\/www.enorsai.com\/noticias\/wp-json\/wp\/v2\/users\/1"}],"replies":[{"embeddable":true,"href":"https:\/\/www.enorsai.com\/noticias\/wp-json\/wp\/v2\/comments?post=5175"}],"version-history":[{"count":1,"href":"https:\/\/www.enorsai.com\/noticias\/wp-json\/wp\/v2\/posts\/5175\/revisions"}],"predecessor-version":[{"id":5178,"href":"https:\/\/www.enorsai.com\/noticias\/wp-json\/wp\/v2\/posts\/5175\/revisions\/5178"}],"wp:featuredmedia":[{"embeddable":true,"href":"https:\/\/www.enorsai.com\/noticias\/wp-json\/wp\/v2\/media\/5177"}],"wp:attachment":[{"href":"https:\/\/www.enorsai.com\/noticias\/wp-json\/wp\/v2\/media?parent=5175"}],"wp:term":[{"taxonomy":"category","embeddable":true,"href":"https:\/\/www.enorsai.com\/noticias\/wp-json\/wp\/v2\/categories?post=5175"},{"taxonomy":"post_tag","embeddable":true,"href":"https:\/\/www.enorsai.com\/noticias\/wp-json\/wp\/v2\/tags?post=5175"}],"curies":[{"name":"wp","href":"https:\/\/api.w.org\/{rel}","templated":true}]}}