{"id":5169,"date":"2025-06-13T12:28:08","date_gmt":"2025-06-13T15:28:08","guid":{"rendered":"http:\/\/www.enorsai.com\/noticias\/?p=5169"},"modified":"2025-06-13T12:28:08","modified_gmt":"2025-06-13T15:28:08","slug":"docentes-de-la-escuela-de-danzas-jorge-donn-repudian-el-fallo-contra-cristina-fernandez-de-kirchner-es-un-ataque-directo-a-la-democracia","status":"publish","type":"post","link":"https:\/\/www.enorsai.com\/noticias\/sociedad\/docentes-de-la-escuela-de-danzas-jorge-donn-repudian-el-fallo-contra-cristina-fernandez-de-kirchner-es-un-ataque-directo-a-la-democracia\/","title":{"rendered":"Docentes de la Escuela de Danzas Jorge Donn repudian el fallo contra Cristina Fern\u00e1ndez de Kirchner: \u201cEs un ataque directo a la democracia\u201d"},"content":{"rendered":"\n<p><strong><em>En un nuevo gesto de compromiso con la educaci\u00f3n p\u00fablica y los valores democr\u00e1ticos, docentes de la Escuela Superior de Educaci\u00f3n Art\u00edstica en Danzas N\u00b02 D.E. 18 \u201cJorge Donn\u201d expresaron su en\u00e9rgico rechazo al reciente fallo de la Corte Suprema de Justicia que deja firme la condena contra la ex presidenta Cristina Fern\u00e1ndez de Kirchner. A trav\u00e9s de un comunicado difundido por su asamblea docente, denunciaron el car\u00e1cter proscriptivo y antidemocr\u00e1tico del dictamen judicial, al que calificaron como un \u201checho de extrema gravedad institucional\u201d.<\/em><\/strong><\/p>\n\n\n\n<p>\u201cComo trabajadores de la educaci\u00f3n, no podemos permanecer en silencio frente a un fallo que vulnera las garant\u00edas constitucionales y que sienta un precedente alarmante para el conjunto de la dirigencia pol\u00edtica y la sociedad\u201d, se\u00f1alaron.<\/p>\n\n\n\n<p>El pronunciamiento subraya que el fallo de la Corte \u2014emitido sin estudiar la causa y en un marco de evidente irregularidad\u2014 no solo afecta a una dirigente en particular, sino que constituye un ataque directo a los pilares del sistema democr\u00e1tico. \u201cEn clara complicidad con determinados sectores pol\u00edticos y las principales corporaciones medi\u00e1ticas y econ\u00f3micas, la Corte dictamin\u00f3 un fallo donde primaron el revanchismo pol\u00edtico, la falta de pruebas y el hostigamiento medi\u00e1tico\u201d, denunciaron.<\/p>\n\n\n\n<h3 class=\"wp-block-heading\"><strong>\u201cLa escuela no puede mirar para otro lado\u201d<\/strong><\/h3>\n\n\n\n<p>Desde la comunidad educativa del Jorge Donn, reconocida por su fuerte compromiso pedag\u00f3gico y art\u00edstico, se remarc\u00f3 la necesidad de asumir una posici\u00f3n \u00e9tica y pol\u00edtica frente a hechos que comprometen el presente y el futuro del pa\u00eds.<\/p>\n\n\n\n<p>\u201cNos formamos para promover una ense\u00f1anza democr\u00e1tica, basada en el respeto de los derechos y garant\u00edas que deben prevalecer en cualquier proceso judicial dentro del marco del Estado de Derecho\u201d, afirmaron. Para los y las docentes, el rol de la escuela es central como espacio de reflexi\u00f3n cr\u00edtica frente a las injusticias sociales, y como garante de la pluralidad de voces y la igualdad de oportunidades.<\/p>\n\n\n\n<p>\u201cEstas pr\u00e1cticas pedag\u00f3gicas, que permiten reflexionar y transformar la inequidad social, son la garant\u00eda de que podamos seguir viviendo en una sociedad cada vez m\u00e1s libre y democr\u00e1tica\u201d, destacaron.<\/p>\n\n\n\n<h3 class=\"wp-block-heading\"><strong>Un fallo en contexto: ajuste, represi\u00f3n y proscripci\u00f3n<\/strong><\/h3>\n\n\n\n<p>El documento de la asamblea docente no analiza el fallo en el vac\u00edo. Muy por el contrario, lo sit\u00faa en un contexto m\u00e1s amplio de retroceso de derechos, ajuste econ\u00f3mico, represi\u00f3n de la protesta social y persecuci\u00f3n a dirigentes opositores. \u201cEste hecho se da en un contexto de recorte de derechos para amplios sectores de la sociedad, formando parte de una pol\u00edtica excluyente que reprime y proscribe\u201d, advirtieron.<\/p>\n\n\n\n<p>En ese sentido, llamaron a toda la comunidad educativa a reflexionar sobre el rol que cumple hoy el Poder Judicial y sus v\u00ednculos con los poderes econ\u00f3micos concentrados. \u201cEste tipo de decisiones no son acordes al marco constitucional en el cual vivimos\u201d, afirmaron.<\/p>\n\n\n\n<h3 class=\"wp-block-heading\"><strong>Docencia precarizada y pol\u00edticas de ajuste<\/strong><\/h3>\n\n\n\n<p>La Asamblea de la ESEA Jorge Donn tambi\u00e9n hizo foco en las condiciones laborales del sector educativo, duramente golpeado por las pol\u00edticas del gobierno nacional. El recorte del presupuesto educativo, la eliminaci\u00f3n del Fondo Nacional de Incentivo Docente (FONID), la p\u00e9rdida de poder adquisitivo y la imposici\u00f3n de reformas inconsultas fueron algunos de los puntos se\u00f1alados como parte de una estrategia de vaciamiento del sistema p\u00fablico.<\/p>\n\n\n\n<p>\u201cLa falta de recursos, la p\u00e9rdida de poder adquisitivo, el recorte del presupuesto y la imposici\u00f3n de reformas sin consulta interfieren en nuestra tarea docente y no nos permite tener una vida digna como trabajadores\u201d, denunciaron.<\/p>\n\n\n\n<p>Adem\u00e1s, remarcaron que el intento de instalar el fallo contra Cristina Fern\u00e1ndez como eje del debate p\u00fablico busca, en realidad, desviar la atenci\u00f3n sobre una realidad econ\u00f3mica y social cr\u00edtica. \u201cNo podemos permitir que quieran esconder esta realidad con una sentencia que responde a claros intereses econ\u00f3micos y pol\u00edticos\u201d, advirtieron.<\/p>\n\n\n\n<h3 class=\"wp-block-heading\"><strong>\u201cEn defensa irrestricta de la democracia\u201d<\/strong><\/h3>\n\n\n\n<p>El pronunciamiento cierra con una consigna clara y firme: defensa irrestricta de la democracia en todas sus dimensiones. \u201cExpresamos nuestra irrestricta defensa a la democracia y su expresi\u00f3n en todas las instancias sociales\u201d, concluyeron.<\/p>\n\n\n\n<p>Desde las aulas y los espacios de creaci\u00f3n art\u00edstica, las y los docentes del Jorge Donn ratifican as\u00ed su compromiso con una educaci\u00f3n p\u00fablica cr\u00edtica, emancipadora y profundamente democr\u00e1tica. Frente al avance de la judicializaci\u00f3n de la pol\u00edtica y la criminalizaci\u00f3n de las voces opositoras, levantan su voz para denunciar una realidad que no se puede naturalizar.<\/p>\n\n\n\n<p>La Nota<\/p>\n\n\n\n<figure class=\"wp-block-image size-large\"><img loading=\"lazy\" decoding=\"async\" width=\"725\" height=\"1024\" src=\"https:\/\/www.enorsai.com\/noticias\/wp-content\/uploads\/2025\/06\/Comunicado-Docentes-Donn-Situacion-proscripcion.-1_page-0001-725x1024.jpg\" alt=\"\" class=\"wp-image-5170\" srcset=\"https:\/\/www.enorsai.com\/noticias\/wp-content\/uploads\/2025\/06\/Comunicado-Docentes-Donn-Situacion-proscripcion.-1_page-0001-725x1024.jpg 725w, https:\/\/www.enorsai.com\/noticias\/wp-content\/uploads\/2025\/06\/Comunicado-Docentes-Donn-Situacion-proscripcion.-1_page-0001-212x300.jpg 212w, https:\/\/www.enorsai.com\/noticias\/wp-content\/uploads\/2025\/06\/Comunicado-Docentes-Donn-Situacion-proscripcion.-1_page-0001-768x1085.jpg 768w, https:\/\/www.enorsai.com\/noticias\/wp-content\/uploads\/2025\/06\/Comunicado-Docentes-Donn-Situacion-proscripcion.-1_page-0001-1087x1536.jpg 1087w, https:\/\/www.enorsai.com\/noticias\/wp-content\/uploads\/2025\/06\/Comunicado-Docentes-Donn-Situacion-proscripcion.-1_page-0001.jpg 1242w\" sizes=\"auto, (max-width: 725px) 100vw, 725px\" \/><\/figure>\n\n\n\n<p><\/p>\n","protected":false},"excerpt":{"rendered":"<p>En un nuevo gesto de compromiso con la educaci\u00f3n p\u00fablica y los valores democr\u00e1ticos, docentes de la Escuela Superior de Educaci\u00f3n Art\u00edstica en Danzas N\u00b02 D.E. 18 \u201cJorge Donn\u201d expresaron su en\u00e9rgico rechazo al reciente fallo de la Corte Suprema de Justicia que deja firme la condena contra la ex presidenta Cristina Fern\u00e1ndez de Kirchner&#8230;.<\/p>\n","protected":false},"author":1,"featured_media":5174,"comment_status":"open","ping_status":"open","sticky":false,"template":"","format":"standard","meta":{"_monsterinsights_skip_tracking":false,"_monsterinsights_sitenote_active":false,"_monsterinsights_sitenote_note":"","_monsterinsights_sitenote_category":0,"footnotes":"","jetpack_publicize_message":"","jetpack_publicize_feature_enabled":true,"jetpack_social_post_already_shared":true,"jetpack_social_options":{"image_generator_settings":{"template":"highway","default_image_id":0,"font":"","enabled":false},"version":2}},"categories":[4],"tags":[276,1632],"class_list":["post-5169","post","type-post","status-publish","format-standard","has-post-thumbnail","hentry","category-sociedad","tag-educacion","tag-escuelas"],"jetpack_publicize_connections":[],"_links":{"self":[{"href":"https:\/\/www.enorsai.com\/noticias\/wp-json\/wp\/v2\/posts\/5169","targetHints":{"allow":["GET"]}}],"collection":[{"href":"https:\/\/www.enorsai.com\/noticias\/wp-json\/wp\/v2\/posts"}],"about":[{"href":"https:\/\/www.enorsai.com\/noticias\/wp-json\/wp\/v2\/types\/post"}],"author":[{"embeddable":true,"href":"https:\/\/www.enorsai.com\/noticias\/wp-json\/wp\/v2\/users\/1"}],"replies":[{"embeddable":true,"href":"https:\/\/www.enorsai.com\/noticias\/wp-json\/wp\/v2\/comments?post=5169"}],"version-history":[{"count":2,"href":"https:\/\/www.enorsai.com\/noticias\/wp-json\/wp\/v2\/posts\/5169\/revisions"}],"predecessor-version":[{"id":5173,"href":"https:\/\/www.enorsai.com\/noticias\/wp-json\/wp\/v2\/posts\/5169\/revisions\/5173"}],"wp:featuredmedia":[{"embeddable":true,"href":"https:\/\/www.enorsai.com\/noticias\/wp-json\/wp\/v2\/media\/5174"}],"wp:attachment":[{"href":"https:\/\/www.enorsai.com\/noticias\/wp-json\/wp\/v2\/media?parent=5169"}],"wp:term":[{"taxonomy":"category","embeddable":true,"href":"https:\/\/www.enorsai.com\/noticias\/wp-json\/wp\/v2\/categories?post=5169"},{"taxonomy":"post_tag","embeddable":true,"href":"https:\/\/www.enorsai.com\/noticias\/wp-json\/wp\/v2\/tags?post=5169"}],"curies":[{"name":"wp","href":"https:\/\/api.w.org\/{rel}","templated":true}]}}