{"id":5164,"date":"2025-06-13T10:14:55","date_gmt":"2025-06-13T13:14:55","guid":{"rendered":"http:\/\/www.enorsai.com\/noticias\/?p=5164"},"modified":"2025-06-13T10:20:30","modified_gmt":"2025-06-13T13:20:30","slug":"la-democracia-sitiada-detienen-a-un-militante-por-una-pintada-y-exhiben-como-prueba-una-remera-de-cristina-kirchner","status":"publish","type":"post","link":"https:\/\/www.enorsai.com\/noticias\/politica\/la-democracia-sitiada-detienen-a-un-militante-por-una-pintada-y-exhiben-como-prueba-una-remera-de-cristina-kirchner\/","title":{"rendered":"La democracia sitiada: detienen a un militante por una pintada y exhiben como prueba una remera de Cristina Kirchner"},"content":{"rendered":"\n<p><strong><em>En una muestra alarmante de criminalizaci\u00f3n de la militancia pol\u00edtica, la Justicia detuvo a un hombre por una pintada contra Rosatti. El \u201carsenal\u201d incautado: panfletos, stickers y una remera. Un caso que sienta un antecedente peligros\u00edsimo para la democracia.<\/em><\/strong><\/p>\n\n\n\n<p>En Argentina, donde la justicia deber\u00eda estar al servicio de la sociedad, no del poder, se acaba de cruzar un l\u00edmite peligroso. En Santa Fe, un hombre fue detenido por realizar una pintada contra Horacio Rosatti, presidente de la Corte Suprema, tras el fallo que confirm\u00f3 la condena a Cristina Fern\u00e1ndez de Kirchner en la causa Vialidad. El \u201csospechoso\u201d fue arrestado en su domicilio luego de un allanamiento que arroj\u00f3 pruebas tan irrisorias como escalofriantes: una remera del PJ, ocho celulares y algunos folletos con frases cr\u00edticas como \u201cproscribirla no te llena la heladera\u201d.<\/p>\n\n\n\n<p>S\u00ed, le\u00edste bien: una remera y unos papeles con consignas pol\u00edticas alcanzaron para activar el aparato judicial y reprimir una expresi\u00f3n de disidencia.<\/p>\n\n\n\n<p>Este hecho no solo es un disparate judicial, sino que se convierte en un <strong>peligroso antecedente<\/strong>, donde <strong>todos los militantes que tengan una remera, sticker o folleto del peronismo podr\u00edan ser considerados \u201csospechosos\u201d<\/strong>. La escena es grotesca: una pintada en una pared, una vecina que aporta im\u00e1genes y videos, y una Justicia Federal que responde como si estuviera desbaratando una c\u00e9lula terrorista.<\/p>\n\n\n\n<p>La pregunta es inevitable: \u00bfcu\u00e1nto falta para que repartir un volante sea considerado delito? \u00bfCu\u00e1nto para que portar una insignia partidaria amerite una requisa policial?<\/p>\n\n\n\n<p>La Justicia a cargo del juez Carlos Villafuerte Ruso y del fiscal Jorge Gustavo Onel no encontr\u00f3 en la casa del detenido ni explosivos, ni armas, ni mapas con planes siniestros. Solo encontr\u00f3 lo que cualquier militante tiene en su casa: ropa con consignas, panfletos pol\u00edticos y celulares. Pero la maquinaria judicial ya estaba en marcha y necesitaba justificar su accionar. As\u00ed, los objetos m\u00e1s comunes fueron convertidos en pruebas del \u201cdelito\u201d.<\/p>\n\n\n\n<p>Esto no es justicia, es una parodia peligrosa.<\/p>\n\n\n\n<p>Estamos frente a un Estado que empieza a tratar la militancia como sospechosa, el pensamiento cr\u00edtico como delito, y la organizaci\u00f3n pol\u00edtica como amenaza. Si tener ideas es un riesgo, y expresarlas en una pared es motivo de arresto, estamos transitando una pendiente autoritaria muy resbaladiza.<\/p>\n\n\n\n<p>Porque <strong>criminalizar la expresi\u00f3n pol\u00edtica callejera mientras se garantiza impunidad a los verdaderos delincuentes del poder econ\u00f3mico, judicial y financiero<\/strong>, no solo es injusto: es obsceno.<\/p>\n\n\n\n<p>En este contexto, el mensaje es claro y brutal: <strong>la militancia incomoda, la protesta molesta, y por eso hay que disciplinarla<\/strong>. No se trata de una pintada aislada, sino de una avanzada sistem\u00e1tica contra todo lo que huela a peronismo, a kirchnerismo, a organizaci\u00f3n popular.<\/p>\n\n\n\n<p>No hace falta estar de acuerdo con el contenido de esa pintada. Basta con defender la democracia. Porque si hoy arrestan a alguien por escribir \u201cOjo Rosatti\u201d, ma\u00f1ana pueden arrestar a cualquiera por portar un cartel en una marcha, o por cantar una consigna en la calle.<\/p>\n\n\n\n<p>La Corte Suprema deber\u00eda dar el ejemplo en defensa de los derechos civiles, no permitir \u2014ni estimular en silencio\u2014 que se usen recursos del Estado para perseguir militantes con argumentos que hacen agua por todos lados.<\/p>\n\n\n\n<p>Si tener una remera de Cristina es \u201cprueba\u201d de delito, si ocho celulares son sospechosos por s\u00ed solos, si los panfletos pol\u00edticos son incautados como si fuesen dinamita, entonces la democracia est\u00e1 siendo arrinconada por el miedo, el autoritarismo y la judicializaci\u00f3n del disenso.<\/p>\n\n\n\n<p>Y lo peor: <strong>est\u00e1n sentando jurisprudencia<\/strong>. Est\u00e1n construyendo un precedente que ma\u00f1ana podr\u00e1 ser usado contra cualquiera. Hoy es un militante en Santa Fe. Ma\u00f1ana, pod\u00e9s ser vos.<\/p>\n\n\n\n<p>Fuente:<\/p>\n\n\n\n<ul class=\"wp-block-list\">\n<li><a href=\"https:\/\/www.lanacion.com.ar\/politica\/detuvieron-a-un-sospechoso-por-la-amenaza-al-presidente-de-la-corte-suprema-nid12062025\/\">https:\/\/www.lanacion.com.ar\/politica\/detuvieron-a-un-sospechoso-por-la-amenaza-al-presidente-de-la-corte-suprema-nid12062025\/<\/a><\/li>\n<\/ul>\n","protected":false},"excerpt":{"rendered":"<p>En una muestra alarmante de criminalizaci\u00f3n de la militancia pol\u00edtica, la Justicia detuvo a un hombre por una pintada contra Rosatti. El \u201carsenal\u201d incautado: panfletos, stickers y una remera. Un caso que sienta un antecedente peligros\u00edsimo para la democracia. En Argentina, donde la justicia deber\u00eda estar al servicio de la sociedad, no del poder, se&#8230;<\/p>\n","protected":false},"author":1,"featured_media":5165,"comment_status":"open","ping_status":"open","sticky":false,"template":"","format":"standard","meta":{"_monsterinsights_skip_tracking":false,"_monsterinsights_sitenote_active":false,"_monsterinsights_sitenote_note":"","_monsterinsights_sitenote_category":0,"footnotes":"","jetpack_publicize_message":"","jetpack_publicize_feature_enabled":true,"jetpack_social_post_already_shared":true,"jetpack_social_options":{"image_generator_settings":{"template":"highway","default_image_id":0,"font":"","enabled":false},"version":2}},"categories":[2,4],"tags":[88,523,45],"class_list":["post-5164","post","type-post","status-publish","format-standard","has-post-thumbnail","hentry","category-politica","category-sociedad","tag-cfk","tag-cristina-fernandez-de-kirchner","tag-milei"],"jetpack_publicize_connections":[],"_links":{"self":[{"href":"https:\/\/www.enorsai.com\/noticias\/wp-json\/wp\/v2\/posts\/5164","targetHints":{"allow":["GET"]}}],"collection":[{"href":"https:\/\/www.enorsai.com\/noticias\/wp-json\/wp\/v2\/posts"}],"about":[{"href":"https:\/\/www.enorsai.com\/noticias\/wp-json\/wp\/v2\/types\/post"}],"author":[{"embeddable":true,"href":"https:\/\/www.enorsai.com\/noticias\/wp-json\/wp\/v2\/users\/1"}],"replies":[{"embeddable":true,"href":"https:\/\/www.enorsai.com\/noticias\/wp-json\/wp\/v2\/comments?post=5164"}],"version-history":[{"count":3,"href":"https:\/\/www.enorsai.com\/noticias\/wp-json\/wp\/v2\/posts\/5164\/revisions"}],"predecessor-version":[{"id":5168,"href":"https:\/\/www.enorsai.com\/noticias\/wp-json\/wp\/v2\/posts\/5164\/revisions\/5168"}],"wp:featuredmedia":[{"embeddable":true,"href":"https:\/\/www.enorsai.com\/noticias\/wp-json\/wp\/v2\/media\/5165"}],"wp:attachment":[{"href":"https:\/\/www.enorsai.com\/noticias\/wp-json\/wp\/v2\/media?parent=5164"}],"wp:term":[{"taxonomy":"category","embeddable":true,"href":"https:\/\/www.enorsai.com\/noticias\/wp-json\/wp\/v2\/categories?post=5164"},{"taxonomy":"post_tag","embeddable":true,"href":"https:\/\/www.enorsai.com\/noticias\/wp-json\/wp\/v2\/tags?post=5164"}],"curies":[{"name":"wp","href":"https:\/\/api.w.org\/{rel}","templated":true}]}}