{"id":5161,"date":"2025-06-13T08:38:58","date_gmt":"2025-06-13T11:38:58","guid":{"rendered":"http:\/\/www.enorsai.com\/noticias\/?p=5161"},"modified":"2025-06-13T08:38:58","modified_gmt":"2025-06-13T11:38:58","slug":"la-motosierra-de-milei-contra-los-salarios-los-trabajadores-pierden-10-puntos-del-pbi-respecto-al-final-del-kirchnerismo","status":"publish","type":"post","link":"https:\/\/www.enorsai.com\/noticias\/economia\/la-motosierra-de-milei-contra-los-salarios-los-trabajadores-pierden-10-puntos-del-pbi-respecto-al-final-del-kirchnerismo\/","title":{"rendered":"La motosierra de Milei contra los salarios: los trabajadores pierden 10 puntos del PBI respecto al final del kirchnerismo"},"content":{"rendered":"\n<p><strong><em>Mientras Javier Milei sostiene que est\u00e1 \u201ccorrigiendo d\u00e9cadas de desastres econ\u00f3micos\u201d, la realidad muestra que su programa de ajuste ha significado una brutal transferencia de ingresos desde los trabajadores hacia los sectores m\u00e1s concentrados del capital. En apenas seis meses de gesti\u00f3n, la participaci\u00f3n de los asalariados en el Producto Bruto Interno (PBI) se desplom\u00f3 de manera acelerada, marcando uno de los retrocesos m\u00e1s veloces desde la crisis del 2001.<\/em><\/strong><\/p>\n\n\n\n<p>Seg\u00fan datos oficiales del INDEC y reportes del Centro de Estudios para la Igualdad y el Desarrollo (CEID), la participaci\u00f3n de los trabajadores en el ingreso cay\u00f3 del 45,5\u202f% a apenas el 43,2\u202f% en el tercer trimestre de 2024. La velocidad de esta ca\u00edda es alarmante: en t\u00e9rminos reales, representa una p\u00e9rdida de poder adquisitivo y participaci\u00f3n del ingreso nacional que solo se explica por el desplome de los salarios, el crecimiento del desempleo y la destrucci\u00f3n del empleo formal.<\/p>\n\n\n\n<h2 class=\"wp-block-heading\">\ud83d\udcca El \u201cfifty-fifty\u201d perdido: del 51\u202f% de CFK al 43\u202f% de Milei<\/h2>\n\n\n\n<p>Para comprender la magnitud del retroceso, alcanza con mirar hacia atr\u00e1s. Al finalizar su mandato en 2015, Cristina Fern\u00e1ndez de Kirchner entreg\u00f3 una econom\u00eda con una participaci\u00f3n salarial en torno al 51\u202f% del PBI. Ese dato fue incluso reivindicado por la propia presidenta en su discurso de despedida, y ratificado por diversos centros de estudios como el CEPED, CIFRA y el propio INDEC.<\/p>\n\n\n\n<p>Bajo su gesti\u00f3n, se hab\u00eda recuperado el famoso \u201cfifty-fifty\u201d que simboliza el ideal peronista: una distribuci\u00f3n equitativa del ingreso entre capital y trabajo. Ese equilibrio, construido tras la debacle neoliberal de los a\u00f1os &#8217;90 y el estallido del 2001, hoy aparece profundamente deteriorado.<\/p>\n\n\n\n<p>La motosierra libertaria no solo ajusta: <strong>arrastra consigo derechos, empleos y participaci\u00f3n salarial.<\/strong><\/p>\n\n\n\n<figure class=\"wp-block-image\"><img decoding=\"async\" src=\"https:\/\/chequeado.com\/wp-content\/uploads\/2025\/06\/ingreso-trabajadores-PBI-.webp\" alt=\"\" class=\"wp-image-96474\"\/><\/figure>\n\n\n\n<p><\/p>\n\n\n\n<h2 class=\"wp-block-heading\">\ud83d\udca5 Ajuste para abajo: despidos, inflaci\u00f3n y ca\u00edda de la masa salarial<\/h2>\n\n\n\n<p>La ca\u00edda en la participaci\u00f3n de los asalariados no es un fen\u00f3meno abstracto: se siente en el bolsillo, en la mesa y en la calle. Entre diciembre de 2023 y mayo de 2024, se perdieron m\u00e1s de <strong>119.000 empleos registrados<\/strong> en el sector privado, seg\u00fan datos oficiales. A esto se suman despidos en el Estado, precarizaci\u00f3n laboral y una licuaci\u00f3n masiva del poder de compra producto de la inflaci\u00f3n acumulada, que supera el 280\u202f% interanual.<\/p>\n\n\n\n<p>La masa salarial total se redujo casi 5 puntos porcentuales respecto al PBI en menos de un a\u00f1o. Este deterioro representa una transferencia gigantesca de ingresos hacia los sectores que especulan con la devaluaci\u00f3n, los tarifazos y la apertura irrestricta de importaciones. Mientras Milei promete \u201ccrecimiento\u201d, el pa\u00eds se achica por el lado m\u00e1s d\u00e9bil: <strong>los trabajadores.<\/strong><\/p>\n\n\n\n<p><\/p>\n\n\n\n<h2 class=\"wp-block-heading\">\ud83c\udfe6 Capital vs trabajo: la balanza se inclina<\/h2>\n\n\n\n<p>No se trata de eficiencia ni de \u201cmoral\u201d, como le gusta repetir al presidente. Se trata de distribuci\u00f3n. En el modelo libertario, el capital concentra, el trabajo se precariza y el Estado se retira. Bajo esta l\u00f3gica, la Argentina camina hacia una estructura econ\u00f3mica cada vez m\u00e1s desigual, donde pocos ganan mucho y muchos pierden todo.<\/p>\n\n\n\n<p>La contracara de esta ca\u00edda salarial es el aumento de los m\u00e1rgenes de ganancia empresaria, especialmente en sectores concentrados como energ\u00eda, bancos, alimentos y exportadores agropecuarios. Milei, con su pr\u00e9dica anti Estado, ha favorecido la mayor transferencia regresiva de ingresos desde el 2001.<\/p>\n\n\n\n<p><\/p>\n\n\n\n<h2 class=\"wp-block-heading\">\ud83d\udcc9 R\u00e9cord hist\u00f3rico\u2026 de desigualdad<\/h2>\n\n\n\n<p>El 43,2\u202f% de participaci\u00f3n de los asalariados en el PBI es el peor dato en al menos 15 a\u00f1os. Para encontrar registros similares hay que retroceder a los tiempos de la convertibilidad y el colapso del modelo neoliberal. Y, como entonces, el escenario social se enrarece: pobreza en aumento, conflictividad sindical, y una clase media que se desvanece entre la inflaci\u00f3n y los despidos.<\/p>\n\n\n\n<p><\/p>\n\n\n\n<h2 class=\"wp-block-heading\">\ud83d\udd1a Conclusi\u00f3n: un modelo sin trabajadores<\/h2>\n\n\n\n<p>La promesa de \u201clibertad\u201d de Javier Milei se traduce en recortes, ajuste y concentraci\u00f3n. Bajo su gobierno, los trabajadores no solo ganan menos: <strong>participan menos del pa\u00eds que ayudan a construir.<\/strong> La motosierra no fue contra \u201cla casta\u201d, sino contra los salarios, los derechos y la dignidad de millones.<\/p>\n\n\n\n<p>Frente a este panorama, cabe preguntarse: \u00bfcu\u00e1nta libertad hay cuando el pueblo no puede comer, trabajar ni so\u00f1ar?<\/p>\n\n\n\n<p>Fuentes:<\/p>\n\n\n\n<ul class=\"wp-block-list\">\n<li><a href=\"https:\/\/chequeado.com\/el-explicador\/la-participacion-de-los-trabajadores-en-el-pbi-es-la-mas-baja-en-15-anos\/\">https:\/\/chequeado.com\/el-explicador\/la-participacion-de-los-trabajadores-en-el-pbi-es-la-mas-baja-en-15-anos\/<\/a><\/li>\n\n\n\n<li><a href=\"https:\/\/www.celag.org\/la-participacion-de-los-trabajadores-en-el-pbi-una-caida-vertiginosa\/\">https:\/\/www.celag.org\/la-participacion-de-los-trabajadores-en-el-pbi-una-caida-vertiginosa\/<\/a><\/li>\n\n\n\n<li><a href=\"https:\/\/www.ambito.com\/economia\/empleo-privado-formal-se-perdieron-mas-119000-puestos-diciembre-n5960534\">https:\/\/www.ambito.com\/economia\/empleo-privado-formal-se-perdieron-mas-119000-puestos-diciembre-n5960534<\/a><\/li>\n\n\n\n<li><a href=\"https:\/\/www.pagina12.com.ar\/750893-caida-de-la-participacion-salarial-en-el-pbi\">https:\/\/www.pagina12.com.ar\/750893-caida-de-la-participacion-salarial-en-el-pbi<\/a><\/li>\n\n\n\n<li><a href=\"https:\/\/cifra.org.ar\/docs\/informes\/CEPA_CIFRA_DistribucionFuncionadelIngreso.pdf\">https:\/\/cifra.org.ar\/docs\/informes\/CEPA_CIFRA_DistribucionFuncionadelIngreso.pdf<\/a><\/li>\n\n\n\n<li><a href=\"https:\/\/www.eldiarioar.com\/economia\/ingresos-familiares-distribucion-funcional_1_11714329.html\">https:\/\/www.eldiarioar.com\/economia\/ingresos-familiares-distribucion-funcional_1_11714329.html<\/a><\/li>\n\n\n\n<li><a href=\"https:\/\/www.huffingtonpost.es\/global\/pobreza-paro-golpe-democracia-argentina-rastro-motosierra-javier-mileibr.html\">https:\/\/www.huffingtonpost.es\/global\/pobreza-paro-golpe-democracia-argentina-rastro-motosierra-javier-mileibr.html<\/a><\/li>\n\n\n\n<li><a href=\"https:\/\/apnews.com\/article\/f60c902517ea5baecd57df2147df6428\">https:\/\/apnews.com\/article\/f60c902517ea5baecd57df2147df6428<\/a><\/li>\n\n\n\n<li><a href=\"https:\/\/www.ft.com\/content\/35b444a1-608c-48b5-a991-01f2ac3362be\">https:\/\/www.ft.com\/content\/35b444a1-608c-48b5-a991-01f2ac3362be<\/a><\/li>\n<\/ul>\n","protected":false},"excerpt":{"rendered":"<p>Mientras Javier Milei sostiene que est\u00e1 \u201ccorrigiendo d\u00e9cadas de desastres econ\u00f3micos\u201d, la realidad muestra que su programa de ajuste ha significado una brutal transferencia de ingresos desde los trabajadores hacia los sectores m\u00e1s concentrados del capital. En apenas seis meses de gesti\u00f3n, la participaci\u00f3n de los asalariados en el Producto Bruto Interno (PBI) se desplom\u00f3&#8230;<\/p>\n","protected":false},"author":1,"featured_media":5162,"comment_status":"open","ping_status":"open","sticky":false,"template":"","format":"standard","meta":{"_monsterinsights_skip_tracking":false,"_monsterinsights_sitenote_active":false,"_monsterinsights_sitenote_note":"","_monsterinsights_sitenote_category":0,"footnotes":"","jetpack_publicize_message":"","jetpack_publicize_feature_enabled":true,"jetpack_social_post_already_shared":true,"jetpack_social_options":{"image_generator_settings":{"template":"highway","default_image_id":0,"font":"","enabled":false},"version":2}},"categories":[3],"tags":[88,523,15,45],"class_list":["post-5161","post","type-post","status-publish","format-standard","has-post-thumbnail","hentry","category-economia","tag-cfk","tag-cristina-fernandez-de-kirchner","tag-economia","tag-milei"],"jetpack_publicize_connections":[],"_links":{"self":[{"href":"https:\/\/www.enorsai.com\/noticias\/wp-json\/wp\/v2\/posts\/5161","targetHints":{"allow":["GET"]}}],"collection":[{"href":"https:\/\/www.enorsai.com\/noticias\/wp-json\/wp\/v2\/posts"}],"about":[{"href":"https:\/\/www.enorsai.com\/noticias\/wp-json\/wp\/v2\/types\/post"}],"author":[{"embeddable":true,"href":"https:\/\/www.enorsai.com\/noticias\/wp-json\/wp\/v2\/users\/1"}],"replies":[{"embeddable":true,"href":"https:\/\/www.enorsai.com\/noticias\/wp-json\/wp\/v2\/comments?post=5161"}],"version-history":[{"count":1,"href":"https:\/\/www.enorsai.com\/noticias\/wp-json\/wp\/v2\/posts\/5161\/revisions"}],"predecessor-version":[{"id":5163,"href":"https:\/\/www.enorsai.com\/noticias\/wp-json\/wp\/v2\/posts\/5161\/revisions\/5163"}],"wp:featuredmedia":[{"embeddable":true,"href":"https:\/\/www.enorsai.com\/noticias\/wp-json\/wp\/v2\/media\/5162"}],"wp:attachment":[{"href":"https:\/\/www.enorsai.com\/noticias\/wp-json\/wp\/v2\/media?parent=5161"}],"wp:term":[{"taxonomy":"category","embeddable":true,"href":"https:\/\/www.enorsai.com\/noticias\/wp-json\/wp\/v2\/categories?post=5161"},{"taxonomy":"post_tag","embeddable":true,"href":"https:\/\/www.enorsai.com\/noticias\/wp-json\/wp\/v2\/tags?post=5161"}],"curies":[{"name":"wp","href":"https:\/\/api.w.org\/{rel}","templated":true}]}}