{"id":5158,"date":"2025-06-13T08:07:48","date_gmt":"2025-06-13T11:07:48","guid":{"rendered":"http:\/\/www.enorsai.com\/noticias\/?p=5158"},"modified":"2025-06-13T08:07:48","modified_gmt":"2025-06-13T11:07:48","slug":"tras-el-fallo-contra-cristina-el-movimiento-estudiantil-entra-en-estado-de-lucha-permanente","status":"publish","type":"post","link":"https:\/\/www.enorsai.com\/noticias\/sociedad\/tras-el-fallo-contra-cristina-el-movimiento-estudiantil-entra-en-estado-de-lucha-permanente\/","title":{"rendered":"Tras el fallo contra Cristina, el movimiento estudiantil entra en estado de lucha permanente"},"content":{"rendered":"\n<p><em>El estudiantado de la UBA y la UNLP levant\u00f3 las tomas de facultades pero mantiene viva la protesta en defensa de la democracia, frente a la proscripci\u00f3n de Cristina Fern\u00e1ndez y la asfixia presupuestaria del gobierno de Milei.<\/em><\/p>\n\n\n\n<p>La condena contra Cristina Fern\u00e1ndez de Kirchner por la llamada \u201cCausa Vialidad\u201d desat\u00f3 una ola de tomas en facultades universitarias. Lo que comenz\u00f3 como una reacci\u00f3n inmediata, se transform\u00f3 en una declaraci\u00f3n de guerra contra un gobierno que ajusta, reprime y proscribe. Aunque se levantaron las tomas, el movimiento estudiantil no se desmoviliza: entr\u00f3 en asamblea permanente. La universidad p\u00fablica, golpeada por la crisis presupuestaria y cercada por el desprecio libertario, vuelve a ser trinchera de resistencia y centro neur\u00e1lgico de una generaci\u00f3n que no piensa mirar para otro lado mientras se destruyen los pilares de la democracia argentina.<\/p>\n\n\n\n<p>Las rejas cerradas, los carteles tapizando las fachadas, los pasillos tomados por cuerpos y consignas, el aire espeso de la urgencia pol\u00edtica. Las im\u00e1genes de los \u00faltimos d\u00edas en las universidades p\u00fablicas remiten a otro tiempo, a esas postales de los ochenta donde la juventud universitaria sal\u00eda a la calle a defender lo que es de todos. Pero esto no es historia, es hoy. Es el ahora de una Argentina partida al medio, donde la universidad se vuelve campo de batalla y conciencia de lo que peligra: la democracia.<\/p>\n\n\n\n<figure class=\"wp-block-embed is-type-rich is-provider-twitter wp-block-embed-twitter\"><div class=\"wp-block-embed__wrapper\">\n<blockquote class=\"twitter-tweet\" data-width=\"550\" data-dnt=\"true\"><p lang=\"es\" dir=\"ltr\">LA UNIVERSIDAD  QUE SO\u00d1AMOS NO ES POSIBLE CON CRISTINA PROSCRIPTA. Universidad tomada.<br><br>El movimiento estudiantil de la UNLP se organiza en defensa de la democracia.<br>No a la proscripci\u00f3n. Todxs con Cristina. <a href=\"https:\/\/t.co\/7TzSuQmXsU\">pic.twitter.com\/7TzSuQmXsU<\/a><\/p>&mdash; Agrup. Rodolfo Walsh (@agrupRW) <a href=\"https:\/\/twitter.com\/agrupRW\/status\/1932599089277120813?ref_src=twsrc%5Etfw\">June 11, 2025<\/a><\/blockquote><script async src=\"https:\/\/platform.twitter.com\/widgets.js\" charset=\"utf-8\"><\/script>\n<\/div><\/figure>\n\n\n\n<p><\/p>\n\n\n\n<p>Desde que se conoci\u00f3 el fallo judicial que conden\u00f3 a Cristina Fern\u00e1ndez de Kirchner a seis a\u00f1os de prisi\u00f3n e inhabilitaci\u00f3n perpetua para ejercer cargos p\u00fablicos, el fuego se encendi\u00f3 en los centros de estudiantes. La reacci\u00f3n fue inmediata. Toma tras toma, facultades enteras se paralizaron en un grito un\u00e1nime: <strong>no a la proscripci\u00f3n, no a la persecuci\u00f3n judicial<\/strong>.<\/p>\n\n\n\n<p>La Facultad de Ciencias Sociales de la UBA, ubicada a pocas cuadras de la casa de la expresidenta, fue epicentro simb\u00f3lico y f\u00edsico del repudio. Desde all\u00ed se organiz\u00f3 una toma de puertas abiertas, convertida en espacio de contenci\u00f3n para cientos de estudiantes movilizados. No fue solo protesta, fue comunidad, solidaridad y convicci\u00f3n. Agua, comida, ba\u00f1os, abrigo, seguridad. En plena vigilia, se cuidaron entre todos, porque la lucha, se sabe, no es s\u00f3lo de consignas sino tambi\u00e9n de cuerpos.<\/p>\n\n\n\n<p>Natalia Arakaki, presidenta del Centro de Estudiantes de Sociales, lo explic\u00f3 sin rodeos: \u201cLa respuesta fue inmediata, hubo un rechazo generalizado al fallo que condena y proscribe a la l\u00edder opositora m\u00e1s importante del pa\u00eds\u201d. Y es que la figura de Cristina Fern\u00e1ndez no solo encarna a una exmandataria, sino tambi\u00e9n una idea de pa\u00eds que el actual gobierno intenta sepultar con ajustazos, operaciones medi\u00e1ticas y lawfare judicial.<\/p>\n\n\n\n<p>El movimiento estudiantil no es ingenuo. Sabe que lo que se est\u00e1 disputando no es s\u00f3lo una figura pol\u00edtica sino la posibilidad misma de elegir. \u201cEs un ataque a las libertades democr\u00e1ticas de los y las trabajadores que tienen que poder decidir qui\u00e9nes van a ser nuestros representantes\u201d, denunci\u00f3 Luc\u00eda Waldman, secretaria de la FUBA. Y agreg\u00f3 con claridad quir\u00fargica: \u201cNo hace falta ser kirchnerista para repudiar un fallo proscriptivo\u201d.<\/p>\n\n\n\n<p>Esta es una de las claves m\u00e1s poderosas de la movilizaci\u00f3n: su amplitud. No se trata de una defensa partidaria, sino de una defensa democr\u00e1tica. No se est\u00e1 discutiendo si Cristina deber\u00eda o no volver a presentarse, sino si el pueblo argentino tiene derecho a decidirlo sin tutelas judiciales ni maniobras golpistas encubiertas. La proscripci\u00f3n no es un problema del kirchnerismo, es un problema de todos.<\/p>\n\n\n\n<p>El levantamiento de las tomas no implica claudicaci\u00f3n. Las facultades de Filosof\u00eda y Letras, Exactas, FADU y Sociales de la UBA y varias sedes de la UNLP retomaron sus actividades acad\u00e9micas, pero el \u201cestado de asamblea y movilizaci\u00f3n\u201d se mantiene. Como en los mejores momentos del movimiento estudiantil argentino, la organizaci\u00f3n se transforma y se adapta. Si no se puede pelear con tomas, se pelea con clases p\u00fablicas, paros, marchas y presencia constante.<\/p>\n\n\n\n<p>Y en el fondo de esta lucha, late otra urgencia: la asfixia presupuestaria que viene horadando a las universidades desde la llegada de Javier Milei a la presidencia. \u201cNuestros docentes y no docentes siguen cobrando salarios de miseria\u201d, denunci\u00f3 Lucas Grimson, estudiante de Ciencias Pol\u00edticas. \u201cLos montos de las becas est\u00e1n congelados, y cada vez m\u00e1s estudiantes abandonan sus carreras porque no pueden sostenerlas. La universidad ser\u00e1 gratuita, pero vivir no lo es\u201d, dispar\u00f3.<\/p>\n\n\n\n<p>A eso se suma el desprecio expl\u00edcito del gobierno libertario hacia el sistema cient\u00edfico y universitario. Milei y su s\u00e9quito no ocultan su desprecio por la educaci\u00f3n p\u00fablica. La ven como un gasto, un lastre ideol\u00f3gico, un semillero de \u201czurdos\u201d. Pero el movimiento estudiantil ya entendi\u00f3 que no se trata solo de pelear por una carrera, sino por un pa\u00eds. \u201cSi no tenemos democracia, no tenemos universidad p\u00fablica, ni ciencia, ni desarrollo\u201d, resumen con una lucidez que incomoda a los que gobiernan para los bancos.<\/p>\n\n\n\n<p>La persecuci\u00f3n judicial contra Cristina Fern\u00e1ndez y el vaciamiento presupuestario de la universidad no son hechos aislados. Son parte de una misma estrategia de disciplinamiento social. Que no quede ninguna voz cr\u00edtica. Que los j\u00f3venes no piensen. Que los docentes bajen la cabeza. Que las mujeres se callen. Que los pobres agradezcan. Que los l\u00edderes populares desaparezcan del mapa.<\/p>\n\n\n\n<p>Pero la historia argentina es terca. Y a veces, los estudiantes, esos \u201clocos bajitos\u201d que leen a Marx entre mate y mate, son los que nos devuelven la memoria. En cada cartel, en cada clase al aire libre, en cada pasillo tomado, resuena una verdad inc\u00f3moda: la democracia no se negocia.<\/p>\n\n\n\n<p>En la Argentina de 2025, donde Milei ajusta con motosierra, reprime con gendarmer\u00eda y proscribe con toga, la universidad p\u00fablica vuelve a pararse como faro y frontera. Una vez m\u00e1s, la juventud se planta. No ser\u00e1 f\u00e1cil. Lo saben. Pero tampoco est\u00e1n dispuestos a entregar el futuro sin pelear.<\/p>\n\n\n\n<p>Y lo dijeron con claridad: <strong>esto reci\u00e9n empieza<\/strong>.<\/p>\n\n\n\n<p>Fuente:<\/p>\n\n\n\n<ul class=\"wp-block-list\">\n<li><a href=\"https:\/\/www.tiempoar.com.ar\/ta_article\/universitarios-tomas-asambleas\/\">https:\/\/www.tiempoar.com.ar\/ta_article\/universitarios-tomas-asambleas\/<\/a><\/li>\n<\/ul>\n\n\n\n<ul class=\"wp-block-list\">\n<li><a href=\"https:\/\/www.infobae.com\/politica\/2025\/06\/12\/facultades-tomadas-en-la-uba-los-estudiantes-resolvieron-levantar-la-medida-pero-siguen-los-secundarios\/\">https:\/\/www.infobae.com\/politica\/2025\/06\/12\/facultades-tomadas-en-la-uba-los-estudiantes-resolvieron-levantar-la-medida-pero-siguen-los-secundarios\/<\/a><\/li>\n<\/ul>\n","protected":false},"excerpt":{"rendered":"<p>Tras el fallo que conden\u00f3 a Cristina Fern\u00e1ndez, estudiantes universitarios tomaron facultades en defensa de la democracia. Aunque se levantaron las tomas, la protesta sigue: asambleas, movilizaci\u00f3n y una clara denuncia contra la proscripci\u00f3n y el vaciamiento de Milei. La universidad p\u00fablica vuelve a ser trinchera de lucha.<\/p>\n","protected":false},"author":1,"featured_media":5159,"comment_status":"open","ping_status":"open","sticky":false,"template":"","format":"standard","meta":{"_monsterinsights_skip_tracking":false,"_monsterinsights_sitenote_active":false,"_monsterinsights_sitenote_note":"","_monsterinsights_sitenote_category":0,"footnotes":"","jetpack_publicize_message":"\ud83d\udce2 La universidad no se calla. Tras la proscripci\u00f3n de Cristina, estudiantes levantan las tomas pero siguen en lucha. Contra Milei, contra el ajuste y en defensa de la democracia. ","jetpack_publicize_feature_enabled":true,"jetpack_social_post_already_shared":false,"jetpack_social_options":{"image_generator_settings":{"template":"highway","default_image_id":0,"enabled":false},"version":2}},"categories":[4],"tags":[87,209,1521,45,1289,1392,1630,1382,1520,1631],"class_list":["post-5158","post","type-post","status-publish","format-standard","has-post-thumbnail","hentry","category-sociedad","tag-cristina","tag-democracia","tag-estudiantes","tag-milei","tag-presupuesto","tag-proscripcion","tag-tomas","tag-uba","tag-universidad","tag-unlp"],"jetpack_publicize_connections":[],"_links":{"self":[{"href":"https:\/\/www.enorsai.com\/noticias\/wp-json\/wp\/v2\/posts\/5158","targetHints":{"allow":["GET"]}}],"collection":[{"href":"https:\/\/www.enorsai.com\/noticias\/wp-json\/wp\/v2\/posts"}],"about":[{"href":"https:\/\/www.enorsai.com\/noticias\/wp-json\/wp\/v2\/types\/post"}],"author":[{"embeddable":true,"href":"https:\/\/www.enorsai.com\/noticias\/wp-json\/wp\/v2\/users\/1"}],"replies":[{"embeddable":true,"href":"https:\/\/www.enorsai.com\/noticias\/wp-json\/wp\/v2\/comments?post=5158"}],"version-history":[{"count":1,"href":"https:\/\/www.enorsai.com\/noticias\/wp-json\/wp\/v2\/posts\/5158\/revisions"}],"predecessor-version":[{"id":5160,"href":"https:\/\/www.enorsai.com\/noticias\/wp-json\/wp\/v2\/posts\/5158\/revisions\/5160"}],"wp:featuredmedia":[{"embeddable":true,"href":"https:\/\/www.enorsai.com\/noticias\/wp-json\/wp\/v2\/media\/5159"}],"wp:attachment":[{"href":"https:\/\/www.enorsai.com\/noticias\/wp-json\/wp\/v2\/media?parent=5158"}],"wp:term":[{"taxonomy":"category","embeddable":true,"href":"https:\/\/www.enorsai.com\/noticias\/wp-json\/wp\/v2\/categories?post=5158"},{"taxonomy":"post_tag","embeddable":true,"href":"https:\/\/www.enorsai.com\/noticias\/wp-json\/wp\/v2\/tags?post=5158"}],"curies":[{"name":"wp","href":"https:\/\/api.w.org\/{rel}","templated":true}]}}