{"id":5155,"date":"2025-06-13T07:35:02","date_gmt":"2025-06-13T10:35:02","guid":{"rendered":"https:\/\/www.enorsai.com\/noticias\/?p=5155"},"modified":"2025-06-13T07:35:02","modified_gmt":"2025-06-13T10:35:02","slug":"israel-ataco-a-iran-y-escala-un-conflicto-armado-a-escala-mundial","status":"publish","type":"post","link":"https:\/\/www.enorsai.com\/noticias\/mundo\/israel-ataco-a-iran-y-escala-un-conflicto-armado-a-escala-mundial\/","title":{"rendered":"Israel atac\u00f3 a Ir\u00e1n y escala un conflicto armado a escala mundial"},"content":{"rendered":"\n<p><strong><em>Se registraron m\u00faltiples ataques en Teher\u00e1n, la ciudad capital iran\u00ed, una de las m\u00e1s densamente pobladas de la regi\u00f3n.<\/em><\/strong><\/p>\n\n\n\n<p>El Gobierno de Israel anunci\u00f3 este jueves por la noche que lanz\u00f3 un \u00abataque a\u00e9reo preventivo\u00bb a gran escala contra objetivos militares y nucleares de Ir\u00e1n, y asegur\u00f3 que en respuesta espera \u00abun ataque con misiles y drones contra el Estado de Israel y su poblaci\u00f3n civil en el futuro inmediato\u201d.<\/p>\n\n\n\n<p>El ministro de Defensa, Israel Katz, confirm\u00f3 el ataque y adem\u00e1s declar\u00f3 \u201cel estado de emergencia especial en el frente interno de todo el Estado de Israel\u201d.&nbsp; Se trata de la \u00abOperaci\u00f3n Naci\u00f3n de Leones\u00bb, seg\u00fan palabras del primer ministro israel\u00ed Benjam\u00edn Netanyahu.<\/p>\n\n\n\n<p>Tambi\u00e9n en las \u00faltimas horas, las Fuerzas de Defensa de Israel (FDI), detallaron que decenas de aviones de combate bombardearon m\u00faltiples instalaciones en distintas zonas del pa\u00eds persa.<\/p>\n\n\n\n<p>En concreto, los ataques cayeron sobre la capital iran\u00ed, Teher\u00e1n, y los medios de ese pa\u00eds reportaron explosiones y ataques que resonaron en distintos puntos estrat\u00e9gicos de la ciudad.<\/p>\n\n\n\n<p>Ataque a puntos estrat\u00e9gicos<\/p>\n\n\n\n<p>Entre los puntos atacados est\u00e1 la central nuclear iran\u00ed Natanz, Benjamin Netanyahu, confirm\u00f3 que durante la \u201cOperaci\u00f3n Naci\u00f3n de Leones\u201d, el Ej\u00e9rcito hab\u00eda atacado la instalaci\u00f3n nuclear de Natanz, clave para el desarrollo del programa at\u00f3mico de Ir\u00e1n.<\/p>\n\n\n\n<p>Por otro lado el ataque ha incendiado el Cuartel General de la Guardia Revolucionaria paramilitar iran\u00ed en Teher\u00e1n, seg\u00fan inform\u00f3 el viernes la televisi\u00f3n estatal.<\/p>\n\n\n\n<p>Tambi\u00e9n fueron atacados todos los altos mandos del ej\u00e9rcito iran\u00ed, en particular el comandate de la Guardia Revolucionaria, Hossein Salami. Una muerte que ya caus\u00f3 conmoci\u00f3n en el pa\u00eds oriental.<\/p>\n\n\n\n<p>Estados Unidos se despeg\u00f3 del ataque<\/p>\n\n\n\n<p>Ante la noticia que dio vueltas el mundo en pocas horas, Estados Unidos, uno de los principales aliados globales de Israel, sali\u00f3 a aclarar que se trata de un ataque unilateral.<\/p>\n\n\n\n<p>Marco Rubio, secretario de Estado norteamericano expres\u00f3: \u00abEsta noche, Israel tom\u00f3 medidas unilaterales contra Ir\u00e1n. No participamos de ataques contra Ir\u00e1n\u00bb, remarc\u00f3.<\/p>\n\n\n\n<p>\u00abIsrael nos inform\u00f3 que considera que esta acci\u00f3n es necesaria para su defensa. El presidente Trump y su administraci\u00f3n han tomado todas las medidas necesarias para proteger a nuestras fuerzas y mantener un estrecho contacto con nuestros socios regionales. Perm\u00edtanme ser claro: Ir\u00e1n no debe atacar los intereses ni al personal de Estados Unidos\u00bb.<\/p>\n\n\n\n<p>Por Data Diario<\/p>\n","protected":false},"excerpt":{"rendered":"<p>Se registraron m\u00faltiples ataques en Teher\u00e1n, la ciudad capital iran\u00ed, una de las m\u00e1s densamente pobladas de la regi\u00f3n. El Gobierno de Israel anunci\u00f3 este jueves por la noche que lanz\u00f3 un \u00abataque a\u00e9reo preventivo\u00bb a gran escala contra objetivos militares y nucleares de Ir\u00e1n, y asegur\u00f3 que en respuesta espera \u00abun ataque con misiles&#8230;<\/p>\n","protected":false},"author":5,"featured_media":5156,"comment_status":"open","ping_status":"open","sticky":false,"template":"","format":"standard","meta":{"_monsterinsights_skip_tracking":false,"_monsterinsights_sitenote_active":false,"_monsterinsights_sitenote_note":"","_monsterinsights_sitenote_category":0,"footnotes":"","jetpack_publicize_message":"","jetpack_publicize_feature_enabled":true,"jetpack_social_post_already_shared":true,"jetpack_social_options":{"image_generator_settings":{"template":"highway","default_image_id":0,"font":"","enabled":false},"version":2}},"categories":[7],"tags":[43,297],"class_list":["post-5155","post","type-post","status-publish","format-standard","has-post-thumbnail","hentry","category-mundo","tag-crisis","tag-guerra"],"jetpack_publicize_connections":[],"_links":{"self":[{"href":"https:\/\/www.enorsai.com\/noticias\/wp-json\/wp\/v2\/posts\/5155","targetHints":{"allow":["GET"]}}],"collection":[{"href":"https:\/\/www.enorsai.com\/noticias\/wp-json\/wp\/v2\/posts"}],"about":[{"href":"https:\/\/www.enorsai.com\/noticias\/wp-json\/wp\/v2\/types\/post"}],"author":[{"embeddable":true,"href":"https:\/\/www.enorsai.com\/noticias\/wp-json\/wp\/v2\/users\/5"}],"replies":[{"embeddable":true,"href":"https:\/\/www.enorsai.com\/noticias\/wp-json\/wp\/v2\/comments?post=5155"}],"version-history":[{"count":1,"href":"https:\/\/www.enorsai.com\/noticias\/wp-json\/wp\/v2\/posts\/5155\/revisions"}],"predecessor-version":[{"id":5157,"href":"https:\/\/www.enorsai.com\/noticias\/wp-json\/wp\/v2\/posts\/5155\/revisions\/5157"}],"wp:featuredmedia":[{"embeddable":true,"href":"https:\/\/www.enorsai.com\/noticias\/wp-json\/wp\/v2\/media\/5156"}],"wp:attachment":[{"href":"https:\/\/www.enorsai.com\/noticias\/wp-json\/wp\/v2\/media?parent=5155"}],"wp:term":[{"taxonomy":"category","embeddable":true,"href":"https:\/\/www.enorsai.com\/noticias\/wp-json\/wp\/v2\/categories?post=5155"},{"taxonomy":"post_tag","embeddable":true,"href":"https:\/\/www.enorsai.com\/noticias\/wp-json\/wp\/v2\/tags?post=5155"}],"curies":[{"name":"wp","href":"https:\/\/api.w.org\/{rel}","templated":true}]}}