{"id":5150,"date":"2025-06-13T06:05:40","date_gmt":"2025-06-13T09:05:40","guid":{"rendered":"http:\/\/www.enorsai.com\/noticias\/?p=5150"},"modified":"2025-06-13T06:05:40","modified_gmt":"2025-06-13T09:05:40","slug":"cristina-proscripta-el-peronismo-despierta-y-el-inicio-de-una-resistencia-popular","status":"publish","type":"post","link":"https:\/\/www.enorsai.com\/noticias\/politica\/cristina-proscripta-el-peronismo-despierta-y-el-inicio-de-una-resistencia-popular\/","title":{"rendered":"Cristina proscripta, el peronismo despierta y el inicio de una resistencia popular"},"content":{"rendered":"\n<p><strong><em>El PJ vuelve a girar en torno a su figura m\u00e1s emblem\u00e1tica en medio de la embestida judicial que amenaza con su prisi\u00f3n domiciliaria. Massa, M\u00e1ximo, Grabois, la CGT y los gobernadores comienzan a delinear un operativo pol\u00edtico, judicial y simb\u00f3lico que ya tiene nombre: \u00abArgentina con Cristina\u00bb.<\/em><\/strong><\/p>\n\n\n\n<p>Con la Corte Suprema en el centro de la pol\u00e9mica, el Partido Justicialista retoma su din\u00e1mica hist\u00f3rica: cuando la persecuci\u00f3n arrecia, el peronismo se reagrupa. En Matheu 130, volvi\u00f3 a latir una consigna que trasciende generaciones: no se proscribe a quien encarna la voluntad de un pueblo. Y si la justicia busca morbo y escarnio, el movimiento responder\u00e1 con unidad, movilizaci\u00f3n y calle.<\/p>\n\n\n\n<p>No hay lugar m\u00e1s simb\u00f3lico que una silla vac\u00eda. En la sede del Partido Justicialista nacional, esa silla representa a Cristina Fern\u00e1ndez de Kirchner, la dirigente proscripta por segunda vez en la historia del peronismo, v\u00edctima de una Corte Suprema que dict\u00f3 una condena que ni siquiera esconde su motivaci\u00f3n pol\u00edtica. El gesto no es menor: es una declaraci\u00f3n. Porque si la l\u00edder no puede estar presente, el movimiento se reorganiza para que no est\u00e9 ausente.<\/p>\n\n\n\n<figure class=\"wp-block-image size-large\"><img loading=\"lazy\" decoding=\"async\" width=\"1024\" height=\"681\" src=\"https:\/\/www.enorsai.com\/noticias\/wp-content\/uploads\/2025\/06\/image-1-1024x681.png\" alt=\"\" class=\"wp-image-5151\" srcset=\"https:\/\/www.enorsai.com\/noticias\/wp-content\/uploads\/2025\/06\/image-1-1024x681.png 1024w, https:\/\/www.enorsai.com\/noticias\/wp-content\/uploads\/2025\/06\/image-1-300x200.png 300w, https:\/\/www.enorsai.com\/noticias\/wp-content\/uploads\/2025\/06\/image-1-768x511.png 768w, https:\/\/www.enorsai.com\/noticias\/wp-content\/uploads\/2025\/06\/image-1.png 1082w\" sizes=\"auto, (max-width: 1024px) 100vw, 1024px\" \/><\/figure>\n\n\n\n<p>El Consejo Nacional del PJ se reuni\u00f3 en Matheu 130 para hacer lo que el oficialismo libertario cree imposible: reconstruirse desde el golpe. Pero no se trat\u00f3 solo de una foto. Ni de una \u201cse\u00f1al de unidad\u201d como titul\u00f3 m\u00e1s de un medio resignado. Lo que se inici\u00f3 esa noche en la hist\u00f3rica sede partidaria fue el relanzamiento de una fuerza pol\u00edtica que, lejos de rendirse, vuelve a apoyarse en su figura central para responder con lo que mejor sabe hacer: la resistencia.<\/p>\n\n\n\n<p>No fue casual la presencia de Sergio Massa, M\u00e1ximo Kirchner, Jos\u00e9 Mayans, Luc\u00eda Corpacci, Guillermo Moreno y Juan Grabois, entre otros. Tampoco fue casual la ausencia de Axel Kicillof, que se reservar\u00e1 para el martes pr\u00f3ximo en una cumbre clave con gobernadores. Porque esta no es una jugada de nombres; es una estrategia integral. Y esa estrategia se llama Cristina.<\/p>\n\n\n\n<p>Mientras el presidente Javier Milei se regodea con su juego de \u201ckirchnerismo o libertad\u201d, el peronismo responde con una s\u00edntesis m\u00e1s potente: \u201cm\u00e1s peronismo\u201d. As\u00ed lo dijo Massa. As\u00ed lo repiti\u00f3 la senadora Anabel Fern\u00e1ndez Sagasti. As\u00ed lo respira cada militante que ya prepara la marcha desde San Jos\u00e9 1111 hasta los tribunales de Comodoro Py, el d\u00eda que la expresidenta deba presentarse ante una justicia que, a esta altura, m\u00e1s que poderes act\u00faa como aparato.<\/p>\n\n\n\n<p>La preocupaci\u00f3n es concreta. Seg\u00fan admitieron en el Instituto Patria, no se sabe si la justicia busca \u201cmorbo y crueldad\u201d. Los abogados de Cristina esperan una confirmaci\u00f3n de prisi\u00f3n domiciliaria por parte del Tribunal Oral Federal N\u00b0 2. Pero nadie se hace ilusiones. La experiencia ense\u00f1a: cuando se trata de ella, la vara siempre se corre.<\/p>\n\n\n\n<p>La Corte Suprema, con un fallo que habilita a responsabilizar a cualquier dirigente por las acciones de sus subordinados, abri\u00f3 la puerta no s\u00f3lo a la proscripci\u00f3n, sino a una forma de terrorismo judicial. \u201cEsto no afecta solo a los pol\u00edticos. Tambi\u00e9n pone en jaque a empresarios y trabajadores\u201d, alert\u00f3 Massa durante la reuni\u00f3n. Porque cuando la ley se convierte en trampa, nadie est\u00e1 a salvo.<\/p>\n\n\n\n<p>Guillermo Moreno, con su verborragia habitual, aport\u00f3 datos econ\u00f3micos. Grabois, con su frontalidad militante, reclam\u00f3 acci\u00f3n concreta. Y Fern\u00e1ndez Sagasti pidi\u00f3 marchar \u201ccon banderas argentinas\u201d. No es solo una consigna est\u00e9tica. Es un posicionamiento ideol\u00f3gico: ante la persecuci\u00f3n, la Patria.<\/p>\n\n\n\n<p>Este viernes, la CGT llegar\u00e1 a Matheu. Su rol, hasta ahora cuestionado por su par\u00e1lisis, ser\u00e1 puesto a prueba. \u00bfLlamar\u00e1n a un paro general o seguir\u00e1n con su inercia c\u00f3mplice? Por la tarde, se sumar\u00e1n movimientos sociales. El s\u00e1bado, intendentes. El lunes, la juventud. Y el martes, gobernadores. La consigna es clara: reactivar, reagrupar, responder.<\/p>\n\n\n\n<p>En paralelo, se multiplican cortes de ruta, concentraciones frente a tribunales, actos descentralizados en todo el pa\u00eds. No es espontane\u00edsmo. Es planificaci\u00f3n pol\u00edtica ante una ofensiva judicial que, si logra su cometido, arrasar\u00e1 con todos los actores del campo nacional y popular.<\/p>\n\n\n\n<p>La resistencia no se construye con slogans. Se construye con presencia territorial, con relato propio, con conducci\u00f3n y con calle. Y eso, precisamente, es lo que el PJ est\u00e1 empezando a hacer. Atr\u00e1s quedaron los titubeos, las disputas intestinas, los egos de ocasi\u00f3n. Hoy, todos entienden que hay algo mucho m\u00e1s grande en juego.<\/p>\n\n\n\n<p>Porque no se trata s\u00f3lo de Cristina. Se trata del futuro del peronismo. De la democracia. De la memoria popular. De la posibilidad de disputar el poder sin que una Corte adicta al poder econ\u00f3mico act\u00fae como guardi\u00e1n ideol\u00f3gico del statu quo.<\/p>\n\n\n\n<p>La imagen de la caravana que se prepara para acompa\u00f1arla a Comodoro Py apunta a eso: a visibilizar el rechazo social a la proscripci\u00f3n encubierta. No es un acto de fe. Es un acto pol\u00edtico. Como tambi\u00e9n lo es que la ex presidenta haya recibido esta semana a Adolfo P\u00e9rez Esquivel, a la Asociaci\u00f3n Madres de Plaza de Mayo, a gobernadores y dirigentes que no buscan condecoraciones, sino direcci\u00f3n.<\/p>\n\n\n\n<p>\u201cEsto reci\u00e9n empieza y va a ser largo\u201d, dijo Sagasti. Nadie se hace ilusiones. Pero tampoco hay espacio para la resignaci\u00f3n. La historia del peronismo est\u00e1 hecha de derrotas que se convirtieron en victorias. Y de proscripciones que terminaron fortaleciendo identidades.<\/p>\n\n\n\n<p>\u00bfPodr\u00e1 el Gobierno de Javier Milei surfear la ola que se avecina? \u00bfSoportar\u00e1 una nueva etapa de movilizaci\u00f3n social con Cristina como bandera? \u00bfO terminar\u00e1 por hacer lo que m\u00e1s teme: despertar al gigante dormido?<\/p>\n\n\n\n<p>Lo que est\u00e1 claro es que el operativo \u201cArgentina con Cristina\u201d no es un capricho. Es una reacci\u00f3n l\u00f3gica, leg\u00edtima y profundamente pol\u00edtica ante un intento desesperado por borrar del mapa a la \u00fanica dirigente capaz de desafiar el orden impuesto.<\/p>\n\n\n\n<p>Mientras Milei se enreda en su obsesi\u00f3n de \u201clibertad o kirchnerismo\u201d, en Matheu se trama una estrategia mucho m\u00e1s poderosa: peronismo con nombre propio, con calle propia y con memoria propia.<\/p>\n\n\n\n<p>Porque si algo ense\u00f1a esta nueva etapa, es que al peronismo no se lo doblega: se lo persigue, se lo demoniza, se lo proscribe\u2026 pero siempre vuelve. Y esta vez, lo hace con una silla vac\u00eda que grita lo que muchos temen decir: Cristina es, fue y seguir\u00e1 siendo la conducci\u00f3n.<\/p>\n\n\n\n<p>Fuentes:<\/p>\n\n\n\n<ul class=\"wp-block-list\">\n<li><a href=\"https:\/\/www.pagina12.com.ar\/833645-el-peronismo-se-reordena-en-defensa-de-cristina\">https:\/\/www.pagina12.com.ar\/833645-el-peronismo-se-reordena-en-defensa-de-cristina<\/a><\/li>\n\n\n\n<li><a href=\"https:\/\/noticiasargentinas.com\/politica\/con-presencia-de-massa--grabois-y-maximo--el-pj-delineo-su-estrategia-tras-el-fallo-contra-cristina-kirchner_a684b573b58e6dda2cad75d65\">https:\/\/noticiasargentinas.com\/politica\/con-presencia-de-massa&#8211;grabois-y-maximo&#8211;el-pj-delineo-su-estrategia-tras-el-fallo-contra-cristina-kirchner_a684b573b58e6dda2cad75d65<\/a><\/li>\n<\/ul>\n","protected":false},"excerpt":{"rendered":"<p>El peronismo se reagrupa con Cristina como bandera frente al avance judicial que busca proscribirla. Desde la sede del PJ, se organiza una resistencia pol\u00edtica que incluye marchas, reuniones con gobernadores y una renovada agenda de movilizaci\u00f3n. La consigna es clara: frente a la persecuci\u00f3n, m\u00e1s peronismo, m\u00e1s unidad, m\u00e1s calle.<\/p>\n","protected":false},"author":1,"featured_media":5152,"comment_status":"open","ping_status":"open","sticky":false,"template":"","format":"standard","meta":{"_monsterinsights_skip_tracking":false,"_monsterinsights_sitenote_active":false,"_monsterinsights_sitenote_note":"","_monsterinsights_sitenote_category":0,"footnotes":"","jetpack_publicize_message":"\ud83d\udea8 El peronismo no se rinde: vuelve a la calle, con Cristina al frente. La resistencia ya empez\u00f3 y la historia est\u00e1 en marcha. No dejemos que nos borren del mapa. Argentina con Cristina \ud83c\udde6\ud83c\uddf7\u270a","jetpack_publicize_feature_enabled":true,"jetpack_social_post_already_shared":false,"jetpack_social_options":{"image_generator_settings":{"template":"highway","default_image_id":0,"enabled":false},"version":2}},"categories":[2],"tags":[646,87,70,45,974,363,72,1392,137,1589],"class_list":["post-5150","post","type-post","status-publish","format-standard","has-post-thumbnail","hentry","category-politica","tag-cortesuprema","tag-cristina","tag-justicia","tag-milei","tag-movilizacion","tag-peronismo","tag-politica","tag-proscripcion","tag-resistencia","tag-unidad"],"jetpack_publicize_connections":[],"_links":{"self":[{"href":"https:\/\/www.enorsai.com\/noticias\/wp-json\/wp\/v2\/posts\/5150","targetHints":{"allow":["GET"]}}],"collection":[{"href":"https:\/\/www.enorsai.com\/noticias\/wp-json\/wp\/v2\/posts"}],"about":[{"href":"https:\/\/www.enorsai.com\/noticias\/wp-json\/wp\/v2\/types\/post"}],"author":[{"embeddable":true,"href":"https:\/\/www.enorsai.com\/noticias\/wp-json\/wp\/v2\/users\/1"}],"replies":[{"embeddable":true,"href":"https:\/\/www.enorsai.com\/noticias\/wp-json\/wp\/v2\/comments?post=5150"}],"version-history":[{"count":1,"href":"https:\/\/www.enorsai.com\/noticias\/wp-json\/wp\/v2\/posts\/5150\/revisions"}],"predecessor-version":[{"id":5153,"href":"https:\/\/www.enorsai.com\/noticias\/wp-json\/wp\/v2\/posts\/5150\/revisions\/5153"}],"wp:featuredmedia":[{"embeddable":true,"href":"https:\/\/www.enorsai.com\/noticias\/wp-json\/wp\/v2\/media\/5152"}],"wp:attachment":[{"href":"https:\/\/www.enorsai.com\/noticias\/wp-json\/wp\/v2\/media?parent=5150"}],"wp:term":[{"taxonomy":"category","embeddable":true,"href":"https:\/\/www.enorsai.com\/noticias\/wp-json\/wp\/v2\/categories?post=5150"},{"taxonomy":"post_tag","embeddable":true,"href":"https:\/\/www.enorsai.com\/noticias\/wp-json\/wp\/v2\/tags?post=5150"}],"curies":[{"name":"wp","href":"https:\/\/api.w.org\/{rel}","templated":true}]}}