{"id":5148,"date":"2025-06-13T05:55:56","date_gmt":"2025-06-13T08:55:56","guid":{"rendered":"http:\/\/www.enorsai.com\/noticias\/?p=5148"},"modified":"2025-06-13T06:09:32","modified_gmt":"2025-06-13T09:09:32","slug":"le-soltaron-la-mano-periodista-de-ln-despedido-por-festejar-la-condena-de-cfk","status":"publish","type":"post","link":"https:\/\/www.enorsai.com\/noticias\/sociedad\/le-soltaron-la-mano-periodista-de-ln-despedido-por-festejar-la-condena-de-cfk\/","title":{"rendered":"Le soltaron la mano: Periodista de LN+ despedido por festejar la condena de CFK"},"content":{"rendered":"\n<p>El canal ultraconservador ech\u00f3 a uno de sus propios cronistas por celebrar la condena contra Cristina Kirchner. El episodio revela las tensiones internas de un medio que se victimiza por la libertad de expresi\u00f3n, pero censura cuando la desmesura sale de control.<\/p>\n\n\n\n<p>Tom\u00e1s D\u00edaz Cueto fue expulsado de LN+ tras publicar un video donde festejaba euf\u00f3ricamente la condena contra Cristina Kirchner. Mientras el canal milita abiertamente el discurso anticristinista, decidi\u00f3 soltarle la mano a uno de sus periodistas m\u00e1s fieles por \u201cexponerse demasiado\u201d. \u00bfCensura, hipocres\u00eda o da\u00f1o colateral de un periodismo devenido en espect\u00e1culo?<\/p>\n\n\n\n<p>El espect\u00e1culo de la pol\u00edtica y la pol\u00edtica como espect\u00e1culo. En esa delgada l\u00ednea que separa el an\u00e1lisis del show, el periodismo argentino ha cruzado todos los l\u00edmites posibles. Esta semana, el caso de Tom\u00e1s D\u00edaz Cueto \u2014movilero de La Naci\u00f3n+\u2014 se volvi\u00f3 el nuevo cap\u00edtulo de una tragicomedia donde los medios que claman por libertad de expresi\u00f3n terminan callando a los propios cuando lo que dicen los incomoda\u2026 aunque sea alineado con su propio discurso editorial.<\/p>\n\n\n\n<p>D\u00edaz Cueto fue despedido sin demasiados rodeos luego de que se viralizara un video en el que se lo ve celebrando, copa de champagne en mano y gorrito de presidiario en la cabeza, la condena contra Cristina Fern\u00e1ndez de Kirchner en la causa Vialidad. \u201cPensaba que hab\u00eda justicia, es un puntapi\u00e9 inicial en la pol\u00edtica argentina\u201d, se justific\u00f3 el periodista en X, como si sus redes personales no fueran parte del reality ideol\u00f3gico que alimenta cotidianamente su lugar de trabajo.<\/p>\n\n\n\n<p>La escena fue grotesca, sin dudas. Pero lo que resulta a\u00fan m\u00e1s grotesco es el doble est\u00e1ndar con el que su propio canal decidi\u00f3 reaccionar. LN+, que desde hace a\u00f1os se dedica a construir un discurso de odio constante contra el kirchnerismo, decidi\u00f3 cortar por lo sano, solt\u00e1ndole la mano al cronista. \u201cEstaba demasiado expuesto\u201d, dijeron puertas adentro, como si esa fuera una raz\u00f3n suficiente en un medio que expone a sus trabajadores al l\u00edmite cada d\u00eda con consignas m\u00e1s propias del panfleto pol\u00edtico que del periodismo profesional.<\/p>\n\n\n\n<p>La contradicci\u00f3n es evidente: \u00bfc\u00f3mo puede un canal que editorializa abiertamente a favor de la condena contra la ex presidenta sancionar a uno de sus empleados por manifestar esa misma alegr\u00eda? La respuesta es tan pol\u00edtica como medi\u00e1tica. D\u00edaz Cueto se pas\u00f3 de rosca, y no porque su pensamiento difiriera del de sus jefes, sino porque lo expres\u00f3 de manera burda, caricaturesca, sin filtro. Es decir, porque dijo en voz alta lo que muchos en ese canal s\u00f3lo insin\u00faan con gui\u00f1os c\u00f3mplices y titulares venenosos.<\/p>\n\n\n\n<p>El periodista \u00c1ngel de Brito, que dio la primicia del despido, fue m\u00e1s claro a\u00fan: \u201cLo echaron por su ideolog\u00eda\u201d. Y remat\u00f3 se\u00f1alando que D\u00edaz Cueto era \u201cmucho m\u00e1s picante\u201d incluso que sus compa\u00f1eros, con ataques abiertos contra kirchneristas y un estilo confrontativo que, hasta hace muy poco, era su marca registrada en el programa de Horacio Cabak. Aparentemente, ese tono dej\u00f3 de convenirle al canal justo cuando la exposici\u00f3n medi\u00e1tica del caso pod\u00eda empezar a incomodar. \u00bfCinismo? \u00bfDa\u00f1o controlado? \u00bfAutocensura? Tal vez todo eso junto.<\/p>\n\n\n\n<p>Julieta Argenta, otra periodista del medio, fue incluso m\u00e1s brutal. Revel\u00f3 que \u201cya lo ven\u00edan teniendo montado en un huevo\u201d, por distintos errores cometidos por D\u00edaz Cueto, incluyendo un incidente de hackeo de su celular que dej\u00f3 expuesto contenido sensible. Al parecer, el festejo con champagne no fue el motivo principal, sino la gota que rebals\u00f3 un vaso colmado de tensiones internas. Pero entonces, \u00bfpor qu\u00e9 simular que el despido fue una decisi\u00f3n \u00e9tica o profesional? \u00bfNo ser\u00eda m\u00e1s honesto decir que, para evitar un esc\u00e1ndalo mayor, prefirieron cortar el hilo por lo m\u00e1s delgado?<\/p>\n\n\n\n<p>El trasfondo es revelador y preocupante. El periodismo argentino \u2014o al menos una parte de \u00e9l\u2014 ha renunciado a la cr\u00edtica honesta para convertirse en un aparato de propaganda constante. Cuando la l\u00ednea editorial se vuelve dogma, cualquier gesto que no est\u00e9 calculado al mil\u00edmetro puede volverse un boomerang. D\u00edaz Cueto, que no hizo otra cosa que actuar como el medio le ense\u00f1\u00f3, termin\u00f3 devorado por el mismo monstruo que ayud\u00f3 a alimentar.<\/p>\n\n\n\n<p>El periodista intent\u00f3 defenderse. Dijo que su familia \u201cla pas\u00f3 p\u00e9simo con el kirchnerismo\u201d, que su rol es el de un \u201chumorista pol\u00edtico\u201d y que en la calle es otra persona. La apelaci\u00f3n a lo personal, sin embargo, suena casi ingenua en un entorno donde lo personal es siempre pol\u00edtico y cada movimiento en redes se mide con la vara de la conveniencia. D\u00edaz Cueto fue \u00fatil hasta que dej\u00f3 de serlo. Fue funcional hasta que su funcionalidad se volvi\u00f3 un problema. El aparato lo escupi\u00f3 como escupe a tantos otros cuando ya no sirven a sus intereses.<\/p>\n\n\n\n<p>En paralelo, el episodio revela una hipocres\u00eda estructural que atraviesa el ecosistema medi\u00e1tico argentino. \u00bfDesde cu\u00e1ndo LN+ se preocupa por el decoro de sus figuras cuando se trata de atacar al kirchnerismo? \u00bfCu\u00e1ntas veces hemos visto a periodistas de esa se\u00f1al deslizar acusaciones grav\u00edsimas sin pruebas, usar lenguaje soez, operar pol\u00edticamente desde sus editoriales? Pero claro, cuando la sobreactuaci\u00f3n amenaza con volverse meme, cuando el show se les escapa de las manos, el problema no es el discurso, sino el mensajero.<\/p>\n\n\n\n<p>Mientras tanto, Cristina Kirchner, condenada pero en libertad domiciliaria, sigue siendo el centro del odio y el amor de un pa\u00eds partido en dos. Afuera de su casa, militantes la acompa\u00f1an cada d\u00eda, reafirmando que, m\u00e1s all\u00e1 de las operaciones, la ex presidenta sigue siendo un actor pol\u00edtico de peso. Lo que suceda con su futuro judicial o electoral es a\u00fan incierto, pero lo que s\u00ed est\u00e1 claro es que, incluso condenada, genera m\u00e1s movimiento pol\u00edtico y medi\u00e1tico que cualquier otra figura.<\/p>\n\n\n\n<p>D\u00edaz Cueto ya encontr\u00f3 un nuevo refugio en Laca Stream y continuar\u00e1 colaborando con Cabak, pero el mensaje de su despido es claro y brutal: en los medios hegem\u00f3nicos no hay lugar para la espontaneidad, ni siquiera cuando esa espontaneidad es congruente con el discurso dominante. El que se mueve, no sale en la foto. O peor: el que se mueve, se va a la calle.<\/p>\n\n\n\n<p>El caso D\u00edaz Cueto no es una an\u00e9cdota menor. Es un s\u00edntoma de c\u00f3mo funciona hoy la maquinaria comunicacional de la derecha argentina. Una maquinaria aceitada, eficiente, pero profundamente hip\u00f3crita. Que celebra la condena, pero no tolera que el festejo se vuelva demasiado evidente. Que enarbola la bandera de la libertad de expresi\u00f3n mientras aplica censura interna con mano de hierro. Que no se sonroja en su parcialidad, pero castiga la desmesura que revela el verdadero rostro del monstruo que construy\u00f3.<\/p>\n\n\n\n<p>El periodismo no est\u00e1 en crisis por los medios. Est\u00e1 en crisis porque dej\u00f3 de ser periodismo.<\/p>\n\n\n\n<p>Fuentes:<\/p>\n\n\n\n<ul class=\"wp-block-list\">\n<li><a href=\"https:\/\/www.eldestapeweb.com\/atr\/television\/echaron-a-un-periodista-de-ln-que-festejo-la-condena-de-cristina-2025612212019\">https:\/\/www.eldestapeweb.com\/atr\/television\/echaron-a-un-periodista-de-ln-que-festejo-la-condena-de-cristina-2025612212019<\/a><\/li>\n\n\n\n<li><a href=\"https:\/\/noticiasargentinas.com\/espectaculos\/echaron-a-un-periodista-de-la-nacion--por-celebrar-la-condena-contra-cristina-kirchner_a684b825f6a50ddff5ffcfda2\">https:\/\/noticiasargentinas.com\/espectaculos\/echaron-a-un-periodista-de-la-nacion&#8211;por-celebrar-la-condena-contra-cristina-kirchner_a684b825f6a50ddff5ffcfda2<\/a><\/li>\n<\/ul>\n","protected":false},"excerpt":{"rendered":"<p>Tom\u00e1s D\u00edaz Cueto fue despedido de LN+ por celebrar la condena a Cristina Kirchner. El canal, faro del discurso antikirchnerista, lo expuls\u00f3 por \u201cexponerse demasiado\u201d. El episodio revela la hipocres\u00eda de un periodismo que clama libertad de expresi\u00f3n mientras censura a sus propios soldados cuando el show se vuelve incontrolable.<\/p>\n","protected":false},"author":1,"featured_media":5154,"comment_status":"open","ping_status":"open","sticky":false,"template":"","format":"standard","meta":{"_monsterinsights_skip_tracking":false,"_monsterinsights_sitenote_active":false,"_monsterinsights_sitenote_note":"","_monsterinsights_sitenote_category":0,"footnotes":"","jetpack_publicize_message":"\ud83c\udfad Lo echaron por hacer lo que su canal predica. Festej\u00f3 la condena a CFK y La Naci\u00f3n+ lo ech\u00f3 por \u201cexceso de exposici\u00f3n\u201d. \u00bfCensura, hipocres\u00eda o solo se les fue de las manos el show?","jetpack_publicize_feature_enabled":true,"jetpack_social_post_already_shared":false,"jetpack_social_options":{"image_generator_settings":{"template":"highway","default_image_id":0,"enabled":false},"version":2}},"categories":[4],"tags":[504,1298,835,87,1592,927,1629,178,45,1343],"class_list":["post-5148","post","type-post","status-publish","format-standard","has-post-thumbnail","hentry","category-sociedad","tag-censura","tag-comunicacion","tag-condena","tag-cristina","tag-derecha","tag-hipocresia","tag-ln","tag-medios","tag-milei","tag-periodismo"],"jetpack_publicize_connections":[],"_links":{"self":[{"href":"https:\/\/www.enorsai.com\/noticias\/wp-json\/wp\/v2\/posts\/5148","targetHints":{"allow":["GET"]}}],"collection":[{"href":"https:\/\/www.enorsai.com\/noticias\/wp-json\/wp\/v2\/posts"}],"about":[{"href":"https:\/\/www.enorsai.com\/noticias\/wp-json\/wp\/v2\/types\/post"}],"author":[{"embeddable":true,"href":"https:\/\/www.enorsai.com\/noticias\/wp-json\/wp\/v2\/users\/1"}],"replies":[{"embeddable":true,"href":"https:\/\/www.enorsai.com\/noticias\/wp-json\/wp\/v2\/comments?post=5148"}],"version-history":[{"count":1,"href":"https:\/\/www.enorsai.com\/noticias\/wp-json\/wp\/v2\/posts\/5148\/revisions"}],"predecessor-version":[{"id":5149,"href":"https:\/\/www.enorsai.com\/noticias\/wp-json\/wp\/v2\/posts\/5148\/revisions\/5149"}],"wp:featuredmedia":[{"embeddable":true,"href":"https:\/\/www.enorsai.com\/noticias\/wp-json\/wp\/v2\/media\/5154"}],"wp:attachment":[{"href":"https:\/\/www.enorsai.com\/noticias\/wp-json\/wp\/v2\/media?parent=5148"}],"wp:term":[{"taxonomy":"category","embeddable":true,"href":"https:\/\/www.enorsai.com\/noticias\/wp-json\/wp\/v2\/categories?post=5148"},{"taxonomy":"post_tag","embeddable":true,"href":"https:\/\/www.enorsai.com\/noticias\/wp-json\/wp\/v2\/tags?post=5148"}],"curies":[{"name":"wp","href":"https:\/\/api.w.org\/{rel}","templated":true}]}}