{"id":5147,"date":"2025-06-12T18:22:20","date_gmt":"2025-06-12T21:22:20","guid":{"rendered":"https:\/\/www.enorsai.com\/noticias\/sociedad\/todosconcristina-la-militancia-en-las-calles-para-frenar-la-proscripcion\/"},"modified":"2025-06-12T18:22:20","modified_gmt":"2025-06-12T21:22:20","slug":"todosconcristina-la-militancia-en-las-calles-para-frenar-la-proscripcion","status":"publish","type":"post","link":"https:\/\/www.enorsai.com\/noticias\/sociedad\/todosconcristina-la-militancia-en-las-calles-para-frenar-la-proscripcion\/","title":{"rendered":"#TodosConCristina: la militancia en las calles para frenar la proscripci\u00f3n"},"content":{"rendered":"\n<p>Mientras los grandes medios reproducen en cadena la condena judicial contra Cristina Fern\u00e1ndez de Kirchner, desde abajo y con la potencia de siempre, la militancia peronista volvi\u00f3 a ocupar las calles y las redes sociales. Lo que muchos quieren instalar como el final pol\u00edtico de la dos veces presidenta, la base lo est\u00e1 transformando en una nueva causa nacional.<br><br>De la bronca a la acci\u00f3n<br><br>Apenas se conoci\u00f3 la ratificaci\u00f3n del fallo en la \u201cCausa Vialidad\u201d \u2014que la condena a seis a\u00f1os de prisi\u00f3n e inhabilitaci\u00f3n perpetua para ejercer cargos p\u00fablicos\u2014 comenzaron las reacciones. No fueron tibias. No fueron aisladas. Fueron miles en todo el pa\u00eds quienes entendieron que esto no es una sentencia judicial: es una proscripci\u00f3n.<br><br>En Constituci\u00f3n, la casa de Cristina se volvi\u00f3 nuevamente un epicentro pol\u00edtico. Cientos de personas se acercaron en vigilia. Muchos pasaron la noche. J\u00f3venes con bombos, jubiladas con carteles, trabajadores con banderas. En las pancartas se le\u00eda \u201cTodos con Cristina\u201d, \u201cNo a la proscripci\u00f3n\u201d, \u201cDefenderla es defendernos\u201d.<br><br>El eco se multiplic\u00f3 r\u00e1pidamente. C\u00f3rdoba, Rosario, Tandil, Tucum\u00e1n, Salta, La Plata: en cada rinc\u00f3n del pa\u00eds se replic\u00f3 el mismo mensaje. La CGT regional, la CTA, la UTEP, sindicatos de base, centros de estudiantes y agrupaciones barriales organizaron concentraciones, actos y marchas con una consigna clara: \u201cCon proscripci\u00f3n no hay democracia\u201d.<\/p>\n\n\n\n<figure class=\"wp-block-embed is-type-rich is-provider-twitter wp-block-embed-twitter\"><div class=\"wp-block-embed__wrapper\">\n<blockquote class=\"twitter-tweet\" data-width=\"550\" data-dnt=\"true\"><p lang=\"es\" dir=\"ltr\">Este pa\u00eds es un quilombo y todo porque ten\u00edan miedo de competir en las urnas contra una candidata <a href=\"https:\/\/t.co\/OUQRkdYjGr\">pic.twitter.com\/OUQRkdYjGr<\/a><\/p>&mdash; Arrepentidos de Milei (@ArrepentidosLLA) <a href=\"https:\/\/twitter.com\/ArrepentidosLLA\/status\/1933272658201706956?ref_src=twsrc%5Etfw\">June 12, 2025<\/a><\/blockquote><script async src=\"https:\/\/platform.twitter.com\/widgets.js\" charset=\"utf-8\"><\/script>\n<\/div><\/figure>\n\n\n\n<p><br><br>Las redes, una plaza digital movilizada<br><br>Lo que pasa en la calle encuentra su espejo en las redes. El hashtag #TodosConCristina escal\u00f3 r\u00e1pidamente entre las tendencias nacionales. En TikTok, j\u00f3venes militantes subieron videos invitando a la vigilia frente a su domicilio. En Instagram, se difundieron convocatorias con est\u00e9tica peronista y clima de resistencia. En Twitter, el repudio al fallo se combin\u00f3 con an\u00e1lisis jur\u00eddicos, denuncias de lawfare y llamados a no ceder ni un cent\u00edmetro frente al intento de excluirla de la arena pol\u00edtica.<br><br>Hay una convicci\u00f3n extendida: Cristina no est\u00e1 sola. Y la historia no se borra con sentencias judiciales redactadas a medida del poder econ\u00f3mico y sus operadores togados.<br><br>Los sindicatos, en alerta<br><br>La Asociaci\u00f3n Bancaria, la UOM, ATE y otros gremios ya advirtieron que si se intenta detener a Cristina o impedir su participaci\u00f3n pol\u00edtica, se podr\u00eda convocar a un paro nacional. No es una amenaza vac\u00eda: hay estructuras en pie, capacidad de movilizaci\u00f3n y un enojo acumulado que est\u00e1 tocando un punto de ebullici\u00f3n.<br><br>\u201cLa proscripci\u00f3n no se negocia, se enfrenta y se rompe\u201d, fue la consigna que m\u00e1s se escuch\u00f3 en la marcha de Tandil, acompa\u00f1ada por un documento firmado por decenas de agrupaciones. La misma frase apareci\u00f3 en volantes, banderas y publicaciones virales en redes sociales.<br><br>\u00bfQu\u00e9 est\u00e1 pasando en realidad?<br><br>Lo que est\u00e1 ocurriendo no es una reacci\u00f3n espont\u00e1nea ni una efusi\u00f3n emocional. Es una respuesta pol\u00edtica organizada frente a una ofensiva judicial que busca desarticular la figura m\u00e1s influyente del peronismo en las \u00faltimas dos d\u00e9cadas.<br><br>Pero tambi\u00e9n es un mensaje claro hacia dentro del movimiento: Cristina sigue siendo el faro, incluso cuando el sistema judicial \u2014aplaudido por los sectores m\u00e1s reaccionarios del pa\u00eds\u2014 la quiere silenciar. La imagen que se proyecta en estas horas es potente: ella como proscripta, el pueblo como escudo. Ella como blanco de la casta, el pueblo como resistencia.<br><br>Un dato no menor<br><br>La reacci\u00f3n popular ante la condena vuelve a poner sobre la mesa algo que algunos daban por terminado: el peronismo de base sigue vivo, activo y dispuesto a luchar. No por nostalgia, sino porque entiende que sin Cristina no hay representaci\u00f3n real de los intereses populares.<br><br>La movilizaci\u00f3n en su defensa no es un acto de culto, es una defensa concreta de una historia pol\u00edtica que garantiz\u00f3 derechos, salarios dignos, inclusi\u00f3n social y soberan\u00eda nacional. Lo que est\u00e1 en juego no es solo su futuro pol\u00edtico, sino el de millones que saben que cuando Cristina estuvo en el poder, la vida fue mejor.<\/p>\n","protected":false},"excerpt":{"rendered":"<p>Mientras los grandes medios reproducen en cadena la condena judicial contra Cristina Fern\u00e1ndez de Kirchner, desde abajo y con la potencia de siempre, la militancia peronista volvi\u00f3 a ocupar las calles y las redes sociales. Lo que muchos quieren instalar como el final pol\u00edtico de la dos veces presidenta, la base lo est\u00e1 transformando en&#8230;<\/p>\n","protected":false},"author":1,"featured_media":5146,"comment_status":"open","ping_status":"open","sticky":false,"template":"","format":"standard","meta":{"_monsterinsights_skip_tracking":false,"_monsterinsights_sitenote_active":false,"_monsterinsights_sitenote_note":"","_monsterinsights_sitenote_category":0,"footnotes":"","jetpack_publicize_message":"","jetpack_publicize_feature_enabled":true,"jetpack_social_post_already_shared":true,"jetpack_social_options":{"image_generator_settings":{"template":"highway","default_image_id":0,"font":"","enabled":false},"version":2}},"categories":[4],"tags":[],"class_list":["post-5147","post","type-post","status-publish","format-standard","has-post-thumbnail","hentry","category-sociedad"],"jetpack_publicize_connections":[],"_links":{"self":[{"href":"https:\/\/www.enorsai.com\/noticias\/wp-json\/wp\/v2\/posts\/5147","targetHints":{"allow":["GET"]}}],"collection":[{"href":"https:\/\/www.enorsai.com\/noticias\/wp-json\/wp\/v2\/posts"}],"about":[{"href":"https:\/\/www.enorsai.com\/noticias\/wp-json\/wp\/v2\/types\/post"}],"author":[{"embeddable":true,"href":"https:\/\/www.enorsai.com\/noticias\/wp-json\/wp\/v2\/users\/1"}],"replies":[{"embeddable":true,"href":"https:\/\/www.enorsai.com\/noticias\/wp-json\/wp\/v2\/comments?post=5147"}],"version-history":[{"count":0,"href":"https:\/\/www.enorsai.com\/noticias\/wp-json\/wp\/v2\/posts\/5147\/revisions"}],"wp:featuredmedia":[{"embeddable":true,"href":"https:\/\/www.enorsai.com\/noticias\/wp-json\/wp\/v2\/media\/5146"}],"wp:attachment":[{"href":"https:\/\/www.enorsai.com\/noticias\/wp-json\/wp\/v2\/media?parent=5147"}],"wp:term":[{"taxonomy":"category","embeddable":true,"href":"https:\/\/www.enorsai.com\/noticias\/wp-json\/wp\/v2\/categories?post=5147"},{"taxonomy":"post_tag","embeddable":true,"href":"https:\/\/www.enorsai.com\/noticias\/wp-json\/wp\/v2\/tags?post=5147"}],"curies":[{"name":"wp","href":"https:\/\/api.w.org\/{rel}","templated":true}]}}