{"id":5141,"date":"2025-06-12T17:44:21","date_gmt":"2025-06-12T20:44:21","guid":{"rendered":"https:\/\/www.enorsai.com\/noticias\/uncategorized\/tension-en-las-rutas-cortes-en-moreno-y-panamericana-tras-el-fallo-contra-cristina-kirchner\/"},"modified":"2025-06-12T17:55:33","modified_gmt":"2025-06-12T20:55:33","slug":"tension-en-las-rutas-cortes-en-moreno-y-panamericana-tras-el-fallo-contra-cristina-kirchner","status":"publish","type":"post","link":"https:\/\/www.enorsai.com\/noticias\/sociedad\/tension-en-las-rutas-cortes-en-moreno-y-panamericana-tras-el-fallo-contra-cristina-kirchner\/","title":{"rendered":"Tensi\u00f3n en las rutas: cortes en Moreno y Panamericana tras el fallo contra Cristina Kirchner"},"content":{"rendered":"\n<p>Organizaciones sindicales y movimientos sociales salieron a la calle en defensa de la exmandataria, denunciando persecuci\u00f3n judicial y reclamando el cese del lawfare. La Panamericana, el Acceso Oeste y m\u00faltiples accesos clave del conurbano se vieron bloqueados durante la tarde.<br \/><br \/>En una jornada marcada por la bronca y la resistencia popular, este mi\u00e9rcoles se registraron importantes cortes de ruta en la Panamericana, Moreno y otros accesos del AMBA, en respuesta a la confirmaci\u00f3n del fallo contra Cristina Fern\u00e1ndez de Kirchner por la Corte Suprema. La reacci\u00f3n no se hizo esperar: sindicatos, movimientos sociales y organizaciones pol\u00edticas coparon las calles para denunciar lo que consideran un nuevo cap\u00edtulo del lawfare contra la l\u00edder del peronismo.<\/p>\n\n\n\n<p><br \/><br \/>\ud83d\udccd Panamericana paralizada<br \/><br \/>Uno de los puntos m\u00e1s cr\u00edticos fue la Panamericana, a la altura del puente Henry Ford y la estaci\u00f3n de servicio YPF de Pacheco. All\u00ed, militantes de SMATA, delegaciones de la CGT, el Movimiento Evita y agrupaciones estudiantiles cortaron ambos sentidos del tr\u00e1nsito durante varias horas. Si bien Gendarmer\u00eda Nacional intervino cerca de las 17 hs, la congesti\u00f3n vehicular se mantuvo durante toda la tarde.<br \/><br \/>En paralelo, tambi\u00e9n hubo protestas en el Ramal Pilar, con columnas que descendieron desde Jos\u00e9 C. Paz y San Miguel.<\/p>\n\n\n\n<figure class=\"wp-block-embed is-type-rich is-provider-twitter wp-block-embed-twitter\"><div class=\"wp-block-embed__wrapper\">\nhttps:\/\/twitter.com\/NicoWhite81\/status\/1933246350444949565?t=pAj3xDxknMAeMnSuPcieDQ&#038;s=19\n<\/div><\/figure>\n\n\n\n<p><br \/><br \/>\ud83d\uded1 Moreno: corte total en Ruta 23 y Av. Vergara<br \/><br \/>En el partido de Moreno, foco de organizaci\u00f3n territorial del kirchnerismo, se instal\u00f3 otro corte clave sobre Ruta 23 y Av. Vergara, donde vecinos y agrupaciones sociales interrumpieron completamente el tr\u00e1nsito. Con banderas, bombos y carteles que rezaban \u201cCristina es el pueblo\u201d y \u201cBasta de jueces mafiosos\u201d, la protesta se mantuvo activa y pac\u00edfica, aunque con fuerte presencia policial en los alrededores.<\/p>\n\n\n\n<figure class=\"wp-block-embed is-type-rich is-provider-twitter wp-block-embed-twitter\"><div class=\"wp-block-embed__wrapper\">\n<blockquote class=\"twitter-tweet\" data-width=\"550\" data-dnt=\"true\"><p lang=\"es\" dir=\"ltr\">Corte en la ruta 197 en la intersecci\u00f3n con la Panamericana, contra el fallo proscriptivo de la condena a Cristina Kirchner. <a href=\"https:\/\/t.co\/m35YhIUcRL\">pic.twitter.com\/m35YhIUcRL<\/a><\/p>&mdash; La Izquierda Diario (@izquierdadiario) <a href=\"https:\/\/twitter.com\/izquierdadiario\/status\/1933264566584029652?ref_src=twsrc%5Etfw\">June 12, 2025<\/a><\/blockquote><script async src=\"https:\/\/platform.twitter.com\/widgets.js\" charset=\"utf-8\"><\/script>\n<\/div><\/figure>\n\n\n\n<p><br \/><br \/>\ud83d\udea7 Otros puntos de conflicto<br \/><br \/>Adem\u00e1s de Panamericana y Moreno, se registraron cortes simult\u00e1neos en:<br \/><br \/>Autopista Buenos Aires\u2013La Plata, entre Wilde y Bernal, con quema de neum\u00e1ticos.<br \/><br \/>Acceso Oeste a la altura del Camino del Buen Ayre.<br \/><br \/>Zona norte: UNSAM y cruce con Ruta 197, con fuerte presencia de estudiantes y trabajadores.<br \/><br \/><br \/>En total, se reportaron m\u00e1s de 15 focos de protesta en el conurbano bonaerense y accesos a CABA, seg\u00fan informaci\u00f3n relevada en redes sociales y medios locales.<\/p>\n\n\n\n<figure class=\"wp-block-embed is-type-rich is-provider-twitter wp-block-embed-twitter\"><div class=\"wp-block-embed__wrapper\">\n<blockquote class=\"twitter-tweet\" data-width=\"550\" data-dnt=\"true\"><p lang=\"es\" dir=\"ltr\">AHORA | CORTES Y PROTESTAS CONTRA LA PROSCRIPCI\u00d3N A CRISTINA.<br><br>\ud83d\udccdCruce Varela, Autopista BsAs-LP (altura Quilmes), Acceso Oeste y R . 23, 25 de Mayo y Gral Paz, Km 35, USAM, Panamericana y 197. <a href=\"https:\/\/t.co\/nUiGXB9wsw\">pic.twitter.com\/nUiGXB9wsw<\/a><\/p>&mdash; Uni\u00f3n por las Redes (@unionxlasredes) <a href=\"https:\/\/twitter.com\/unionxlasredes\/status\/1933264468806385751?ref_src=twsrc%5Etfw\">June 12, 2025<\/a><\/blockquote><script async src=\"https:\/\/platform.twitter.com\/widgets.js\" charset=\"utf-8\"><\/script>\n<\/div><\/figure>\n\n\n\n<p><br><br>\u270a \u00bfQui\u00e9nes convocaron?<br><br>Las movilizaciones fueron impulsadas por:<br><br>Sindicatos: SMATA, UOM, docentes universitarios y la CTA-T.<br><br>Organizaciones sociales: Movimiento Evita, Barrios de Pie, La Dignidad.<br><br>Agrupaciones pol\u00edticas: La C\u00e1mpora, Frente Patria Grande, Peronismo Militante.<br><br><br>El mensaje fue un\u00edvoco: \u00abEl fallo es pol\u00edtico. Cristina no est\u00e1 sola\u00bb.<\/p>\n\n\n\n<p><br \/><br \/>\ud83d\udce2 Contexto: el fallo que encendi\u00f3 la mecha<br \/><br \/>La Corte Suprema ratific\u00f3 este martes la condena a 6 a\u00f1os de prisi\u00f3n e inhabilitaci\u00f3n perpetua contra Cristina Kirchner en la causa Vialidad. La resoluci\u00f3n, que algunos juristas se\u00f1alan como \u201cforzada e inconsistente\u201d, se produjo en medio de un escenario de alta tensi\u00f3n social y econ\u00f3mica, con una gesti\u00f3n nacional que busca avanzar sobre derechos laborales, educaci\u00f3n y pol\u00edticas redistributivas.<br \/><br \/>Los manifestantes lo tienen claro: no se trata solo de un fallo, sino de un mensaje disciplinador a todo el campo popular.<br \/><br \/>\u23f3 Lo que viene<br \/><br \/>La jornada de protesta continuar\u00e1 con una vigilia frente a Comodoro Py desde las 18 hs, y se prev\u00e9 un acampe durante la madrugada. Tambi\u00e9n hay convocatorias para el viernes en Plaza de Mayo y actos simult\u00e1neos en Rosario, C\u00f3rdoba y Mendoza.<br \/><br \/><br \/>\ud83d\udcac Cristina, la pol\u00edtica y el pueblo<br \/><br \/>Una vez m\u00e1s, el poder judicial aparece como herramienta de disciplinamiento pol\u00edtico, con una sentencia que golpea al coraz\u00f3n del movimiento popular. Pero la calle respondi\u00f3, y lo hizo con fuerza.<br \/><br \/>En tiempos de ajuste, represi\u00f3n y concentraci\u00f3n del poder econ\u00f3mico, la persecuci\u00f3n a Cristina Kirchner no es un hecho aislado: es parte del mismo proyecto que quiere arrasar con los derechos conquistados.<br \/><br \/>La respuesta empieza a gestarse desde abajo. Las rutas hablan.<br \/><br \/><br \/><\/p>\n","protected":false},"excerpt":{"rendered":"<p>Organizaciones sindicales y movimientos sociales salieron a la calle en defensa de la exmandataria, denunciando persecuci\u00f3n judicial y reclamando el cese del lawfare. La Panamericana, el Acceso Oeste y m\u00faltiples accesos clave del conurbano se vieron bloqueados durante la tarde. En una jornada marcada por la bronca y la resistencia popular, este mi\u00e9rcoles se registraron&#8230;<\/p>\n","protected":false},"author":1,"featured_media":5140,"comment_status":"open","ping_status":"open","sticky":false,"template":"","format":"standard","meta":{"_monsterinsights_skip_tracking":false,"_monsterinsights_sitenote_active":false,"_monsterinsights_sitenote_note":"","_monsterinsights_sitenote_category":0,"footnotes":"","jetpack_publicize_message":"","jetpack_publicize_feature_enabled":true,"jetpack_social_post_already_shared":true,"jetpack_social_options":{"image_generator_settings":{"template":"highway","default_image_id":0,"font":"","enabled":false},"version":2}},"categories":[4],"tags":[],"class_list":["post-5141","post","type-post","status-publish","format-standard","has-post-thumbnail","hentry","category-sociedad"],"jetpack_publicize_connections":[],"_links":{"self":[{"href":"https:\/\/www.enorsai.com\/noticias\/wp-json\/wp\/v2\/posts\/5141","targetHints":{"allow":["GET"]}}],"collection":[{"href":"https:\/\/www.enorsai.com\/noticias\/wp-json\/wp\/v2\/posts"}],"about":[{"href":"https:\/\/www.enorsai.com\/noticias\/wp-json\/wp\/v2\/types\/post"}],"author":[{"embeddable":true,"href":"https:\/\/www.enorsai.com\/noticias\/wp-json\/wp\/v2\/users\/1"}],"replies":[{"embeddable":true,"href":"https:\/\/www.enorsai.com\/noticias\/wp-json\/wp\/v2\/comments?post=5141"}],"version-history":[{"count":4,"href":"https:\/\/www.enorsai.com\/noticias\/wp-json\/wp\/v2\/posts\/5141\/revisions"}],"predecessor-version":[{"id":5145,"href":"https:\/\/www.enorsai.com\/noticias\/wp-json\/wp\/v2\/posts\/5141\/revisions\/5145"}],"wp:featuredmedia":[{"embeddable":true,"href":"https:\/\/www.enorsai.com\/noticias\/wp-json\/wp\/v2\/media\/5140"}],"wp:attachment":[{"href":"https:\/\/www.enorsai.com\/noticias\/wp-json\/wp\/v2\/media?parent=5141"}],"wp:term":[{"taxonomy":"category","embeddable":true,"href":"https:\/\/www.enorsai.com\/noticias\/wp-json\/wp\/v2\/categories?post=5141"},{"taxonomy":"post_tag","embeddable":true,"href":"https:\/\/www.enorsai.com\/noticias\/wp-json\/wp\/v2\/tags?post=5141"}],"curies":[{"name":"wp","href":"https:\/\/api.w.org\/{rel}","templated":true}]}}