{"id":5134,"date":"2025-06-12T09:29:53","date_gmt":"2025-06-12T12:29:53","guid":{"rendered":"https:\/\/www.enorsai.com\/noticias\/?p=5134"},"modified":"2025-06-12T10:15:44","modified_gmt":"2025-06-12T13:15:44","slug":"el-show-del-odio-de-jonatan-viale-cuando-el-periodismo-se-convierte-en-provocacion-politica","status":"publish","type":"post","link":"https:\/\/www.enorsai.com\/noticias\/politica\/el-show-del-odio-de-jonatan-viale-cuando-el-periodismo-se-convierte-en-provocacion-politica\/","title":{"rendered":"El show del odio de Jonatan Viale: cuando el \u201cperiodismo\u201d se convierte en provocaci\u00f3n pol\u00edtica"},"content":{"rendered":"\n<p>En el pa\u00eds del lawfare, donde la verdad suele ser menos importante que el espect\u00e1culo, el pseudoperiodista Jonatan Viale volvi\u00f3 a cruzar los l\u00edmites. Esta vez lo hizo con un gesto peque\u00f1o pero cargado de intenci\u00f3n: aparecer al aire en el canal de noticias TN, exhibiendo una taza que mostraba una frase tomada de la sentencia judicial contra Cristina Fern\u00e1ndez de Kirchner. Una taza, s\u00ed. Una taza como s\u00edmbolo del goce reaccionario, del odio encapsulado en merchandising, del discurso punitivista devenido souvenir de redacci\u00f3n.<\/p>\n\n\n\n<p>La imagen se volvi\u00f3 viral. En redes sociales no tardaron en aparecer las capturas, los posteos indignados, los aplausos de trolls libertarios y los repudios de militantes, periodistas y ciudadanos que a\u00fan creen en la democracia como disputa racional, no como escarnio permanente.<\/p>\n\n\n\n<p><\/p>\n\n\n\n<h3 class=\"wp-block-heading\">\u2615 \u00bfUna taza o un arma simb\u00f3lica?<\/h3>\n\n\n\n<p>La taza en cuesti\u00f3n no fue un descuido ni una casualidad. Fue un gesto deliberado, construido como mensaje pol\u00edtico disfrazado de iron\u00eda televisiva. Un objeto cotidiano convertido en dispositivo de disciplinamiento, una provocaci\u00f3n que sintetiza el modelo comunicacional de Viale: simplificaci\u00f3n brutal, espect\u00e1culo constante, y un odio direccionado contra todo lo que huela a peronismo, justicia social o memoria.<\/p>\n\n\n\n<p>Pero esto no es nuevo. Jonatan Viale viene construyendo hace a\u00f1os su carrera sobre un falso pedestal de objetividad mientras se convierte, cada vez m\u00e1s, en operador medi\u00e1tico de los sectores m\u00e1s reaccionarios. Su narrativa gira en torno a una Cristina demonizada, culpable de todo, incluso de lo que no se prueba. La taza no fue otra cosa que la versi\u00f3n decorativa del fallo judicial, un \u201csouvenir del odio\u201d.<\/p>\n\n\n\n<p><\/p>\n\n\n\n<h3 class=\"wp-block-heading\">\ud83d\udcfa Del periodismo al adoctrinamiento medi\u00e1tico<\/h3>\n\n\n\n<p>Mientras el gobierno de Javier Milei desmantela pol\u00edticas p\u00fablicas, destruye universidades, pulveriza salarios y subordina la soberan\u00eda nacional al capital financiero, el foco de Viale sigue clavado en CFK. No en los tarifazos, ni en el vaciamiento del CONICET, ni en los 35.4% de pobreza. No. Su cruzada es con Cristina, incluso cuando ya no est\u00e1 en el poder.<\/p>\n\n\n\n<p>En su af\u00e1n de \u201cmostrar la verdad\u201d, Viale se convierte en ejemplo vivo del doble est\u00e1ndar medi\u00e1tico: denuncia adoctrinamiento en las universidades pero hace propaganda en horario central. Se escandaliza por el \u201cgasto p\u00fablico\u201d mientras cobra suculentos honorarios desde una se\u00f1al sostenida por los negocios del Grupo La Naci\u00f3n y la pauta concentrada. Y ahora, con esta taza, consuma una puesta en escena donde el juicio a CFK se transforma en meme de escritorio.<\/p>\n\n\n\n<p><\/p>\n\n\n\n<h3 class=\"wp-block-heading\">\ud83d\udca5 Reacciones en redes y silencio en los medios hegem\u00f3nicos<\/h3>\n\n\n\n<p>Mientras portales como <em>El Destape<\/em>, <em>P\u00e1gina\/12<\/em> y <em>C5N<\/em> evitaron entrar en el juego, las redes sociales estallaron. El nombre de Jonatan Viale fue tendencia en X (ex Twitter) durante horas. Usuarios lo acusaron de banalizar el rol de la justicia, de convertir la persecuci\u00f3n pol\u00edtica en un \u201cchiste de taza\u201d, y de seguir azuzando la grieta como m\u00e9todo de supervivencia medi\u00e1tica.<\/p>\n\n\n\n<p>En contraste, el silencio del ecosistema medi\u00e1tico af\u00edn al oficialismo libertario fue ensordecedor. Ninguna autocr\u00edtica, ning\u00fan llamado a la moderaci\u00f3n. Para ellos, una taza con una sentencia es parte del \u201cshow de la libertad de expresi\u00f3n\u201d.<\/p>\n\n\n\n<p><\/p>\n\n\n\n<h3 class=\"wp-block-heading\">Un mensaje m\u00e1s profundo: el poder judicial como souvenir<\/h3>\n\n\n\n<p>Detr\u00e1s de la taza hay algo m\u00e1s grave: la naturalizaci\u00f3n de un Poder Judicial que no busca verdad ni justicia, sino venganza y disciplinamiento. Si una condena \u2014todav\u00eda apelable\u2014 se puede imprimir en cer\u00e1mica y poner al aire como si fuera una remera de banda de rock, entonces ya no estamos ante una rep\u00fablica, sino ante un r\u00e9gimen medi\u00e1tico-judicial que reduce el estado de derecho a propaganda.<\/p>\n\n\n\n<p>La \u201ctaza de Viale\u201d podr\u00eda estar en un stand de feria, junto a los gorros de LLA, las remeras con frases de Milei y los mates con el rostro de Macri. Es el s\u00edmbolo de una \u00e9poca donde el sentido com\u00fan se construye con operaciones, el periodismo se hace con acting y la justicia se imprime a color.<\/p>\n\n\n\n<p>Lo de Jonatan Viale no es periodismo: es militancia de derecha camuflada de objetividad. Es una ofensiva cultural que busca deshumanizar, ridiculizar y perseguir a quienes representan otro modelo de pa\u00eds. Su taza no es inocente: es un recordatorio de que el poder real no necesita uniformes ni tanques. Le alcanza con una c\u00e1mara, una pantalla, y ahora, una taza.<\/p>\n\n\n\n<p><\/p>\n","protected":false},"excerpt":{"rendered":"<p>En el pa\u00eds del lawfare, donde la verdad suele ser menos importante que el espect\u00e1culo, el pseudoperiodista Jonatan Viale volvi\u00f3 a cruzar los l\u00edmites. Esta vez lo hizo con un gesto peque\u00f1o pero cargado de intenci\u00f3n: aparecer al aire en el canal de noticias TN, exhibiendo una taza que mostraba una frase tomada de la&#8230;<\/p>\n","protected":false},"author":1,"featured_media":5135,"comment_status":"open","ping_status":"open","sticky":false,"template":"","format":"standard","meta":{"_monsterinsights_skip_tracking":false,"_monsterinsights_sitenote_active":false,"_monsterinsights_sitenote_note":"","_monsterinsights_sitenote_category":0,"footnotes":"","jetpack_publicize_message":"","jetpack_publicize_feature_enabled":true,"jetpack_social_post_already_shared":true,"jetpack_social_options":{"image_generator_settings":{"template":"highway","default_image_id":0,"font":"","enabled":false},"version":2}},"categories":[2],"tags":[],"class_list":["post-5134","post","type-post","status-publish","format-standard","has-post-thumbnail","hentry","category-politica"],"jetpack_publicize_connections":[],"_links":{"self":[{"href":"https:\/\/www.enorsai.com\/noticias\/wp-json\/wp\/v2\/posts\/5134","targetHints":{"allow":["GET"]}}],"collection":[{"href":"https:\/\/www.enorsai.com\/noticias\/wp-json\/wp\/v2\/posts"}],"about":[{"href":"https:\/\/www.enorsai.com\/noticias\/wp-json\/wp\/v2\/types\/post"}],"author":[{"embeddable":true,"href":"https:\/\/www.enorsai.com\/noticias\/wp-json\/wp\/v2\/users\/1"}],"replies":[{"embeddable":true,"href":"https:\/\/www.enorsai.com\/noticias\/wp-json\/wp\/v2\/comments?post=5134"}],"version-history":[{"count":3,"href":"https:\/\/www.enorsai.com\/noticias\/wp-json\/wp\/v2\/posts\/5134\/revisions"}],"predecessor-version":[{"id":5138,"href":"https:\/\/www.enorsai.com\/noticias\/wp-json\/wp\/v2\/posts\/5134\/revisions\/5138"}],"wp:featuredmedia":[{"embeddable":true,"href":"https:\/\/www.enorsai.com\/noticias\/wp-json\/wp\/v2\/media\/5135"}],"wp:attachment":[{"href":"https:\/\/www.enorsai.com\/noticias\/wp-json\/wp\/v2\/media?parent=5134"}],"wp:term":[{"taxonomy":"category","embeddable":true,"href":"https:\/\/www.enorsai.com\/noticias\/wp-json\/wp\/v2\/categories?post=5134"},{"taxonomy":"post_tag","embeddable":true,"href":"https:\/\/www.enorsai.com\/noticias\/wp-json\/wp\/v2\/tags?post=5134"}],"curies":[{"name":"wp","href":"https:\/\/api.w.org\/{rel}","templated":true}]}}